{"id":817,"date":"2012-04-30T23:55:00","date_gmt":"2012-04-30T21:55:00","guid":{"rendered":"https:\/\/loeben.net\/blog\/?p=817"},"modified":"2024-05-03T10:30:29","modified_gmt":"2024-05-03T08:30:29","slug":"nrw-umweltdaten-vor-ort","status":"publish","type":"post","link":"https:\/\/loeben.net\/blog\/nrw-umweltdaten-vor-ort\/","title":{"rendered":"NRW Umweltdaten vor Ort"},"content":{"rendered":"\n<div id=\"ez-toc-container\" class=\"ez-toc-v2_0_82_2 ez-toc-wrap-left counter-hierarchy ez-toc-counter ez-toc-grey ez-toc-container-direction\">\n<div class=\"ez-toc-title-container\">\n<p class=\"ez-toc-title\" style=\"cursor:inherit\">Inhalt<\/p>\n<span class=\"ez-toc-title-toggle\"><a href=\"#\" class=\"ez-toc-pull-right ez-toc-btn ez-toc-btn-xs ez-toc-btn-default ez-toc-toggle\" aria-label=\"Toggle Table of Content\"><span class=\"ez-toc-js-icon-con\"><span class=\"\"><span class=\"eztoc-hide\" style=\"display:none;\">Toggle<\/span><span class=\"ez-toc-icon-toggle-span\"><svg style=\"fill: #999;color:#999\" xmlns=\"http:\/\/www.w3.org\/2000\/svg\" class=\"list-377408\" width=\"20px\" height=\"20px\" viewBox=\"0 0 24 24\" fill=\"none\"><path d=\"M6 6H4v2h2V6zm14 0H8v2h12V6zM4 11h2v2H4v-2zm16 0H8v2h12v-2zM4 16h2v2H4v-2zm16 0H8v2h12v-2z\" fill=\"currentColor\"><\/path><\/svg><svg style=\"fill: #999;color:#999\" class=\"arrow-unsorted-368013\" xmlns=\"http:\/\/www.w3.org\/2000\/svg\" width=\"10px\" height=\"10px\" viewBox=\"0 0 24 24\" version=\"1.2\" baseProfile=\"tiny\"><path d=\"M18.2 9.3l-6.2-6.3-6.2 6.3c-.2.2-.3.4-.3.7s.1.5.3.7c.2.2.4.3.7.3h11c.3 0 .5-.1.7-.3.2-.2.3-.5.3-.7s-.1-.5-.3-.7zM5.8 14.7l6.2 6.3 6.2-6.3c.2-.2.3-.5.3-.7s-.1-.5-.3-.7c-.2-.2-.4-.3-.7-.3h-11c-.3 0-.5.1-.7.3-.2.2-.3.5-.3.7s.1.5.3.7z\"\/><\/svg><\/span><\/span><\/span><\/a><\/span><\/div>\n<nav><ul class='ez-toc-list ez-toc-list-level-1 eztoc-toggle-hide-by-default' ><li class='ez-toc-page-1 ez-toc-heading-level-1'><a class=\"ez-toc-link ez-toc-heading-1\" href=\"https:\/\/loeben.net\/blog\/nrw-umweltdaten-vor-ort\/#Der-Umweltminister-des-Landes-Nordrhein-Westfalen-schaltete-Umweltdatenportal-frei\" >Der Umweltminister des Landes Nordrhein-Westfalen schaltete  Umweltdatenportal frei.<\/a><ul class='ez-toc-list-level-2' ><li class='ez-toc-heading-level-2'><a class=\"ez-toc-link ez-toc-heading-2\" href=\"https:\/\/loeben.net\/blog\/nrw-umweltdaten-vor-ort\/#Interessieren-Sie-sich-fuer-die-Kaarster-Einflugschneise-und-aktuelle-Laermkarten\" >Interessieren Sie sich f\u00fcr die Kaarster Einflugschneise und aktuelle L\u00e4rmkarten?<\/a><\/li><li class='ez-toc-page-1 ez-toc-heading-level-2'><a class=\"ez-toc-link ez-toc-heading-3\" href=\"https:\/\/loeben.net\/blog\/nrw-umweltdaten-vor-ort\/#Umweltminister-Remmel-in-der-Pressekonferenz\" >Umweltminister Remmel in der Pressekonferenz:<\/a><\/li><li class='ez-toc-page-1 ez-toc-heading-level-2'><a class=\"ez-toc-link ez-toc-heading-4\" href=\"https:\/\/loeben.net\/blog\/nrw-umweltdaten-vor-ort\/#Themenkarten\" >Themenkarten<\/a><\/li><li class='ez-toc-page-1 ez-toc-heading-level-2'><a class=\"ez-toc-link ez-toc-heading-5\" href=\"https:\/\/loeben.net\/blog\/nrw-umweltdaten-vor-ort\/#Informationen-oertlicher-Buergerinitiativen\" >Informationen \u00f6rtlicher B\u00fcrgerinitiativen<\/a><\/li><\/ul><\/li><\/ul><\/nav><\/div>\n<h1 class=\"wp-block-heading\"><span class=\"ez-toc-section\" id=\"Der-Umweltminister-des-Landes-Nordrhein-Westfalen-schaltete-Umweltdatenportal-frei\"><\/span>Der Umweltminister des Landes Nordrhein-Westfalen schaltete <br>Umweltdatenportal frei.<span class=\"ez-toc-section-end\"><\/span><\/h1>\n\n\n\n<p>In einer Pressekonferenz in der Staatskanzlei hat Umweltminister Remmel am 30. April die vollst\u00e4ndig \u00fcberarbeitete Anwendung&nbsp;<a rel=\"noreferrer noopener\" href=\"http:\/\/www.uvo.nrw.de\/\" target=\"_blank\">www.uvo.nrw.de<\/a>&nbsp;frei geschaltet.<\/p>\n\n\n\n<h2 class=\"wp-block-heading\"><span class=\"ez-toc-section\" id=\"Interessieren-Sie-sich-fuer-die-Kaarster-Einflugschneise-und-aktuelle-Laermkarten\"><\/span>Interessieren Sie sich f\u00fcr die Kaarster Einflugschneise und aktuelle L\u00e4rmkarten?<span class=\"ez-toc-section-end\"><\/span><\/h2>\n\n\n\n<p>Mit Ihren Steuergeldern wird eine Portall\u00f6sung des Landes NRW finanziert und vom Landesbetrieb IT.NRW betrieben. Dort finden Sie nicht nur die Einflugschneise, die \u00fcber unserem Stadtgebiet liegt.<\/p>\n\n\n\n<h2 class=\"wp-block-heading\"><span class=\"ez-toc-section\" id=\"Umweltminister-Remmel-in-der-Pressekonferenz\"><\/span>Umweltminister Remmel in der Pressekonferenz:<span class=\"ez-toc-section-end\"><\/span><\/h2>\n\n\n\n<div class=\"wp-block-image\"><figure class=\"alignright size-medium\"><a href=\"https:\/\/loeben.net\/blog\/wp-content\/uploads\/2022\/03\/www.uvo_.nrw_.de_960x768.png\"><img loading=\"lazy\" decoding=\"async\" width=\"300\" height=\"240\" src=\"https:\/\/loeben.net\/blog\/wp-content\/uploads\/2022\/03\/www.uvo_.nrw_.de_960x768-300x240.png\" alt=\"Einflugschneise Kaarst\" class=\"wp-image-818\" title=\"\" srcset=\"https:\/\/loeben.net\/blog\/wp-content\/uploads\/2022\/03\/www.uvo_.nrw_.de_960x768-300x240.png 300w, https:\/\/loeben.net\/blog\/wp-content\/uploads\/2022\/03\/www.uvo_.nrw_.de_960x768-768x614.png 768w, https:\/\/loeben.net\/blog\/wp-content\/uploads\/2022\/03\/www.uvo_.nrw_.de_960x768.png 960w\" sizes=\"auto, (max-width: 300px) 100vw, 300px\" \/><\/a><\/figure><\/div>\n\n\n\n<p><em>\u201eDie Internetkarte kann intuitiv bedient werden. F\u00fcr einen beliebigen Ort in Nordrhein-Westfalen stellt die Anwendung Informationen aus den Themengebieten Natur und Landschaft, Luftreinhaltung, Wasser und Abwasser, Abfall, L\u00e4rm und Verbraucherschutz bereit. Die Eingabe einer Adresse gen\u00fcgt und der gesuchte Ort wird in der Karte angezeigt. Dazu werden dann die f\u00fcr den Standort und die Umgebung vorliegenden Informationen in die Karte eingeblendet. Detailinformationen zu jedem Umweltthema k\u00f6nnen dann \u00fcber weiterf\u00fchrende Links erreicht werden, zudem werden die Kontaktdaten der jeweils zust\u00e4ndigen Beh\u00f6rde eingeblendet. \u201eDie Internetseite zeigt aber nicht nur Gefahren und Emissionen an. Sie wirbt auch f\u00fcr die Natur, indem sie Naturschutzgebiete, Naturparke oder Biotope anzeigt. Denn wir k\u00f6nnen die Umwelt nur sch\u00fctzen, wenn wir sie kennen. Und die Internetseite mit den gesammelten Daten der Beh\u00f6rden zeigt sie uns\u201c<\/em>.<\/p>\n\n\n\n<h2 class=\"wp-block-heading\"><span class=\"ez-toc-section\" id=\"Themenkarten\"><\/span>Themenkarten<span class=\"ez-toc-section-end\"><\/span><\/h2>\n\n\n\n<p>Mehr als 40 verschiedene Themenkarten k\u00f6nnen auf der Internetseite ausgew\u00e4hlt werden. Unter anderem sind dies Informationen zu: Industrieemissionen, Luftqualit\u00e4tswerte, Trinkwasserschutzgebiete, Wasserqualit\u00e4t, Pegelst\u00e4nde, Badegew\u00e4sser, Niederschlagsdaten, \u00dcberschwemmungsbiete, L\u00e4rmdaten, Naturschutzgebiete, Nationalpark, Naturparke.\u201c (aus der Presse-Erkl\u00e4rung des&nbsp;Ministerium f\u00fcr Klimaschutz, Umwelt, Landwirtschaft, Natur- und Verbraucherschutz des Landes Nordrhein-Westfalen (MKULNV))<\/p>\n\n\n\n<p>Ich habe nat\u00fcrlich gleich einen Screenshot angefertigt, der die Flugverkehrszone \u00fcber unserem Stadtgebiet zeigt.<\/p>\n\n\n\n<p><strong>Update<\/strong> 12.09.2018<br>Inzwischen gibt es noch weitere Onlineauftritte, die mit unseren Steuergeldern bezahlt werden und die zur L\u00e4rmsituation Ausk\u00fcnfte gibt. Eines davon w\u00e4re&nbsp;<a rel=\"noreferrer noopener\" href=\"https:\/\/www.umgebungslaerm-kartierung.nrw.de\/\" target=\"_blank\">www.umgebungslaerm-kartierung.nrw.de<\/a>&nbsp;und zeigt \u00fcber das Jahr gemittelte L\u00e4rmpegel.<\/p>\n\n\n\n<h2 class=\"wp-block-heading\"><span class=\"ez-toc-section\" id=\"Informationen-oertlicher-Buergerinitiativen\"><\/span>Informationen \u00f6rtlicher B\u00fcrgerinitiativen<span class=\"ez-toc-section-end\"><\/span><\/h2>\n\n\n\n<p>Zum Thema Flugl\u00e4rm ist f\u00fcr Betroffene das Portal &#8222;<a rel=\"noreferrer noopener\" href=\"http:\/\/buergergegenfluglaerm.de\/\" target=\"_blank\">B\u00fcrger gegen Flugl\u00e4rm<\/a>&#8220; ein &#8222;gute Adresse&#8220;. Auch der Auftritt&nbsp;<a rel=\"noreferrer noopener\" href=\"http:\/\/www.kagf.de\/\" target=\"_blank\">Kaarster gegen Flugl\u00e4rm<\/a>&nbsp;ist aus meiner Sicht ein Besuch wert und liefert f\u00fcr <a rel=\"noreferrer noopener\" href=\"https:\/\/kagf.de\/beschwerden\/\" target=\"_blank\">Beschwerden<\/a> die passende Punktlandung.<\/p>\n","protected":false},"excerpt":{"rendered":"<p>Der Umweltminister des Landes Nordrhein-Westfalen schaltete Umweltdatenportal frei. In einer Pressekonferenz in der Staatskanzlei hat Umweltminister Remmel am 30. April die vollst\u00e4ndig \u00fcberarbeitete Anwendung&nbsp;www.uvo.nrw.de&nbsp;frei geschaltet. Interessieren Sie sich f\u00fcr die Kaarster Einflugschneise und aktuelle L\u00e4rmkarten? Mit Ihren Steuergeldern wird eine Portall\u00f6sung des Landes NRW finanziert und vom Landesbetrieb IT.NRW betrieben. Dort finden Sie nicht nur [&hellip;]<\/p>\n","protected":false},"author":6,"featured_media":0,"comment_status":"closed","ping_status":"open","sticky":false,"template":"","format":"standard","meta":{"site-sidebar-layout":"default","site-content-layout":"","ast-site-content-layout":"default","site-content-style":"default","site-sidebar-style":"default","ast-global-header-display":"","ast-banner-title-visibility":"","ast-main-header-display":"","ast-hfb-above-header-display":"","ast-hfb-below-header-display":"","ast-hfb-mobile-header-display":"","site-post-title":"","ast-breadcrumbs-content":"","ast-featured-img":"","footer-sml-layout":"","ast-disable-related-posts":"","theme-transparent-header-meta":"","adv-header-id-meta":"","stick-header-meta":"","header-above-stick-meta":"","header-main-stick-meta":"","header-below-stick-meta":"","astra-migrate-meta-layouts":"default","ast-page-background-enabled":"default","ast-page-background-meta":{"desktop":{"background-color":"var(--ast-global-color-4)","background-image":"","background-repeat":"repeat","background-position":"center center","background-size":"auto","background-attachment":"scroll","background-type":"","background-media":"","overlay-type":"","overlay-color":"","overlay-opacity":"","overlay-gradient":""},"tablet":{"background-color":"","background-image":"","background-repeat":"repeat","background-position":"center center","background-size":"auto","background-attachment":"scroll","background-type":"","background-media":"","overlay-type":"","overlay-color":"","overlay-opacity":"","overlay-gradient":""},"mobile":{"background-color":"","background-image":"","background-repeat":"repeat","background-position":"center center","background-size":"auto","background-attachment":"scroll","background-type":"","background-media":"","overlay-type":"","overlay-color":"","overlay-opacity":"","overlay-gradient":""}},"ast-content-background-meta":{"desktop":{"background-color":"var(--ast-global-color-5)","background-image":"","background-repeat":"repeat","background-position":"center center","background-size":"auto","background-attachment":"scroll","background-type":"","background-media":"","overlay-type":"","overlay-color":"","overlay-opacity":"","overlay-gradient":""},"tablet":{"background-color":"var(--ast-global-color-5)","background-image":"","background-repeat":"repeat","background-position":"center center","background-size":"auto","background-attachment":"scroll","background-type":"","background-media":"","overlay-type":"","overlay-color":"","overlay-opacity":"","overlay-gradient":""},"mobile":{"background-color":"var(--ast-global-color-5)","background-image":"","background-repeat":"repeat","background-position":"center center","background-size":"auto","background-attachment":"scroll","background-type":"","background-media":"","overlay-type":"","overlay-color":"","overlay-opacity":"","overlay-gradient":""}},"footnotes":""},"categories":[408],"tags":[831,840,839,486,824,823,838,47,825,488,833,827,826,836,837,835,832,426,830,829,834,487,828],"class_list":["post-817","post","type-post","status-publish","format-standard","hentry","category-aus-der-heimat","tag-badegewaesser","tag-beschwerde","tag-buergerinitiativen","tag-einflugschneise","tag-flughafen","tag-fluglaerm","tag-industrieemissionen","tag-kaarst","tag-laerm","tag-laermbelaestigung","tag-laermdaten","tag-luftqualitaetswerte","tag-mkulnv","tag-nationalpark","tag-naturparke","tag-naturschutzgebiete","tag-niederschlagsdaten","tag-nrw","tag-pegelstaende","tag-trinkwasserschutzgebiete","tag-ueberschwemmungsbiete","tag-umweltdaten","tag-wasserqualitaet"],"_links":{"self":[{"href":"https:\/\/loeben.net\/blog\/wp-json\/wp\/v2\/posts\/817","targetHints":{"allow":["GET"]}}],"collection":[{"href":"https:\/\/loeben.net\/blog\/wp-json\/wp\/v2\/posts"}],"about":[{"href":"https:\/\/loeben.net\/blog\/wp-json\/wp\/v2\/types\/post"}],"author":[{"embeddable":true,"href":"https:\/\/loeben.net\/blog\/wp-json\/wp\/v2\/users\/6"}],"replies":[{"embeddable":true,"href":"https:\/\/loeben.net\/blog\/wp-json\/wp\/v2\/comments?post=817"}],"version-history":[{"count":10,"href":"https:\/\/loeben.net\/blog\/wp-json\/wp\/v2\/posts\/817\/revisions"}],"predecessor-version":[{"id":1440,"href":"https:\/\/loeben.net\/blog\/wp-json\/wp\/v2\/posts\/817\/revisions\/1440"}],"wp:attachment":[{"href":"https:\/\/loeben.net\/blog\/wp-json\/wp\/v2\/media?parent=817"}],"wp:term":[{"taxonomy":"category","embeddable":true,"href":"https:\/\/loeben.net\/blog\/wp-json\/wp\/v2\/categories?post=817"},{"taxonomy":"post_tag","embeddable":true,"href":"https:\/\/loeben.net\/blog\/wp-json\/wp\/v2\/tags?post=817"}],"curies":[{"name":"wp","href":"https:\/\/api.w.org\/{rel}","templated":true}]}}