{"id":808,"date":"2013-05-15T22:45:00","date_gmt":"2013-05-15T20:45:00","guid":{"rendered":"https:\/\/loeben.net\/blog\/?p=808"},"modified":"2024-05-03T10:29:34","modified_gmt":"2024-05-03T08:29:34","slug":"der-onlineauftritt-der-2005er-tiger-feiert-seinen-ersten-geburtstag-mit-einem-neuen-logo","status":"publish","type":"post","link":"https:\/\/loeben.net\/blog\/der-onlineauftritt-der-2005er-tiger-feiert-seinen-ersten-geburtstag-mit-einem-neuen-logo\/","title":{"rendered":"Der Onlineauftritt der 2005er Tiger feiert seinen ersten Geburtstag mit einem neuen Logo"},"content":{"rendered":"\n<p>Im Mai 2013 feiert der Onlineauftritt der &#8222;2005er Tiger&#8220; Jugendfu\u00dfballmannschaft aus B\u00fcttgen seinen ersten Geburtstag. Die sogenannten Tiger des&nbsp;<a href=\"http:\/\/www.vfr-buettgen.de\/fussball\/s\/Jugend--49\/\" target=\"_blank\" rel=\"noreferrer noopener\">VfR B\u00fcttgen 1912 e.V.<\/a>&nbsp;werden aktuell von Mike Zeibig, Marc Frisse und Thorsten Fahnenbruch trainiert und manchmal auch gez\u00e4hmt.<\/p>\n\n\n\n<div class=\"wp-block-image is-style-default\"><figure class=\"alignright size-thumbnail is-resized\"><a href=\"https:\/\/loeben.net\/blog\/wp-content\/uploads\/2022\/03\/tigerlogo400x400.png\"><img loading=\"lazy\" decoding=\"async\" src=\"https:\/\/loeben.net\/blog\/wp-content\/uploads\/2022\/03\/tigerlogo400x400-150x150.png\" alt=\"\" class=\"wp-image-809\" width=\"113\" height=\"113\" title=\"\" srcset=\"https:\/\/loeben.net\/blog\/wp-content\/uploads\/2022\/03\/tigerlogo400x400-150x150.png 150w, https:\/\/loeben.net\/blog\/wp-content\/uploads\/2022\/03\/tigerlogo400x400-300x300.png 300w, https:\/\/loeben.net\/blog\/wp-content\/uploads\/2022\/03\/tigerlogo400x400.png 400w\" sizes=\"auto, (max-width: 113px) 100vw, 113px\" \/><\/a><figcaption>2005er Tigers des VFR B\u00fcttgen<\/figcaption><\/figure><\/div>\n\n\n\n<p>Mit einem Blick zur\u00fcck auf Dorians sch\u00f6ne Fu\u00dfballzeit m\u00f6chte ich hier die Gelegenheit nutzen und mich nochmals f\u00fcr eine sch\u00f6ne Zeit beim VfR bedanken. So freut es mich besonders, wenn ich das Trainerteam bei der Betreuung des teameigenen Internetauftritts tigers.bytewerk.info unterst\u00fctzen kann. Inzwischen z\u00e4hmen die Trainer unter F\u00fchrung von Mike Zeibig auch die Bits und Bytes erfolgreich. Mit anderen Worten: Die Trainer &#8211; federf\u00fchrend&nbsp;<a href=\"http:\/\/mikezeibig.de\/\" target=\"_blank\" rel=\"noreferrer noopener\">Mike Zeibig<\/a>&nbsp;&#8211; pflegen ihren Auftritt selbst\u00e4ndig und organisieren mit der Website ihren Spiel- und Trainingsbetrieb und eine Menge Freizeitaktivit\u00e4ten.<\/p>\n\n\n\n<p>Kurz vor dem ersten Geburtstag des Tiger Onlineauftritts ist es jetzt soweit. Dank einer ehrenamtlichen Unterst\u00fctzung eines mir noch unbekannten talentierten Grafikdesigners haben die Tiger jetzt auch ein tolles Logo, welches ab sofort auch die Eingangsseite schm\u00fcckt. Bei der Abschlussfeier im Mai 2013 wurde das neue Logo getauft.<\/p>\n\n\n\n<p>Mit sportlichen Gr\u00fc\u00dfen nach B\u00fcttgen<\/p>\n\n\n\n<figure class=\"wp-block-image size-full\"><img loading=\"lazy\" decoding=\"async\" width=\"161\" height=\"161\" src=\"https:\/\/loeben.net\/blog\/wp-content\/uploads\/2022\/03\/Unterschrift.Hanjo_.jpg\" alt=\"\" class=\"wp-image-851\" title=\"\" srcset=\"https:\/\/loeben.net\/blog\/wp-content\/uploads\/2022\/03\/Unterschrift.Hanjo_.jpg 161w, https:\/\/loeben.net\/blog\/wp-content\/uploads\/2022\/03\/Unterschrift.Hanjo_-150x150.jpg 150w\" sizes=\"auto, (max-width: 161px) 100vw, 161px\" \/><figcaption>Loeben<\/figcaption><\/figure>\n\n\n\n<p><strong>Update<\/strong> 01.03.2016<br>Der 2005er Tiger Onlineauftritt wurde inzwischen abgeschaltet, weil Mike Zeibig seine ehrenamtliches Engagement beim VfR B\u00fcttgen beendet hat.<\/p>\n","protected":false},"excerpt":{"rendered":"<p>Im Mai 2013 feiert der Onlineauftritt der &#8222;2005er Tiger&#8220; Jugendfu\u00dfballmannschaft aus B\u00fcttgen seinen ersten Geburtstag. Die sogenannten Tiger des&nbsp;VfR B\u00fcttgen 1912 e.V.&nbsp;werden aktuell von Mike Zeibig, Marc Frisse und Thorsten Fahnenbruch trainiert und manchmal auch gez\u00e4hmt. Mit einem Blick zur\u00fcck auf Dorians sch\u00f6ne Fu\u00dfballzeit m\u00f6chte ich hier die Gelegenheit nutzen und mich nochmals f\u00fcr eine [&hellip;]<\/p>\n","protected":false},"author":1,"featured_media":0,"comment_status":"closed","ping_status":"open","sticky":false,"template":"","format":"aside","meta":{"site-sidebar-layout":"default","site-content-layout":"","ast-site-content-layout":"default","site-content-style":"default","site-sidebar-style":"default","ast-global-header-display":"","ast-banner-title-visibility":"","ast-main-header-display":"","ast-hfb-above-header-display":"","ast-hfb-below-header-display":"","ast-hfb-mobile-header-display":"","site-post-title":"","ast-breadcrumbs-content":"","ast-featured-img":"","footer-sml-layout":"","ast-disable-related-posts":"","theme-transparent-header-meta":"","adv-header-id-meta":"","stick-header-meta":"","header-above-stick-meta":"","header-main-stick-meta":"","header-below-stick-meta":"","astra-migrate-meta-layouts":"default","ast-page-background-enabled":"default","ast-page-background-meta":{"desktop":{"background-color":"var(--ast-global-color-4)","background-image":"","background-repeat":"repeat","background-position":"center center","background-size":"auto","background-attachment":"scroll","background-type":"","background-media":"","overlay-type":"","overlay-color":"","overlay-opacity":"","overlay-gradient":""},"tablet":{"background-color":"","background-image":"","background-repeat":"repeat","background-position":"center center","background-size":"auto","background-attachment":"scroll","background-type":"","background-media":"","overlay-type":"","overlay-color":"","overlay-opacity":"","overlay-gradient":""},"mobile":{"background-color":"","background-image":"","background-repeat":"repeat","background-position":"center center","background-size":"auto","background-attachment":"scroll","background-type":"","background-media":"","overlay-type":"","overlay-color":"","overlay-opacity":"","overlay-gradient":""}},"ast-content-background-meta":{"desktop":{"background-color":"var(--ast-global-color-5)","background-image":"","background-repeat":"repeat","background-position":"center center","background-size":"auto","background-attachment":"scroll","background-type":"","background-media":"","overlay-type":"","overlay-color":"","overlay-opacity":"","overlay-gradient":""},"tablet":{"background-color":"var(--ast-global-color-5)","background-image":"","background-repeat":"repeat","background-position":"center center","background-size":"auto","background-attachment":"scroll","background-type":"","background-media":"","overlay-type":"","overlay-color":"","overlay-opacity":"","overlay-gradient":""},"mobile":{"background-color":"var(--ast-global-color-5)","background-image":"","background-repeat":"repeat","background-position":"center center","background-size":"auto","background-attachment":"scroll","background-type":"","background-media":"","overlay-type":"","overlay-color":"","overlay-opacity":"","overlay-gradient":""}},"footnotes":""},"categories":[408],"tags":[483,484,47,135],"class_list":["post-808","post","type-post","status-publish","format-aside","hentry","category-aus-der-heimat","tag-buettgen","tag-fussball","tag-kaarst","tag-vfr-buettgen","post_format-post-format-aside"],"_links":{"self":[{"href":"https:\/\/loeben.net\/blog\/wp-json\/wp\/v2\/posts\/808","targetHints":{"allow":["GET"]}}],"collection":[{"href":"https:\/\/loeben.net\/blog\/wp-json\/wp\/v2\/posts"}],"about":[{"href":"https:\/\/loeben.net\/blog\/wp-json\/wp\/v2\/types\/post"}],"author":[{"embeddable":true,"href":"https:\/\/loeben.net\/blog\/wp-json\/wp\/v2\/users\/1"}],"replies":[{"embeddable":true,"href":"https:\/\/loeben.net\/blog\/wp-json\/wp\/v2\/comments?post=808"}],"version-history":[{"count":2,"href":"https:\/\/loeben.net\/blog\/wp-json\/wp\/v2\/posts\/808\/revisions"}],"predecessor-version":[{"id":1380,"href":"https:\/\/loeben.net\/blog\/wp-json\/wp\/v2\/posts\/808\/revisions\/1380"}],"wp:attachment":[{"href":"https:\/\/loeben.net\/blog\/wp-json\/wp\/v2\/media?parent=808"}],"wp:term":[{"taxonomy":"category","embeddable":true,"href":"https:\/\/loeben.net\/blog\/wp-json\/wp\/v2\/categories?post=808"},{"taxonomy":"post_tag","embeddable":true,"href":"https:\/\/loeben.net\/blog\/wp-json\/wp\/v2\/tags?post=808"}],"curies":[{"name":"wp","href":"https:\/\/api.w.org\/{rel}","templated":true}]}}