{"id":775,"date":"2020-04-14T00:00:00","date_gmt":"2020-04-13T22:00:00","guid":{"rendered":"https:\/\/loeben.net\/blog\/?p=775"},"modified":"2025-05-07T18:10:22","modified_gmt":"2025-05-07T16:10:22","slug":"drive-in-comedy-in-kaarst","status":"publish","type":"post","link":"https:\/\/loeben.net\/blog\/drive-in-comedy-in-kaarst\/","title":{"rendered":"Drive-IN Comedy in Kaarst"},"content":{"rendered":"\n<h5 class=\"wp-block-heading\">Corona-Zeiten, stay at home und Kultur in Kaarst<\/h5>\n\n\n\n<div class=\"wp-block-image is-style-rounded\"><figure class=\"alignright size-full is-resized\"><a href=\"https:\/\/loeben.net\/blog\/wp-content\/uploads\/2022\/03\/kaarst.comedy.drivein.jpg\"><img loading=\"lazy\" decoding=\"async\" src=\"https:\/\/loeben.net\/blog\/wp-content\/uploads\/2022\/03\/kaarst.comedy.drivein.jpg\" alt=\"Comedy Drivein Kaarst\" class=\"wp-image-776\" width=\"159\" height=\"108\" title=\"\" srcset=\"https:\/\/loeben.net\/blog\/wp-content\/uploads\/2022\/03\/kaarst.comedy.drivein.jpg 636w, https:\/\/loeben.net\/blog\/wp-content\/uploads\/2022\/03\/kaarst.comedy.drivein-300x203.jpg 300w\" sizes=\"auto, (max-width: 159px) 100vw, 159px\" \/><\/a><\/figure><\/div>\n\n\n\n<p class=\"has-drop-cap\"><a href=\"https:\/\/loeben.net\/images\/stories\/kaarst\/kaarst.comedy.drivein.jpg\"><\/a>Wie passt das zusammen? Ganz einfach. Da hat der Kulturmanager der Stadt Kaarst eine &#8222;Schnappsidee&#8220; und &#8222;spricht&#8220; dar\u00fcber Anfang April 2020 erst mit seiner Frau und danach mit Patrick Schappert von&nbsp;<a href=\"http:\/\/www.grobi.tv\/\" target=\"_blank\" rel=\"noreferrer noopener\">GrobiTV<\/a>. Letzterer wiederum sagte ganz trocken &#8222;dann mach das doch&#8220;. Das war der Startschuss f\u00fcr ein erfolgreiches neues Kulturformat in Kaarst.<\/p>\n\n\n\n<p>Renate hatte uns schnell Tickets f\u00fcr Torsten Str\u00e4ter und J\u00fcrgen Becker gesichert. Torsten hat uns begeistert und wir freuen uns auf den 02.05.2020. Popcorn, Prosecco und eine &#8222;volle Batterie&#8220; werden wieder am Start sein und wir k\u00f6nnen dieses Format empfehlen. Nicht nur weil kaum alternative Kulturveranstaltungen buchbar bzw. besuchbar sind. \ud83d\ude09<\/p>\n\n\n\n<p>Was und wie wird in den Medien berichtet:<\/p>\n\n\n\n<ul class=\"wp-block-list\"><li>RP am 27.04.2020 &#8222;<a href=\"https:\/\/rp-online.de\/nrw\/staedte\/kaarst\/kaarst-kulturmanager-dieter-guesgen-ueber-die-premiere-der-drive-in-comedy_aid-50249371\" target=\"_blank\" rel=\"noopener\">Drive-in-Comedy lockt weitere Top-Acts an<\/a>&#8222;<\/li><li>RP am 17.04.2020 &#8222;<a href=\"https:\/\/rp-online.de\/kultur\/drive-in-comedy-auf-altem-ikea-gelaende-in-kaarst_aid-50107979\" target=\"_blank\" rel=\"noreferrer noopener\">Drive-in-Comedy&#8216; in Kaarst auf altem Ikea-Gel\u00e4nde<\/a>&#8222;<\/li><li>Fatzebook&nbsp;<a href=\"https:\/\/www.facebook.com\/Kabarettkaarst\/videos\/1153671508313930\" target=\"_blank\" rel=\"noreferrer noopener\">Torsten Str\u00e4ter live in der Kaarster Drive-In-Comedy-Arena Drive-in-Comedy in Kaarst: TOP-Star Torsten Str\u00e4ter sprach das erste Mal in seinem Leben vor Autos in der restlos ausverkauften Drive-In-Comedy-Arena in Kaarst<\/a><\/li><li>Fatzebook&nbsp;<a href=\"https:\/\/www.facebook.com\/Kabarettkaarst\/videos\/1595684443905969\/\" target=\"_blank\" rel=\"noreferrer noopener\">Dieter G\u00fcsgen &#8222;Wir machen Autocomedy&#8220;<\/a><\/li><li>Stadt Kaarst &#8222;<a href=\"https:\/\/web.archive.org\/web\/20201118045326\/https:\/\/www.kaarst.de\/kultur-freizeit-und-stadtinfos\/kultur\/drive-in-comedy.html\" target=\"_blank\" rel=\"noreferrer noopener\">Drive-in-Comedy by Stadtwerke Kaarst, pr\u00e4sentiert von Grobi.tv<\/a>&#8222;<\/li><\/ul>\n\n\n\n<p>In diesem Sinne w\u00fcnscht Euch unterhaltsame Stunden zu zweit<\/p>\n\n\n\n<figure class=\"wp-block-image size-full\"><img loading=\"lazy\" decoding=\"async\" width=\"161\" height=\"161\" src=\"https:\/\/loeben.net\/blog\/wp-content\/uploads\/2022\/03\/Unterschrift.Hanjo_.jpg\" alt=\"\" class=\"wp-image-851\" title=\"\" srcset=\"https:\/\/loeben.net\/blog\/wp-content\/uploads\/2022\/03\/Unterschrift.Hanjo_.jpg 161w, https:\/\/loeben.net\/blog\/wp-content\/uploads\/2022\/03\/Unterschrift.Hanjo_-150x150.jpg 150w\" sizes=\"auto, (max-width: 161px) 100vw, 161px\" \/><figcaption>der Loeben.Net Webmaster<\/figcaption><\/figure>\n","protected":false},"excerpt":{"rendered":"<p>Corona-Zeiten, stay at home und Kultur in Kaarst Wie passt das zusammen? Ganz einfach. Da hat der Kulturmanager der Stadt Kaarst eine &#8222;Schnappsidee&#8220; und &#8222;spricht&#8220; dar\u00fcber Anfang April 2020 erst mit seiner Frau und danach mit Patrick Schappert von&nbsp;GrobiTV. Letzterer wiederum sagte ganz trocken &#8222;dann mach das doch&#8220;. Das war der Startschuss f\u00fcr ein erfolgreiches [&hellip;]<\/p>\n","protected":false},"author":1,"featured_media":0,"comment_status":"open","ping_status":"open","sticky":false,"template":"","format":"standard","meta":{"site-sidebar-layout":"default","site-content-layout":"","ast-site-content-layout":"default","site-content-style":"default","site-sidebar-style":"default","ast-global-header-display":"","ast-banner-title-visibility":"","ast-main-header-display":"","ast-hfb-above-header-display":"","ast-hfb-below-header-display":"","ast-hfb-mobile-header-display":"","site-post-title":"","ast-breadcrumbs-content":"","ast-featured-img":"","footer-sml-layout":"","ast-disable-related-posts":"","theme-transparent-header-meta":"","adv-header-id-meta":"","stick-header-meta":"","header-above-stick-meta":"","header-main-stick-meta":"","header-below-stick-meta":"","astra-migrate-meta-layouts":"default","ast-page-background-enabled":"default","ast-page-background-meta":{"desktop":{"background-color":"var(--ast-global-color-4)","background-image":"","background-repeat":"repeat","background-position":"center center","background-size":"auto","background-attachment":"scroll","background-type":"","background-media":"","overlay-type":"","overlay-color":"","overlay-opacity":"","overlay-gradient":""},"tablet":{"background-color":"","background-image":"","background-repeat":"repeat","background-position":"center center","background-size":"auto","background-attachment":"scroll","background-type":"","background-media":"","overlay-type":"","overlay-color":"","overlay-opacity":"","overlay-gradient":""},"mobile":{"background-color":"","background-image":"","background-repeat":"repeat","background-position":"center center","background-size":"auto","background-attachment":"scroll","background-type":"","background-media":"","overlay-type":"","overlay-color":"","overlay-opacity":"","overlay-gradient":""}},"ast-content-background-meta":{"desktop":{"background-color":"var(--ast-global-color-5)","background-image":"","background-repeat":"repeat","background-position":"center center","background-size":"auto","background-attachment":"scroll","background-type":"","background-media":"","overlay-type":"","overlay-color":"","overlay-opacity":"","overlay-gradient":""},"tablet":{"background-color":"var(--ast-global-color-5)","background-image":"","background-repeat":"repeat","background-position":"center center","background-size":"auto","background-attachment":"scroll","background-type":"","background-media":"","overlay-type":"","overlay-color":"","overlay-opacity":"","overlay-gradient":""},"mobile":{"background-color":"var(--ast-global-color-5)","background-image":"","background-repeat":"repeat","background-position":"center center","background-size":"auto","background-attachment":"scroll","background-type":"","background-media":"","overlay-type":"","overlay-color":"","overlay-opacity":"","overlay-gradient":""}},"footnotes":""},"categories":[408],"tags":[475,47],"class_list":["post-775","post","type-post","status-publish","format-standard","hentry","category-aus-der-heimat","tag-comedy","tag-kaarst"],"_links":{"self":[{"href":"https:\/\/loeben.net\/blog\/wp-json\/wp\/v2\/posts\/775","targetHints":{"allow":["GET"]}}],"collection":[{"href":"https:\/\/loeben.net\/blog\/wp-json\/wp\/v2\/posts"}],"about":[{"href":"https:\/\/loeben.net\/blog\/wp-json\/wp\/v2\/types\/post"}],"author":[{"embeddable":true,"href":"https:\/\/loeben.net\/blog\/wp-json\/wp\/v2\/users\/1"}],"replies":[{"embeddable":true,"href":"https:\/\/loeben.net\/blog\/wp-json\/wp\/v2\/comments?post=775"}],"version-history":[{"count":3,"href":"https:\/\/loeben.net\/blog\/wp-json\/wp\/v2\/posts\/775\/revisions"}],"predecessor-version":[{"id":2019,"href":"https:\/\/loeben.net\/blog\/wp-json\/wp\/v2\/posts\/775\/revisions\/2019"}],"wp:attachment":[{"href":"https:\/\/loeben.net\/blog\/wp-json\/wp\/v2\/media?parent=775"}],"wp:term":[{"taxonomy":"category","embeddable":true,"href":"https:\/\/loeben.net\/blog\/wp-json\/wp\/v2\/categories?post=775"},{"taxonomy":"post_tag","embeddable":true,"href":"https:\/\/loeben.net\/blog\/wp-json\/wp\/v2\/tags?post=775"}],"curies":[{"name":"wp","href":"https:\/\/api.w.org\/{rel}","templated":true}]}}