{"id":4320,"date":"2026-05-02T10:30:25","date_gmt":"2026-05-02T08:30:25","guid":{"rendered":"https:\/\/loeben.net\/blog\/?p=4320"},"modified":"2026-05-02T10:29:06","modified_gmt":"2026-05-02T08:29:06","slug":"dritter-di-day-in-kaarst","status":"publish","type":"post","link":"https:\/\/loeben.net\/blog\/dritter-di-day-in-kaarst\/","title":{"rendered":"Dritter DI.DAY in Kaarst"},"content":{"rendered":"<p><a href=\"https:\/\/loeben.net\/blog\/wp-content\/uploads\/2026\/03\/Namensschilder-Entwurf_2026-03-06-1415-scaled.jpeg\"><img loading=\"lazy\" decoding=\"async\" class=\"alignright wp-image-4157 size-thumbnail\" src=\"https:\/\/loeben.net\/blog\/wp-content\/uploads\/2026\/03\/Namensschilder-Entwurf_2026-03-06-1415-150x150.jpeg\" alt=\"KaaLUG Supporter\" width=\"150\" height=\"150\" title=\"\"><\/a><\/p>\r\n<p><img loading=\"lazy\" decoding=\"async\" class=\"alignright wp-image-4324 size-thumbnail\" src=\"https:\/\/loeben.net\/blog\/wp-content\/uploads\/2026\/05\/KulturForum-Kaarst-logo-150x150.png\" alt=\"\" width=\"150\" height=\"150\" title=\"\" srcset=\"https:\/\/loeben.net\/blog\/wp-content\/uploads\/2026\/05\/KulturForum-Kaarst-logo-150x150.png 150w, https:\/\/loeben.net\/blog\/wp-content\/uploads\/2026\/05\/KulturForum-Kaarst-logo-300x300.png 300w, https:\/\/loeben.net\/blog\/wp-content\/uploads\/2026\/05\/KulturForum-Kaarst-logo.png 400w\" sizes=\"auto, (max-width: 150px) 100vw, 150px\" \/>Am Sonntag den 10. Mai wird der dritte DI.DAY Kaarst weniger theoretisch und wird wieder vom <a href=\"https:\/\/www.kulturforum-kaarst.de\/kulturleben-2\/DID-Kaarst-Digital-Independence-Day\" target=\"_blank\" rel=\"noopener\">Kulturforum Kaarst<\/a> und von der Kaarster Linuxuser Group (<a href=\"https:\/\/www.kaalug.de\/\" target=\"_blank\" rel=\"noopener\">KaaLUG<\/a>) veranstaltet. Diesmal werden wir mehr Raum und Zeit f\u00fcr praktische gemeinsame Finger\u00fcbungen und f\u00fcr das Mausschubsen investieren.<\/p>\r\n<p>Wir werden uns bei der dritten Ausgabe auf die Praxis konzentrieren.<\/p>\r\n<ul class=\"wp-block-list\">\r\n<li>Vorbereitungen zum Umstieg auf Linux Mint\r\n<ul class=\"wp-block-list\">\r\n<li>USB-Stick einrichten<\/li>\r\n<li>Datensicherung organisieren und durchf\u00fchren<\/li>\r\n<\/ul>\r\n<\/li>\r\n<\/ul>\r\n<ul class=\"wp-block-list\">\r\n<li>Linux Mint vom USB-Stick starten und ausprobieren<\/li>\r\n<\/ul>\r\n<ul class=\"wp-block-list\">\r\n<li>Linux Mint installieren\r\n<ul class=\"wp-block-list\">\r\n<li>vorhandenes Betriebssystem (Windows) ersetzen<\/li>\r\n<li>parallel zu Windows<\/li>\r\n<\/ul>\r\n<\/li>\r\n<\/ul>\r\n<p>Mit anderen Worten:\u00a0Bringt f\u00fcr praktische \u00dcbungen Neugier, gute Laune und eure Rechner inkl. Netzteile und USB-Stick (&gt;= 4GB) mit!<\/p>\r\n<p>Ort: Am Schulzentrum 16, 41564 Kaarst<br \/>Zeit: 14-17 Uhr<br \/>Der Eintritt ist frei und <a href=\"https:\/\/pretix.eu\/kulturforum-kaarst\/DIDKaarst-26-5\/\" target=\"_blank\" rel=\"noopener\">das kostenlose Ticket hilft uns bei der Planung.<\/a><\/p>\r\n<p>Weitere Details zum dritten DI.DAY Kaarst hat der Linux Rhein-Kreis Neuss [LRKN] hier <a href=\"https:\/\/linux-rhein-kreis-neuss.de\/cms\/tages-programm\/\" target=\"_blank\" rel=\"noopener\">https:\/\/linux-rhein-kreis-neuss.de\/cms\/tages-programm\/<\/a> beschrieben.<\/p>\r\n<p>In diesem Sinne auf interessante Gespr\u00e4che und viele weitere monatlichen #DIDit setzend<\/p>\r\n<figure id=\"attachment_3871\" aria-describedby=\"caption-attachment-3871\" style=\"width: 150px\" class=\"wp-caption alignnone\"><a href=\"https:\/\/loeben.net\/blog\/wp-content\/uploads\/2025\/06\/hanjo.png\"><img loading=\"lazy\" decoding=\"async\" class=\"wp-image-3871 size-thumbnail\" src=\"https:\/\/loeben.net\/blog\/wp-content\/uploads\/2025\/06\/hanjo-150x150.png\" alt=\"\" width=\"150\" height=\"150\" title=\"\" srcset=\"https:\/\/loeben.net\/blog\/wp-content\/uploads\/2025\/06\/hanjo-150x150.png 150w, https:\/\/loeben.net\/blog\/wp-content\/uploads\/2025\/06\/hanjo.png 161w\" sizes=\"auto, (max-width: 150px) 100vw, 150px\" \/><\/a><figcaption id=\"caption-attachment-3871\" class=\"wp-caption-text\">Loeben<\/figcaption><\/figure>\r\n<p>P.S.: Als Gast d\u00fcrfen wir uns auf einen Kaarster Auswanderer freuen. Daniel Fleck reist aus dem Open Source Bundesland Schleswig-Holstein an, um uns Tipps beim Umgang mit Passw\u00f6rtern zu vermitteln.<\/p>\r\n","protected":false},"excerpt":{"rendered":"<p>Am Sonntag den 10. Mai wird der dritte DI.DAY Kaarst weniger theoretisch und wird wieder vom Kulturforum Kaarst und von der Kaarster Linuxuser Group (KaaLUG) veranstaltet. Diesmal werden wir mehr Raum und Zeit f\u00fcr praktische gemeinsame Finger\u00fcbungen und f\u00fcr das Mausschubsen investieren. Wir werden uns bei der dritten Ausgabe auf die Praxis konzentrieren. Vorbereitungen zum [&hellip;]<\/p>\n","protected":false},"author":6,"featured_media":4120,"comment_status":"open","ping_status":"open","sticky":true,"template":"","format":"standard","meta":{"site-sidebar-layout":"default","site-content-layout":"","ast-site-content-layout":"default","site-content-style":"default","site-sidebar-style":"default","ast-global-header-display":"","ast-banner-title-visibility":"","ast-main-header-display":"","ast-hfb-above-header-display":"","ast-hfb-below-header-display":"","ast-hfb-mobile-header-display":"","site-post-title":"","ast-breadcrumbs-content":"","ast-featured-img":"","footer-sml-layout":"","ast-disable-related-posts":"","theme-transparent-header-meta":"default","adv-header-id-meta":"","stick-header-meta":"","header-above-stick-meta":"","header-main-stick-meta":"","header-below-stick-meta":"","astra-migrate-meta-layouts":"set","ast-page-background-enabled":"default","ast-page-background-meta":{"desktop":{"background-color":"var(--ast-global-color-4)","background-image":"","background-repeat":"repeat","background-position":"center center","background-size":"auto","background-attachment":"scroll","background-type":"","background-media":"","overlay-type":"","overlay-color":"","overlay-opacity":"","overlay-gradient":""},"tablet":{"background-color":"","background-image":"","background-repeat":"repeat","background-position":"center center","background-size":"auto","background-attachment":"scroll","background-type":"","background-media":"","overlay-type":"","overlay-color":"","overlay-opacity":"","overlay-gradient":""},"mobile":{"background-color":"","background-image":"","background-repeat":"repeat","background-position":"center center","background-size":"auto","background-attachment":"scroll","background-type":"","background-media":"","overlay-type":"","overlay-color":"","overlay-opacity":"","overlay-gradient":""}},"ast-content-background-meta":{"desktop":{"background-color":"var(--ast-global-color-5)","background-image":"","background-repeat":"repeat","background-position":"center center","background-size":"auto","background-attachment":"scroll","background-type":"","background-media":"","overlay-type":"","overlay-color":"","overlay-opacity":"","overlay-gradient":""},"tablet":{"background-color":"var(--ast-global-color-5)","background-image":"","background-repeat":"repeat","background-position":"center center","background-size":"auto","background-attachment":"scroll","background-type":"","background-media":"","overlay-type":"","overlay-color":"","overlay-opacity":"","overlay-gradient":""},"mobile":{"background-color":"var(--ast-global-color-5)","background-image":"","background-repeat":"repeat","background-position":"center center","background-size":"auto","background-attachment":"scroll","background-type":"","background-media":"","overlay-type":"","overlay-color":"","overlay-opacity":"","overlay-gradient":""}},"footnotes":""},"categories":[408,1290],"tags":[1278,1287,1261,1291,1313,1312,1277,1244,47],"class_list":["post-4320","post","type-post","status-publish","format-standard","has-post-thumbnail","hentry","category-aus-der-heimat","category-oss","tag-didit","tag-di-day-kaarst","tag-di-day","tag-did","tag-did-kaarst","tag-did-kaarst-termine","tag-digital-independence-day","tag-digitale-souveraenitaet","tag-kaarst"],"_links":{"self":[{"href":"https:\/\/loeben.net\/blog\/wp-json\/wp\/v2\/posts\/4320","targetHints":{"allow":["GET"]}}],"collection":[{"href":"https:\/\/loeben.net\/blog\/wp-json\/wp\/v2\/posts"}],"about":[{"href":"https:\/\/loeben.net\/blog\/wp-json\/wp\/v2\/types\/post"}],"author":[{"embeddable":true,"href":"https:\/\/loeben.net\/blog\/wp-json\/wp\/v2\/users\/6"}],"replies":[{"embeddable":true,"href":"https:\/\/loeben.net\/blog\/wp-json\/wp\/v2\/comments?post=4320"}],"version-history":[{"count":5,"href":"https:\/\/loeben.net\/blog\/wp-json\/wp\/v2\/posts\/4320\/revisions"}],"predecessor-version":[{"id":4328,"href":"https:\/\/loeben.net\/blog\/wp-json\/wp\/v2\/posts\/4320\/revisions\/4328"}],"wp:featuredmedia":[{"embeddable":true,"href":"https:\/\/loeben.net\/blog\/wp-json\/wp\/v2\/media\/4120"}],"wp:attachment":[{"href":"https:\/\/loeben.net\/blog\/wp-json\/wp\/v2\/media?parent=4320"}],"wp:term":[{"taxonomy":"category","embeddable":true,"href":"https:\/\/loeben.net\/blog\/wp-json\/wp\/v2\/categories?post=4320"},{"taxonomy":"post_tag","embeddable":true,"href":"https:\/\/loeben.net\/blog\/wp-json\/wp\/v2\/tags?post=4320"}],"curies":[{"name":"wp","href":"https:\/\/api.w.org\/{rel}","templated":true}]}}