{"id":4156,"date":"2026-03-10T19:13:11","date_gmt":"2026-03-10T18:13:11","guid":{"rendered":"https:\/\/loeben.net\/blog\/?p=4156"},"modified":"2026-03-10T18:35:13","modified_gmt":"2026-03-10T17:35:13","slug":"1-di-day-kaarst","status":"publish","type":"post","link":"https:\/\/loeben.net\/blog\/1-di-day-kaarst\/","title":{"rendered":"1. Digitaler Unabh\u00e4ngigkeitstag in Kaarst im Tuppenhof &#8211; Nachlese"},"content":{"rendered":"<p>Nachdem ich den ersten Kaarster DI.DAY unterst\u00fctzen durfte, freue ich mich auf den Zweiten, der im April 2026 statt finden wird.\u00a0Mehr als 30 Besucher interessierten sich am 08. M\u00e4rz auf dem Tuppenhof in Vorst in erster Linie f\u00fcr die Fediverse Themen. Mit zahlreichen Gespr\u00e4chen hat die Kaarster Linux Usergroup (KaaLUG) vertreten durch Dr.Tux, Hardy, Wolfgang und meine Wenigkeit den DI.DAY unterst\u00fctzt. <a href=\"http:\/\/www.linux-praktiker.de\/html\/deutsch\/impressum.htm\" target=\"_blank\" rel=\"noopener\">Dr.Tux<\/a> hat den DI.DAY multimedial dokumentiert und will zeitnah noch Fotos und\/oder Videos ver\u00f6ffentlichen. Auch hat <a href=\"https:\/\/www.kulturforum-kaarst.de\/news\/1-Digitaler-Unabh%C3%A4ngigkeitstag-in-Kaarst-im-Tuppenhof\" target=\"_blank\" rel=\"noopener\">Frank Ahlert<\/a> vom Kulturforum Kaarst seine Folienpr\u00e4sentation auf der Webseite <a href=\"https:\/\/www.kulturforum-kaarst.de\/kulturleben-2\/DID-Kaarst-Digital-Independence-Day\" target=\"_blank\" rel=\"noopener\">https:\/\/www.kulturforum-kaarst.de\/kulturleben-2\/DID-Kaarst-Digital-Independence-Day<\/a> zur Verf\u00fcgung gestellt und f\u00fcr Interessierte die <a href=\"https:\/\/signal.group\/#CjQKILzXDjihTskf2zZ5bMxrTgUYk3Dcc6nVVaKYJiqaNz1gEhD8vw9AwRba_9ea-fIgY4WM\" target=\"_blank\" rel=\"noopener\">Signal Gruppe DID Kaarst<\/a> gegr\u00fcndet.<\/p>\n<p>Weitere Infos gibt es im Auftritt des <a href=\"https:\/\/linux-rhein-kreis-neuss.de\/cms\" target=\"_blank\" rel=\"noopener\">Initiativkreises Linux Rhein-Kreiss Neuss<\/a><\/p>\n<div id='gallery-1' class='gallery galleryid-4156 gallery-columns-3 gallery-size-medium'><figure class='gallery-item'>\n\t\t\t<div class='gallery-icon landscape'>\n\t\t\t\t<a href=\"https:\/\/loeben.net\/blog\/wp-content\/uploads\/2026\/03\/signal-2026-03-08-205138_003-e1773163843421.jpeg\"><img loading=\"lazy\" decoding=\"async\" width=\"300\" height=\"249\" src=\"https:\/\/loeben.net\/blog\/wp-content\/uploads\/2026\/03\/signal-2026-03-08-205138_003-e1773163843421-300x249.jpeg\" class=\"attachment-medium size-medium\" alt=\"TUX zu Gast beim 1. Kaarster DI.DAY\" aria-describedby=\"gallery-1-4165\" srcset=\"https:\/\/loeben.net\/blog\/wp-content\/uploads\/2026\/03\/signal-2026-03-08-205138_003-e1773163843421-300x249.jpeg 300w, https:\/\/loeben.net\/blog\/wp-content\/uploads\/2026\/03\/signal-2026-03-08-205138_003-e1773163843421-1024x851.jpeg 1024w, https:\/\/loeben.net\/blog\/wp-content\/uploads\/2026\/03\/signal-2026-03-08-205138_003-e1773163843421-768x639.jpeg 768w, https:\/\/loeben.net\/blog\/wp-content\/uploads\/2026\/03\/signal-2026-03-08-205138_003-e1773163843421.jpeg 1335w\" sizes=\"auto, (max-width: 300px) 100vw, 300px\" title=\"\"><\/a>\n\t\t\t<\/div>\n\t\t\t\t<figcaption class='wp-caption-text gallery-caption' id='gallery-1-4165'>\n\t\t\t\tTUX zu Gast beim 1. Kaarster DI.DAY\n\t\t\t\t<\/figcaption><\/figure><figure class='gallery-item'>\n\t\t\t<div class='gallery-icon landscape'>\n\t\t\t\t<a href=\"https:\/\/loeben.net\/blog\/wp-content\/uploads\/2026\/03\/signal-2026-03-08-205138_005.jpeg\"><img loading=\"lazy\" decoding=\"async\" width=\"300\" height=\"225\" src=\"https:\/\/loeben.net\/blog\/wp-content\/uploads\/2026\/03\/signal-2026-03-08-205138_005-300x225.jpeg\" class=\"attachment-medium size-medium\" alt=\"Mastodon\" aria-describedby=\"gallery-1-4162\" srcset=\"https:\/\/loeben.net\/blog\/wp-content\/uploads\/2026\/03\/signal-2026-03-08-205138_005-300x225.jpeg 300w, https:\/\/loeben.net\/blog\/wp-content\/uploads\/2026\/03\/signal-2026-03-08-205138_005-1024x768.jpeg 1024w, https:\/\/loeben.net\/blog\/wp-content\/uploads\/2026\/03\/signal-2026-03-08-205138_005-768x576.jpeg 768w, https:\/\/loeben.net\/blog\/wp-content\/uploads\/2026\/03\/signal-2026-03-08-205138_005-1536x1152.jpeg 1536w, https:\/\/loeben.net\/blog\/wp-content\/uploads\/2026\/03\/signal-2026-03-08-205138_005.jpeg 2048w\" sizes=\"auto, (max-width: 300px) 100vw, 300px\" title=\"\"><\/a>\n\t\t\t<\/div>\n\t\t\t\t<figcaption class='wp-caption-text gallery-caption' id='gallery-1-4162'>\n\t\t\t\tMastodon\n\t\t\t\t<\/figcaption><\/figure><figure class='gallery-item'>\n\t\t\t<div class='gallery-icon landscape'>\n\t\t\t\t<a href=\"https:\/\/loeben.net\/blog\/wp-content\/uploads\/2026\/03\/signal-2026-03-08-141348_002-scaled.jpeg\"><img loading=\"lazy\" decoding=\"async\" width=\"300\" height=\"169\" src=\"https:\/\/loeben.net\/blog\/wp-content\/uploads\/2026\/03\/signal-2026-03-08-141348_002-300x169.jpeg\" class=\"attachment-medium size-medium\" alt=\"Erster Kaarster DI.DAY\" aria-describedby=\"gallery-1-4158\" srcset=\"https:\/\/loeben.net\/blog\/wp-content\/uploads\/2026\/03\/signal-2026-03-08-141348_002-300x169.jpeg 300w, https:\/\/loeben.net\/blog\/wp-content\/uploads\/2026\/03\/signal-2026-03-08-141348_002-1024x576.jpeg 1024w, https:\/\/loeben.net\/blog\/wp-content\/uploads\/2026\/03\/signal-2026-03-08-141348_002-768x432.jpeg 768w, https:\/\/loeben.net\/blog\/wp-content\/uploads\/2026\/03\/signal-2026-03-08-141348_002-1536x864.jpeg 1536w, https:\/\/loeben.net\/blog\/wp-content\/uploads\/2026\/03\/signal-2026-03-08-141348_002-2048x1152.jpeg 2048w\" sizes=\"auto, (max-width: 300px) 100vw, 300px\" title=\"\"><\/a>\n\t\t\t<\/div>\n\t\t\t\t<figcaption class='wp-caption-text gallery-caption' id='gallery-1-4158'>\n\t\t\t\t1. Kaarster DI.DAY\n\t\t\t\t<\/figcaption><\/figure><figure class='gallery-item'>\n\t\t\t<div class='gallery-icon landscape'>\n\t\t\t\t<a href=\"https:\/\/loeben.net\/blog\/wp-content\/uploads\/2026\/03\/signal-2026-03-08-205138_004.jpeg\"><img loading=\"lazy\" decoding=\"async\" width=\"300\" height=\"225\" src=\"https:\/\/loeben.net\/blog\/wp-content\/uploads\/2026\/03\/signal-2026-03-08-205138_004-300x225.jpeg\" class=\"attachment-medium size-medium\" alt=\"Fediverse\" aria-describedby=\"gallery-1-4161\" srcset=\"https:\/\/loeben.net\/blog\/wp-content\/uploads\/2026\/03\/signal-2026-03-08-205138_004-300x225.jpeg 300w, https:\/\/loeben.net\/blog\/wp-content\/uploads\/2026\/03\/signal-2026-03-08-205138_004-1024x768.jpeg 1024w, https:\/\/loeben.net\/blog\/wp-content\/uploads\/2026\/03\/signal-2026-03-08-205138_004-768x576.jpeg 768w, https:\/\/loeben.net\/blog\/wp-content\/uploads\/2026\/03\/signal-2026-03-08-205138_004-1536x1152.jpeg 1536w, https:\/\/loeben.net\/blog\/wp-content\/uploads\/2026\/03\/signal-2026-03-08-205138_004.jpeg 2048w\" sizes=\"auto, (max-width: 300px) 100vw, 300px\" title=\"\"><\/a>\n\t\t\t<\/div>\n\t\t\t\t<figcaption class='wp-caption-text gallery-caption' id='gallery-1-4161'>\n\t\t\t\tFediverse\n\t\t\t\t<\/figcaption><\/figure><figure class='gallery-item'>\n\t\t\t<div class='gallery-icon landscape'>\n\t\t\t\t<a href=\"https:\/\/loeben.net\/blog\/wp-content\/uploads\/2026\/03\/Namensschilder-Entwurf_2026-03-06-1415-scaled.jpeg\"><img loading=\"lazy\" decoding=\"async\" width=\"300\" height=\"202\" src=\"https:\/\/loeben.net\/blog\/wp-content\/uploads\/2026\/03\/Namensschilder-Entwurf_2026-03-06-1415-300x202.jpeg\" class=\"attachment-medium size-medium\" alt=\"KaaLUG Supporter\" aria-describedby=\"gallery-1-4157\" srcset=\"https:\/\/loeben.net\/blog\/wp-content\/uploads\/2026\/03\/Namensschilder-Entwurf_2026-03-06-1415-300x202.jpeg 300w, https:\/\/loeben.net\/blog\/wp-content\/uploads\/2026\/03\/Namensschilder-Entwurf_2026-03-06-1415-1024x691.jpeg 1024w, https:\/\/loeben.net\/blog\/wp-content\/uploads\/2026\/03\/Namensschilder-Entwurf_2026-03-06-1415-768x518.jpeg 768w, https:\/\/loeben.net\/blog\/wp-content\/uploads\/2026\/03\/Namensschilder-Entwurf_2026-03-06-1415-1536x1036.jpeg 1536w, https:\/\/loeben.net\/blog\/wp-content\/uploads\/2026\/03\/Namensschilder-Entwurf_2026-03-06-1415-2048x1382.jpeg 2048w\" sizes=\"auto, (max-width: 300px) 100vw, 300px\" title=\"\"><\/a>\n\t\t\t<\/div>\n\t\t\t\t<figcaption class='wp-caption-text gallery-caption' id='gallery-1-4157'>\n\t\t\t\tKaaLUG Supporter\n\t\t\t\t<\/figcaption><\/figure><figure class='gallery-item'>\n\t\t\t<div class='gallery-icon landscape'>\n\t\t\t\t<a href=\"https:\/\/loeben.net\/blog\/wp-content\/uploads\/2026\/03\/signal-2026-03-08-205138_007.jpeg\"><img loading=\"lazy\" decoding=\"async\" width=\"300\" height=\"225\" src=\"https:\/\/loeben.net\/blog\/wp-content\/uploads\/2026\/03\/signal-2026-03-08-205138_007-300x225.jpeg\" class=\"attachment-medium size-medium\" alt=\"\" aria-describedby=\"gallery-1-4164\" srcset=\"https:\/\/loeben.net\/blog\/wp-content\/uploads\/2026\/03\/signal-2026-03-08-205138_007-300x225.jpeg 300w, https:\/\/loeben.net\/blog\/wp-content\/uploads\/2026\/03\/signal-2026-03-08-205138_007-1024x768.jpeg 1024w, https:\/\/loeben.net\/blog\/wp-content\/uploads\/2026\/03\/signal-2026-03-08-205138_007-768x576.jpeg 768w, https:\/\/loeben.net\/blog\/wp-content\/uploads\/2026\/03\/signal-2026-03-08-205138_007-1536x1152.jpeg 1536w, https:\/\/loeben.net\/blog\/wp-content\/uploads\/2026\/03\/signal-2026-03-08-205138_007.jpeg 2048w\" sizes=\"auto, (max-width: 300px) 100vw, 300px\" title=\"\"><\/a>\n\t\t\t<\/div>\n\t\t\t\t<figcaption class='wp-caption-text gallery-caption' id='gallery-1-4164'>\n\t\t\t\tDI.DAY Tuppenhof Smalltalk\n\t\t\t\t<\/figcaption><\/figure>\n\t\t<\/div>\n\n<h3><\/h3>\n<p><iframe loading=\"lazy\" style=\"border: 0px;\" title=\"Digital Independance Day - immer am ersten Sonntag des Monats #DIDit #DUTgemacht\" src=\"https:\/\/bonn.video\/videos\/embed\/r8ePBtCszuZwTxVATkKJK5\" width=\"560\" height=\"315\" sandbox=\"allow-same-origin allow-scripts allow-popups allow-forms\"><\/iframe><\/p>\n<p>Marc Uwe Kling beim CCC zum Digital Independence Day<br \/>\nMit freundlichem Dank an Marc-Uwe Kling f\u00fcr die Erlaubnis das Video zu ver\u00f6ffentlichen.<\/p>\n<div>Auf den n\u00e4chsten DI.DAY Kaarst im April 2026 freuend und mit nachbarschaftlichen Gr\u00fc\u00dfen aus Holzb\u00fcttgen herzlichst<br \/>\n<img loading=\"lazy\" decoding=\"async\" class=\"size-thumbnail wp-image-3871 alignnone\" src=\"https:\/\/loeben.net\/blog\/wp-content\/uploads\/2025\/06\/hanjo-150x150.png\" alt=\"\" width=\"150\" height=\"150\" title=\"\" srcset=\"https:\/\/loeben.net\/blog\/wp-content\/uploads\/2025\/06\/hanjo-150x150.png 150w, https:\/\/loeben.net\/blog\/wp-content\/uploads\/2025\/06\/hanjo.png 161w\" sizes=\"auto, (max-width: 150px) 100vw, 150px\" \/><\/div>\n<div>Loeben<\/div>\n","protected":false},"excerpt":{"rendered":"<p>Nachdem ich den ersten Kaarster DI.DAY unterst\u00fctzen durfte, freue ich mich auf den Zweiten, der im April 2026 statt finden wird.\u00a0Mehr als 30 Besucher interessierten sich am 08. M\u00e4rz auf dem Tuppenhof in Vorst in erster Linie f\u00fcr die Fediverse Themen. Mit zahlreichen Gespr\u00e4chen hat die Kaarster Linux Usergroup (KaaLUG) vertreten durch Dr.Tux, Hardy, Wolfgang [&hellip;]<\/p>\n","protected":false},"author":6,"featured_media":4163,"comment_status":"open","ping_status":"open","sticky":false,"template":"","format":"standard","meta":{"site-sidebar-layout":"default","site-content-layout":"","ast-site-content-layout":"default","site-content-style":"default","site-sidebar-style":"default","ast-global-header-display":"","ast-banner-title-visibility":"","ast-main-header-display":"","ast-hfb-above-header-display":"","ast-hfb-below-header-display":"","ast-hfb-mobile-header-display":"","site-post-title":"","ast-breadcrumbs-content":"","ast-featured-img":"","footer-sml-layout":"","ast-disable-related-posts":"","theme-transparent-header-meta":"default","adv-header-id-meta":"","stick-header-meta":"","header-above-stick-meta":"","header-main-stick-meta":"","header-below-stick-meta":"","astra-migrate-meta-layouts":"set","ast-page-background-enabled":"default","ast-page-background-meta":{"desktop":{"background-color":"var(--ast-global-color-4)","background-image":"","background-repeat":"repeat","background-position":"center center","background-size":"auto","background-attachment":"scroll","background-type":"","background-media":"","overlay-type":"","overlay-color":"","overlay-opacity":"","overlay-gradient":""},"tablet":{"background-color":"","background-image":"","background-repeat":"repeat","background-position":"center center","background-size":"auto","background-attachment":"scroll","background-type":"","background-media":"","overlay-type":"","overlay-color":"","overlay-opacity":"","overlay-gradient":""},"mobile":{"background-color":"","background-image":"","background-repeat":"repeat","background-position":"center center","background-size":"auto","background-attachment":"scroll","background-type":"","background-media":"","overlay-type":"","overlay-color":"","overlay-opacity":"","overlay-gradient":""}},"ast-content-background-meta":{"desktop":{"background-color":"var(--ast-global-color-5)","background-image":"","background-repeat":"repeat","background-position":"center center","background-size":"auto","background-attachment":"scroll","background-type":"","background-media":"","overlay-type":"","overlay-color":"","overlay-opacity":"","overlay-gradient":""},"tablet":{"background-color":"var(--ast-global-color-5)","background-image":"","background-repeat":"repeat","background-position":"center center","background-size":"auto","background-attachment":"scroll","background-type":"","background-media":"","overlay-type":"","overlay-color":"","overlay-opacity":"","overlay-gradient":""},"mobile":{"background-color":"var(--ast-global-color-5)","background-image":"","background-repeat":"repeat","background-position":"center center","background-size":"auto","background-attachment":"scroll","background-type":"","background-media":"","overlay-type":"","overlay-color":"","overlay-opacity":"","overlay-gradient":""}},"footnotes":""},"categories":[408],"tags":[1278,1297,1286,1261,1291,1292,1293,1295,82,47,1294,498,37,1282,1296],"class_list":["post-4156","post","type-post","status-publish","format-standard","has-post-thumbnail","hentry","category-aus-der-heimat","tag-didit","tag-dutgemacht","tag-big7","tag-di-day","tag-did","tag-dut","tag-excosia","tag-fediverse","tag-kaalug","tag-kaarst","tag-mastodon","tag-open-source-loesung","tag-open-source-software","tag-tuppenhof","tag-wechselparty"],"_links":{"self":[{"href":"https:\/\/loeben.net\/blog\/wp-json\/wp\/v2\/posts\/4156","targetHints":{"allow":["GET"]}}],"collection":[{"href":"https:\/\/loeben.net\/blog\/wp-json\/wp\/v2\/posts"}],"about":[{"href":"https:\/\/loeben.net\/blog\/wp-json\/wp\/v2\/types\/post"}],"author":[{"embeddable":true,"href":"https:\/\/loeben.net\/blog\/wp-json\/wp\/v2\/users\/6"}],"replies":[{"embeddable":true,"href":"https:\/\/loeben.net\/blog\/wp-json\/wp\/v2\/comments?post=4156"}],"version-history":[{"count":8,"href":"https:\/\/loeben.net\/blog\/wp-json\/wp\/v2\/posts\/4156\/revisions"}],"predecessor-version":[{"id":4227,"href":"https:\/\/loeben.net\/blog\/wp-json\/wp\/v2\/posts\/4156\/revisions\/4227"}],"wp:featuredmedia":[{"embeddable":true,"href":"https:\/\/loeben.net\/blog\/wp-json\/wp\/v2\/media\/4163"}],"wp:attachment":[{"href":"https:\/\/loeben.net\/blog\/wp-json\/wp\/v2\/media?parent=4156"}],"wp:term":[{"taxonomy":"category","embeddable":true,"href":"https:\/\/loeben.net\/blog\/wp-json\/wp\/v2\/categories?post=4156"},{"taxonomy":"post_tag","embeddable":true,"href":"https:\/\/loeben.net\/blog\/wp-json\/wp\/v2\/tags?post=4156"}],"curies":[{"name":"wp","href":"https:\/\/api.w.org\/{rel}","templated":true}]}}