{"id":1581,"date":"2024-04-16T22:16:00","date_gmt":"2024-04-16T20:16:00","guid":{"rendered":"https:\/\/loeben.net\/blog\/?p=1581"},"modified":"2024-05-19T06:04:10","modified_gmt":"2024-05-19T04:04:10","slug":"2023-2","status":"publish","type":"post","link":"https:\/\/loeben.net\/blog\/2023-2\/","title":{"rendered":"2023er Highlights vor dem &#8222;hei\u00dfen&#8220; Herbst"},"content":{"rendered":"\r\n<div id=\"ez-toc-container\" class=\"ez-toc-v2_0_82_2 ez-toc-wrap-left counter-hierarchy ez-toc-counter ez-toc-grey ez-toc-container-direction\">\n<div class=\"ez-toc-title-container\">\n<p class=\"ez-toc-title\" style=\"cursor:inherit\">Inhaltsverzeichnis<\/p>\n<span class=\"ez-toc-title-toggle\"><a href=\"#\" class=\"ez-toc-pull-right ez-toc-btn ez-toc-btn-xs ez-toc-btn-default ez-toc-toggle\" aria-label=\"Toggle Table of Content\"><span class=\"ez-toc-js-icon-con\"><span class=\"\"><span class=\"eztoc-hide\" style=\"display:none;\">Toggle<\/span><span class=\"ez-toc-icon-toggle-span\"><svg style=\"fill: #999;color:#999\" xmlns=\"http:\/\/www.w3.org\/2000\/svg\" class=\"list-377408\" width=\"20px\" height=\"20px\" viewBox=\"0 0 24 24\" fill=\"none\"><path d=\"M6 6H4v2h2V6zm14 0H8v2h12V6zM4 11h2v2H4v-2zm16 0H8v2h12v-2zM4 16h2v2H4v-2zm16 0H8v2h12v-2z\" fill=\"currentColor\"><\/path><\/svg><svg style=\"fill: #999;color:#999\" class=\"arrow-unsorted-368013\" xmlns=\"http:\/\/www.w3.org\/2000\/svg\" width=\"10px\" height=\"10px\" viewBox=\"0 0 24 24\" version=\"1.2\" baseProfile=\"tiny\"><path d=\"M18.2 9.3l-6.2-6.3-6.2 6.3c-.2.2-.3.4-.3.7s.1.5.3.7c.2.2.4.3.7.3h11c.3 0 .5-.1.7-.3.2-.2.3-.5.3-.7s-.1-.5-.3-.7zM5.8 14.7l6.2 6.3 6.2-6.3c.2-.2.3-.5.3-.7s-.1-.5-.3-.7c-.2-.2-.4-.3-.7-.3h-11c-.3 0-.5.1-.7.3-.2.2-.3.5-.3.7s.1.5.3.7z\"\/><\/svg><\/span><\/span><\/span><\/a><\/span><\/div>\n<nav><ul class='ez-toc-list ez-toc-list-level-1 eztoc-toggle-hide-by-default' ><li class='ez-toc-page-1 ez-toc-heading-level-1'><a class=\"ez-toc-link ez-toc-heading-1\" href=\"https:\/\/loeben.net\/blog\/2023-2\/#Vor-dem-heissen-Herbst\" >Vor dem hei\u00dfen Herbst<\/a><ul class='ez-toc-list-level-2' ><li class='ez-toc-heading-level-2'><a class=\"ez-toc-link ez-toc-heading-2\" href=\"https:\/\/loeben.net\/blog\/2023-2\/#2023er-Uebersicht\" >2023er \u00dcbersicht<\/a><ul class='ez-toc-list-level-3' ><li class='ez-toc-heading-level-3'><a class=\"ez-toc-link ez-toc-heading-3\" href=\"https:\/\/loeben.net\/blog\/2023-2\/#Konzerte-Kultur\" >Konzerte &amp; Kultur<\/a><ul class='ez-toc-list-level-4' ><li class='ez-toc-heading-level-4'><a class=\"ez-toc-link ez-toc-heading-4\" href=\"https:\/\/loeben.net\/blog\/2023-2\/#GOP-Variete-Theater-Essen\" >GOP Variet\u00e9-Theater Essen<\/a><\/li><li class='ez-toc-page-1 ez-toc-heading-level-4'><a class=\"ez-toc-link ez-toc-heading-5\" href=\"https:\/\/loeben.net\/blog\/2023-2\/#Eckart-von-Hirschhausen-in-Aachen\" >Eckart von Hirschhausen in Aachen<\/a><\/li><li class='ez-toc-page-1 ez-toc-heading-level-4'><a class=\"ez-toc-link ez-toc-heading-6\" href=\"https:\/\/loeben.net\/blog\/2023-2\/#Starlight-Express-in-Bochum\" >Starlight Express in Bochum<\/a><\/li><li class='ez-toc-page-1 ez-toc-heading-level-4'><a class=\"ez-toc-link ez-toc-heading-7\" href=\"https:\/\/loeben.net\/blog\/2023-2\/#Salut-Salon-Konzert\" >Salut Salon Konzert<\/a><\/li><li class='ez-toc-page-1 ez-toc-heading-level-4'><a class=\"ez-toc-link ez-toc-heading-8\" href=\"https:\/\/loeben.net\/blog\/2023-2\/#Michael-Mittermeier-im-Gloria-Koeln\" >Michael Mittermeier im Gloria K\u00f6ln<\/a><\/li><li class='ez-toc-page-1 ez-toc-heading-level-4'><a class=\"ez-toc-link ez-toc-heading-9\" href=\"https:\/\/loeben.net\/blog\/2023-2\/#Tagesausflug-zur-Burg-Vianden-Luxemburg\" >Tagesausflug zur Burg Vianden Luxemburg<\/a><\/li><li class='ez-toc-page-1 ez-toc-heading-level-4'><a class=\"ez-toc-link ez-toc-heading-10\" href=\"https:\/\/loeben.net\/blog\/2023-2\/#Tagesausflug-Elfrather-See-Krefeld\" >Tagesausflug Elfrather See Krefeld<\/a><\/li><li class='ez-toc-page-1 ez-toc-heading-level-4'><a class=\"ez-toc-link ez-toc-heading-11\" href=\"https:\/\/loeben.net\/blog\/2023-2\/#Da-schwimmt-ein-U-Boot-auf-dem-Rhein\" >Da schwimmt ein U-Boot auf dem Rhein<\/a><\/li><li class='ez-toc-page-1 ez-toc-heading-level-4'><a class=\"ez-toc-link ez-toc-heading-12\" href=\"https:\/\/loeben.net\/blog\/2023-2\/#Das-Finale-der-DFB-Frauen-in-Koeln\" >Das Finale der DFB Frauen in K\u00f6ln<\/a><\/li><li class='ez-toc-page-1 ez-toc-heading-level-4'><a class=\"ez-toc-link ez-toc-heading-13\" href=\"https:\/\/loeben.net\/blog\/2023-2\/#Berliner-Philharmoniker-%E2%80%9EEnd-of-season-concert%E2%80%9C-in-Berliner-Waldbuehne\" >Berliner Philharmoniker &#8222;End of season concert&#8220; in Berliner Waldb\u00fchne<\/a><\/li><li class='ez-toc-page-1 ez-toc-heading-level-4'><a class=\"ez-toc-link ez-toc-heading-14\" href=\"https:\/\/loeben.net\/blog\/2023-2\/#Im-Berliner-Kriminal-Theater-mit-Olli\" >Im Berliner Kriminal Theater mit Olli<\/a><\/li><li class='ez-toc-page-1 ez-toc-heading-level-4'><a class=\"ez-toc-link ez-toc-heading-15\" href=\"https:\/\/loeben.net\/blog\/2023-2\/#Friedrichstadtpalast\" >Friedrichstadtpalast<\/a><\/li><li class='ez-toc-page-1 ez-toc-heading-level-4'><a class=\"ez-toc-link ez-toc-heading-16\" href=\"https:\/\/loeben.net\/blog\/2023-2\/#Pnk-%E2%80%93-Berlin-Olympiastadion\" >P!nk &#8211; Berlin Olympiastadion<\/a><\/li><\/ul><\/li><li class='ez-toc-page-1 ez-toc-heading-level-3'><a class=\"ez-toc-link ez-toc-heading-17\" href=\"https:\/\/loeben.net\/blog\/2023-2\/#Reisen\" >Reisen<\/a><ul class='ez-toc-list-level-4' ><li class='ez-toc-heading-level-4'><a class=\"ez-toc-link ez-toc-heading-18\" href=\"https:\/\/loeben.net\/blog\/2023-2\/#Neuschwanstein\" >Neuschwanstein<\/a><\/li><li class='ez-toc-page-1 ez-toc-heading-level-4'><a class=\"ez-toc-link ez-toc-heading-19\" href=\"https:\/\/loeben.net\/blog\/2023-2\/#NRW-Audi-Stammtisch-Alpentour-Bruneck\" >NRW Audi Stammtisch Alpentour (Bruneck)<\/a><\/li><li class='ez-toc-page-1 ez-toc-heading-level-4'><a class=\"ez-toc-link ez-toc-heading-20\" href=\"https:\/\/loeben.net\/blog\/2023-2\/#Friedrichshafen-am-Bodensee\" >Friedrichshafen am Bodensee<\/a><ul class='ez-toc-list-level-5' ><li class='ez-toc-heading-level-5'><a class=\"ez-toc-link ez-toc-heading-21\" href=\"https:\/\/loeben.net\/blog\/2023-2\/#Konstanz\" >Konstanz<\/a><\/li><li class='ez-toc-page-1 ez-toc-heading-level-5'><a class=\"ez-toc-link ez-toc-heading-22\" href=\"https:\/\/loeben.net\/blog\/2023-2\/#Unteruhldingen\" >Unteruhldingen<\/a><\/li><li class='ez-toc-page-1 ez-toc-heading-level-5'><a class=\"ez-toc-link ez-toc-heading-23\" href=\"https:\/\/loeben.net\/blog\/2023-2\/#St-Martin-Langenargen\" >St. Martin Langenargen<\/a><\/li><li class='ez-toc-page-1 ez-toc-heading-level-5'><a class=\"ez-toc-link ez-toc-heading-24\" href=\"https:\/\/loeben.net\/blog\/2023-2\/#Schloss-Montfort\" >Schloss Montfort<\/a><\/li><li class='ez-toc-page-1 ez-toc-heading-level-5'><a class=\"ez-toc-link ez-toc-heading-25\" href=\"https:\/\/loeben.net\/blog\/2023-2\/#Bregenz\" >Bregenz<\/a><\/li><\/ul><\/li><li class='ez-toc-page-1 ez-toc-heading-level-4'><a class=\"ez-toc-link ez-toc-heading-26\" href=\"https:\/\/loeben.net\/blog\/2023-2\/#Bad-Harzburg\" >Bad Harzburg<\/a><\/li><li class='ez-toc-page-1 ez-toc-heading-level-4'><a class=\"ez-toc-link ez-toc-heading-27\" href=\"https:\/\/loeben.net\/blog\/2023-2\/#Magdeburg\" >Magdeburg<\/a><\/li><li class='ez-toc-page-1 ez-toc-heading-level-4'><a class=\"ez-toc-link ez-toc-heading-28\" href=\"https:\/\/loeben.net\/blog\/2023-2\/#Berlin\" >Berlin<\/a><\/li><li class='ez-toc-page-1 ez-toc-heading-level-4'><a class=\"ez-toc-link ez-toc-heading-29\" href=\"https:\/\/loeben.net\/blog\/2023-2\/#Potsdam\" >Potsdam<\/a><\/li><li class='ez-toc-page-1 ez-toc-heading-level-4'><a class=\"ez-toc-link ez-toc-heading-30\" href=\"https:\/\/loeben.net\/blog\/2023-2\/#2023er-A3Q-Pfalztour\" >2023er A3Q Pfalztour<\/a><ul class='ez-toc-list-level-5' ><li class='ez-toc-heading-level-5'><a class=\"ez-toc-link ez-toc-heading-31\" href=\"https:\/\/loeben.net\/blog\/2023-2\/#Heisse-Feger\" >Hei\u00dfe Feger<\/a><\/li><\/ul><\/li><li class='ez-toc-page-1 ez-toc-heading-level-4'><a class=\"ez-toc-link ez-toc-heading-32\" href=\"https:\/\/loeben.net\/blog\/2023-2\/#Vollbrand-in-der-vierten-Etage\" >Vollbrand in der vierten Etage<\/a><\/li><li class='ez-toc-page-1 ez-toc-heading-level-4'><a class=\"ez-toc-link ez-toc-heading-33\" href=\"https:\/\/loeben.net\/blog\/2023-2\/#Zum-Ring-mit-Markus-und-Leon\" >Zum Ring mit Markus und Leon<\/a><\/li><\/ul><\/li><\/ul><\/li><\/ul><\/li><\/ul><\/nav><\/div>\n<h1 class=\"wp-block-heading\"><span class=\"ez-toc-section\" id=\"Vor-dem-heissen-Herbst\"><\/span>Vor dem hei\u00dfen Herbst<span class=\"ez-toc-section-end\"><\/span><\/h1>\r\n\r\n\r\n\r\n<p>Wir sind ins 2023 mit viel Elan und vielen Ideen gestartet. Einige Reisepl\u00e4ne wollten und konnten wir realisieren. 2023 sollte f\u00fcr uns viele Aspekte und Perspektiven auf Lager haben, die uns extrem herausgefordert haben. Ich (Hanjo) bin im Januar offiziell in mein erstes Jahr Ruhestand und Privatier gestartet. Ein kleines IT-Projekt im Fr\u00fchjahr mit Olaf und dem \u00f6rtlichen <a href=\"https:\/\/www.tennis-kaarst.de\/webcam\/\" target=\"_blank\" rel=\"noreferrer noopener\">Tennisclub in Kaarst B\u00fcttgen<\/a> machte richtig viel Spa\u00df.<\/p>\r\n\r\n\r\n\r\n<p>Das Fr\u00fchjahr war mit vielen kulturellen H\u00f6hepunkten und Ausfl\u00fcgen in die Natur gespickt. Ende Mai sind wir zur ersten Alpentour nach <a href=\"https:\/\/de.wikipedia.org\/wiki\/Bruneck\" target=\"_blank\" rel=\"noreferrer noopener\">Bruneck<\/a> mit einem Stop in die Region <a href=\"https:\/\/de.wikipedia.org\/wiki\/Hohenschwangau\" target=\"_blank\" rel=\"noreferrer noopener\">Hohenschwangau<\/a> aufgebrochen.<\/p>\r\n\r\n\r\n\r\n<p>Die Sommerreise \u00fcber den Harz und Magdeburg nach Berlin hat uns aus mehrfacher Sicht begeistert. Wir wollten unter anderem den ehemaligen IT.NRW Webhosting-Mitstreiter Olli besuchen und die Berliner Philharmoniker live erleben. Schlie\u00dflich entwickelte sich nach unserer Kaprun Audi-NRW-Stammtisch Alpentour und der A3Q Pfalztour noch ein besonders nervenaufreibender Herbst.<\/p>\r\n\r\n\r\n\r\n<p>Es wurde ein hei\u00dfer Herbst mit einem Vollbrandereignis in der vierten Etage der Platanenstra\u00dfe mit erheblichen Sachsch\u00e4den und ohne Personenschaden. Ein Herbst der nichts mit Hoch- und Tiefdruckzonen, Temperaturen oder Niederschl\u00e4gen gemeinsam hatte. Den Verursacher wollen alle Mieter und Eigent\u00fcmer nicht mehr im Haus haben und die Sachsch\u00e4den werden uns in 2024 noch lange besch\u00e4ftigen, weil bei der Evakuierung und den umfangreichen L\u00f6scharbeiten einiges &#8222;zu Bruch gegangen ist.<\/p>\r\n\r\n\r\n\r\n<p>Im Nachhinein sehe ich die <strong>pyromanischen Silvester Feuerwerks-Eskapaden<\/strong> dieses Mieters aus einer ganz anderen Perspektive \ud83d\ude2e<\/p>\r\n\r\n\r\n\r\n<p>Ab dem 11. Oktober hat ein Ereignis in unserem Leben tiefgreifende Spuren hinterlassen. In der ersten Januarwoche 2024 klopfte sogar der Sensenmann an meine T\u00fcr. Weil dieser Umstand den Artikel hier sprengen w\u00fcrde und das Thema f\u00fcr uns einen hohen Stellenwert hat, werde ich diese Phase in einem dreiteiligen Beitrag (<a href=\"https:\/\/loeben.net\/blog\/mm\/\" data-type=\"post\" data-id=\"1993\">Teil1<\/a> \/ <a href=\"https:\/\/loeben.net\/blog\/2023er-highlights-q4-2-3\/\" data-type=\"post\" data-id=\"2036\">Teil2<\/a> \/ <a href=\"https:\/\/loeben.net\/blog\/2023er-highlights-q4-3-3\/\" data-type=\"post\" data-id=\"2040\">Teil3<\/a>) beschreiben.<\/p>\r\n\r\n\r\n\r\n<h2 class=\"wp-block-heading\"><span class=\"ez-toc-section\" id=\"2023er-Uebersicht\"><\/span>2023er \u00dcbersicht<span class=\"ez-toc-section-end\"><\/span><\/h2>\r\n\r\n\r\n\r\n<ul class=\"wp-block-list\">\r\n<li>13. Januar 2023: GOP Variet\u00e9-Theater Essen<\/li>\r\n\r\n\r\n\r\n<li>26. Januar: Eckart von Hirschhausen<\/li>\r\n\r\n\r\n\r\n<li>27. Januar: Starlight Express in Bochum<\/li>\r\n\r\n\r\n\r\n<li>03. M\u00e4rz: Salut Salon Konzert<\/li>\r\n\r\n\r\n\r\n<li>15. M\u00e4rz: Projekt mit Olaf und dem TCGW B\u00fcttgen<\/li>\r\n\r\n\r\n\r\n<li>18. April: Michael Mittermeier im Gloria K\u00f6ln<\/li>\r\n\r\n\r\n\r\n<li>30. April: Tagesausflug Vianden Luxemburg<\/li>\r\n\r\n\r\n\r\n<li>13. Mai: Da schwimmt eine U-Boot auf dem Rhein<\/li>\r\n\r\n\r\n\r\n<li>14. Mai: Tagesausflug Elfrather See in Krefeld<\/li>\r\n\r\n\r\n\r\n<li>18. Mai. DFB Frauen Finale in K\u00f6ln<\/li>\r\n\r\n\r\n\r\n<li>27. Mai: Auf dem Weg in die Alpen (Bruneck) mit Stop over Neuschwanstein<\/li>\r\n\r\n\r\n\r\n<li>06. Juni: Auf der R\u00fcckreise aus den Alpen Stop over Friedrichshafen<\/li>\r\n\r\n\r\n\r\n<li>23.-29. Juni: Bad Harzburg, Magdeburg, Berlin, Potsdam<\/li>\r\n\r\n\r\n\r\n<li>24. Juni: <a href=\"https:\/\/web.archive.org\/web\/20230601232211\/https:\/\/www.berliner-philharmoniker.de\/en\/concert-in-the-waldbuehne\/\" target=\"_blank\" rel=\"noreferrer noopener\">Berliner Philharmoniker<\/a> &#8222;End of season concert&#8220; in der Berliner Waldb\u00fchne<\/li>\r\n\r\n\r\n\r\n<li>25. Juni: Olli &#8211; &#8222;Der Tag an dem der Papst gekidnappt wurde&#8220; im Berliner Kriminal Theater und anschl. lecker Essen<\/li>\r\n\r\n\r\n\r\n<li>27. Juni: Friedrichstadtpalast<\/li>\r\n\r\n\r\n\r\n<li>28. Juni: Pink in Berlin Olympiastadion<\/li>\r\n\r\n\r\n\r\n<li>29. August: Alpentour (Kaprun)<\/li>\r\n\r\n\r\n\r\n<li>12. September: Eulenbis Pfalztour<\/li>\r\n\r\n\r\n\r\n<li>07. Oktober: Mit Markus und Leon zum Ring<\/li>\r\n\r\n\r\n\r\n<li>21. Oktober: Vollbrand in der 4. Etage Platanenstra\u00dfe mit Sach- und ohne Personensch\u00e4den<\/li>\r\n<\/ul>\r\n\r\n\r\n\r\n<p><!--more--><\/p>\r\n\r\n\r\n\r\n<p>Starten wir mit den Konzerten und den kulturellen Ereignissen. Nachfolgend sind unsere Reisen beschrieben und viele Sehensw\u00fcrdigkeiten sind mit Fotos illustriert.<\/p>\r\n\r\n\r\n\r\n<h3 class=\"wp-block-heading\"><span class=\"ez-toc-section\" id=\"Konzerte-Kultur\"><\/span>Konzerte &amp; Kultur<span class=\"ez-toc-section-end\"><\/span><\/h3>\r\n\r\n\r\n\r\n<h4 class=\"wp-block-heading\"><span class=\"ez-toc-section\" id=\"GOP-Variete-Theater-Essen\"><\/span>GOP Variet\u00e9-Theater Essen<span class=\"ez-toc-section-end\"><\/span><\/h4>\r\n\r\n\r\n\r\n<p>Soweit ich mich erinnern kann, beschenkte uns vor vielen Jahren auf der Weihnachtsfeier meine ehemalige Wirkungsst\u00e4tte C-DATA f\u00fcr besonders herausragendes Leistungen mit einem Gutschein f\u00fcr das GOP Variet\u00e9-Theater in Essen. Mit den Erinnerungen an dieses Theater besuchten und g\u00f6nnten wir uns im Januar einen Abend voller Freude und Genuss mit Live-Unterhaltung.<\/p>\r\n\r\n\r\n\r\n<h4 class=\"wp-block-heading\"><span class=\"ez-toc-section\" id=\"Eckart-von-Hirschhausen-in-Aachen\"><\/span>Eckart von Hirschhausen in Aachen<span class=\"ez-toc-section-end\"><\/span><\/h4>\r\n\r\n\r\n\r\n<figure class=\"wp-block-image alignleft size-large is-resized is-style-rounded\"><a href=\"https:\/\/loeben.net\/blog\/wp-content\/uploads\/2024\/04\/20230126_235815-scaled.jpg\"><img loading=\"lazy\" decoding=\"async\" width=\"1024\" height=\"576\" class=\"wp-image-2232\" style=\"width: 153px; height: auto;\" src=\"https:\/\/loeben.net\/blog\/wp-content\/uploads\/2024\/04\/20230126_235815-1024x576.jpg\" alt=\"\" title=\"\" srcset=\"https:\/\/loeben.net\/blog\/wp-content\/uploads\/2024\/04\/20230126_235815-1024x576.jpg 1024w, https:\/\/loeben.net\/blog\/wp-content\/uploads\/2024\/04\/20230126_235815-300x169.jpg 300w, https:\/\/loeben.net\/blog\/wp-content\/uploads\/2024\/04\/20230126_235815-768x432.jpg 768w, https:\/\/loeben.net\/blog\/wp-content\/uploads\/2024\/04\/20230126_235815-1536x864.jpg 1536w, https:\/\/loeben.net\/blog\/wp-content\/uploads\/2024\/04\/20230126_235815-2048x1152.jpg 2048w\" sizes=\"auto, (max-width: 1024px) 100vw, 1024px\" \/><\/a><\/figure>\r\n\r\n\r\n\r\n<figure class=\"wp-block-image alignright size-large is-resized is-style-rounded\"><a href=\"https:\/\/loeben.net\/blog\/wp-content\/uploads\/2024\/04\/20230126_200715.jpg\"><img loading=\"lazy\" decoding=\"async\" width=\"1024\" height=\"545\" class=\"wp-image-2231\" style=\"width: 163px; height: auto;\" src=\"https:\/\/loeben.net\/blog\/wp-content\/uploads\/2024\/04\/20230126_200715-1024x545.jpg\" alt=\"\" title=\"\" srcset=\"https:\/\/loeben.net\/blog\/wp-content\/uploads\/2024\/04\/20230126_200715-1024x545.jpg 1024w, https:\/\/loeben.net\/blog\/wp-content\/uploads\/2024\/04\/20230126_200715-300x160.jpg 300w, https:\/\/loeben.net\/blog\/wp-content\/uploads\/2024\/04\/20230126_200715-768x409.jpg 768w, https:\/\/loeben.net\/blog\/wp-content\/uploads\/2024\/04\/20230126_200715-1536x817.jpg 1536w, https:\/\/loeben.net\/blog\/wp-content\/uploads\/2024\/04\/20230126_200715-2048x1090.jpg 2048w\" sizes=\"auto, (max-width: 1024px) 100vw, 1024px\" \/><\/a><\/figure>\r\n\r\n\r\n\r\n<p>Wer ist dieser Dr. Eckart von Hirschhausen?<\/p>\r\n\r\n\r\n\r\n<p>Im Januar 2023 wollten wir auch das letzte Soloprogramm vom Eckart von Hirschhausen <a href=\"https:\/\/web.archive.org\/web\/20241113043921\/https:\/\/www.ardmediathek.de\/video\/unterhaltung\/mensch-hirschhausen-das-soloprogramm-von-eckart-von-hirschhausen\/das-erste\/Y3JpZDovL3dkci5kZS9CZWl0cmFnLXNvcGhvcmEtMjg3OTY2MGQtMGM0Ni00N2NhLWE4ZWQtNjBhZTZlZGI4MTky\" target=\"_blank\" rel=\"noreferrer noopener\">Mensch, Hirschhausen!<\/a> besuchen. Intelligente Unterhaltung mit Tiefgang hat unsere grauen Zellen inspiriert und gut unterhalten.<\/p>\r\n\r\n\r\n\r\n<p>Eine <a href=\"https:\/\/web.archive.org\/web\/20241113043921\/https:\/\/www.ardmediathek.de\/video\/unterhaltung\/mensch-hirschhausen-das-soloprogramm-von-eckart-von-hirschhausen\/das-erste\/Y3JpZDovL3dkci5kZS9CZWl0cmFnLXNvcGhvcmEtMjg3OTY2MGQtMGM0Ni00N2NhLWE4ZWQtNjBhZTZlZGI4MTky\" target=\"_blank\" rel=\"noreferrer noopener\">Aufzeichnung<\/a> ist in der <a href=\"https:\/\/web.archive.org\/web\/20241113043921\/https:\/\/www.ardmediathek.de\/video\/unterhaltung\/mensch-hirschhausen-das-soloprogramm-von-eckart-von-hirschhausen\/das-erste\/Y3JpZDovL3dkci5kZS9CZWl0cmFnLXNvcGhvcmEtMjg3OTY2MGQtMGM0Ni00N2NhLWE4ZWQtNjBhZTZlZGI4MTky\" target=\"_blank\" rel=\"noreferrer noopener\">ARD Mediathek<\/a> noch bis zum 04.04.2025 20:15 Uhr) verf\u00fcgbar.<\/p>\r\n\r\n\r\n\r\n<blockquote class=\"wp-block-quote is-layout-flow wp-block-quote-is-layout-flow\">\r\n<p>Arzt, Kabarettist, Showmoderator und Wissenschaftsvermittler zwischen Medizin, Unterhaltung und Menschsein: Das ist Eckart von Hirschhausen.<br \/><br \/>Dr. Eckart von Hirschhausen ist nicht nur Arzt, Buchautor und TV-Moderator, sondern auch einer der erfolgreichsten Live-Entertainer Deutschlands. Mit seiner einzigartigen Mischung aus Wissenschaft, Humor und Tiefsinn begeistert er sein Publikum seit Jahren auf den B\u00fchnen der Republik. Die 90-min\u00fctige Soloshow &#8222;Mensch, Hirschhausen!&#8220; ist ein Spiegelbild seiner Vielseitigkeit und verspricht einen Abend voller Emotionen und Erkenntnisse.<\/p>\r\n<\/blockquote>\r\n\r\n\r\n\r\n<h4 class=\"wp-block-heading\"><span class=\"ez-toc-section\" id=\"Starlight-Express-in-Bochum\"><\/span>Starlight Express in Bochum<span class=\"ez-toc-section-end\"><\/span><\/h4>\r\n\r\n\r\n\r\n<figure class=\"wp-block-image alignleft size-large is-resized is-style-rounded\"><a href=\"https:\/\/loeben.net\/blog\/wp-content\/uploads\/2024\/04\/20230127_185602-scaled.jpg\"><img loading=\"lazy\" decoding=\"async\" width=\"1024\" height=\"576\" class=\"wp-image-2210\" style=\"width: 244px; height: auto;\" src=\"https:\/\/loeben.net\/blog\/wp-content\/uploads\/2024\/04\/20230127_185602-1024x576.jpg\" alt=\"\" title=\"\" srcset=\"https:\/\/loeben.net\/blog\/wp-content\/uploads\/2024\/04\/20230127_185602-1024x576.jpg 1024w, https:\/\/loeben.net\/blog\/wp-content\/uploads\/2024\/04\/20230127_185602-300x169.jpg 300w, https:\/\/loeben.net\/blog\/wp-content\/uploads\/2024\/04\/20230127_185602-768x432.jpg 768w, https:\/\/loeben.net\/blog\/wp-content\/uploads\/2024\/04\/20230127_185602-1536x864.jpg 1536w, https:\/\/loeben.net\/blog\/wp-content\/uploads\/2024\/04\/20230127_185602-2048x1152.jpg 2048w\" sizes=\"auto, (max-width: 1024px) 100vw, 1024px\" \/><\/a>\r\n<figcaption class=\"wp-element-caption\">Die Dampfmaschine steht ohne Gleisanschluss vor dem Theater in Bochum<\/figcaption>\r\n<\/figure>\r\n\r\n\r\n\r\n<figure class=\"wp-block-image alignright size-large is-resized is-style-rounded\"><a href=\"https:\/\/loeben.net\/blog\/wp-content\/uploads\/2024\/04\/Starlight_Express_Theater_Portal-scaled.jpg\"><img loading=\"lazy\" decoding=\"async\" width=\"1024\" height=\"683\" class=\"wp-image-2115\" style=\"width: 209px; height: auto;\" src=\"https:\/\/loeben.net\/blog\/wp-content\/uploads\/2024\/04\/Starlight_Express_Theater_Portal-1024x683.jpg\" alt=\"Starlight Express Theater Portal in Bochum\" title=\"\" srcset=\"https:\/\/loeben.net\/blog\/wp-content\/uploads\/2024\/04\/Starlight_Express_Theater_Portal-1024x683.jpg 1024w, https:\/\/loeben.net\/blog\/wp-content\/uploads\/2024\/04\/Starlight_Express_Theater_Portal-300x200.jpg 300w, https:\/\/loeben.net\/blog\/wp-content\/uploads\/2024\/04\/Starlight_Express_Theater_Portal-768x512.jpg 768w, https:\/\/loeben.net\/blog\/wp-content\/uploads\/2024\/04\/Starlight_Express_Theater_Portal-1536x1024.jpg 1536w, https:\/\/loeben.net\/blog\/wp-content\/uploads\/2024\/04\/Starlight_Express_Theater_Portal-2048x1365.jpg 2048w\" sizes=\"auto, (max-width: 1024px) 100vw, 1024px\" \/><\/a>\r\n<figcaption class=\"wp-element-caption\">Starlight Express Theater &#8211; Portaleingang<\/figcaption>\r\n<\/figure>\r\n\r\n\r\n\r\n<p>Die Urauff\u00fchrung des <a href=\"https:\/\/de.wikipedia.org\/wiki\/Starlight_Express\" target=\"_blank\" rel=\"noreferrer noopener\">Musical &#8222;Starlight Express&#8220;<\/a> war in den 80igern und das Werk von dem britischen Komponisten <a href=\"https:\/\/de.wikipedia.org\/wiki\/Andrew_Lloyd_Webber\" target=\"_blank\" rel=\"noreferrer noopener\">Andrew Lloyd Webber<\/a>. Ende der 80iger hatte ich den Express schon auf meiner Bucket-Liste. Jetzt konnte ich auch diesen Punkt abhaken.<\/p>\r\n\r\n\r\n\r\n<p>Renate konnte im Netz besonders g\u00fcnstige gute Karten ergattern, wir hatten Zeit und fuhren spontan nach Bochum ins <a href=\"https:\/\/de.wikipedia.org\/wiki\/Starlight_Express_Theater\" target=\"_blank\" rel=\"noreferrer noopener\">Starlight Express Theater<\/a>. Long story short: Es war ein toller Abend!<\/p>\r\n\r\n\r\n\r\n<h4 class=\"wp-block-heading\"><span class=\"ez-toc-section\" id=\"Salut-Salon-Konzert\"><\/span>Salut Salon Konzert<span class=\"ez-toc-section-end\"><\/span><\/h4>\r\n\r\n\r\n\r\n<figure class=\"wp-block-embed alignfull is-type-video is-provider-youtube wp-block-embed-youtube wp-embed-aspect-16-9 wp-has-aspect-ratio\">\r\n<div class=\"wp-block-embed__wrapper\">\r\n<p><iframe loading=\"lazy\" title=\"Salut Salon | ARD Morgenmagazin\" width=\"500\" height=\"281\" src=\"https:\/\/www.youtube.com\/embed\/Gt_LG5OJyjU?feature=oembed\" frameborder=\"0\" allow=\"accelerometer; autoplay; clipboard-write; encrypted-media; gyroscope; picture-in-picture; web-share\" referrerpolicy=\"strict-origin-when-cross-origin\" allowfullscreen><\/iframe><\/p>\r\n<\/div>\r\n<figcaption class=\"wp-element-caption\">Salut Salon zu Gast im Morgenmagazin der ARD<\/figcaption>\r\n<\/figure>\r\n\r\n\r\n\r\n<div class=\"wp-block-columns is-layout-flex wp-container-core-columns-is-layout-28f84493 wp-block-columns-is-layout-flex\">\r\n<div class=\"wp-block-column is-vertically-aligned-bottom is-layout-flow wp-block-column-is-layout-flow\" style=\"flex-basis: 100%;\">\r\n<figure class=\"wp-block-image alignright size-large is-resized\"><a href=\"https:\/\/loeben.net\/blog\/wp-content\/uploads\/2024\/04\/20230303_232551-scaled.jpg\"><img loading=\"lazy\" decoding=\"async\" width=\"1024\" height=\"581\" class=\"wp-image-2252\" style=\"width: 331px; height: auto;\" src=\"https:\/\/loeben.net\/blog\/wp-content\/uploads\/2024\/04\/20230303_232551-1024x581.jpg\" alt=\"\" title=\"\" srcset=\"https:\/\/loeben.net\/blog\/wp-content\/uploads\/2024\/04\/20230303_232551-1024x581.jpg 1024w, https:\/\/loeben.net\/blog\/wp-content\/uploads\/2024\/04\/20230303_232551-300x170.jpg 300w, https:\/\/loeben.net\/blog\/wp-content\/uploads\/2024\/04\/20230303_232551-768x436.jpg 768w, https:\/\/loeben.net\/blog\/wp-content\/uploads\/2024\/04\/20230303_232551-1536x871.jpg 1536w, https:\/\/loeben.net\/blog\/wp-content\/uploads\/2024\/04\/20230303_232551-2048x1162.jpg 2048w\" sizes=\"auto, (max-width: 1024px) 100vw, 1024px\" \/><\/a>\r\n<figcaption class=\"wp-element-caption\">Eintrittskarte zum Savoy Theater, D\u00fcsseldorf<\/figcaption>\r\n<\/figure>\r\n\r\n\r\n\r\n<p>Erst konnte ich mit &#8222;Salut Salon&#8220; wenig anfangen und hatte keinerlei Erwartungshaltung. Ich habe mich \u00fcberraschen lassen.<\/p>\r\n\r\n\r\n\r\n<p>Die Art und Methode Streichmusik und Klassik mit einem Augenzwinkern zu spielen, hat mich begeistert.<\/p>\r\n\r\n\r\n\r\n<p>&nbsp;<\/p>\r\n<\/div>\r\n<\/div>\r\n\r\n\r\n\r\n<figure data-wp-context=\"{&quot;imageId&quot;:&quot;69ef342172c41&quot;}\" data-wp-interactive=\"core\/image\" data-wp-key=\"69ef342172c41\" class=\"wp-block-image alignright size-large is-resized wp-lightbox-container\"><img loading=\"lazy\" decoding=\"async\" width=\"372\" height=\"1024\" data-wp-class--hide=\"state.isContentHidden\" data-wp-class--show=\"state.isContentVisible\" data-wp-init=\"callbacks.setButtonStyles\" data-wp-on--click=\"actions.showLightbox\" data-wp-on--load=\"callbacks.setButtonStyles\" data-wp-on-window--resize=\"callbacks.setButtonStyles\" class=\"wp-image-2265\" style=\"width: 106px; height: auto;\" src=\"https:\/\/loeben.net\/blog\/wp-content\/uploads\/2024\/04\/20230303_232627-372x1024.jpg\" alt=\"\" title=\"\" srcset=\"https:\/\/loeben.net\/blog\/wp-content\/uploads\/2024\/04\/20230303_232627-372x1024.jpg 372w, https:\/\/loeben.net\/blog\/wp-content\/uploads\/2024\/04\/20230303_232627-109x300.jpg 109w, https:\/\/loeben.net\/blog\/wp-content\/uploads\/2024\/04\/20230303_232627-768x2115.jpg 768w, https:\/\/loeben.net\/blog\/wp-content\/uploads\/2024\/04\/20230303_232627-558x1536.jpg 558w, https:\/\/loeben.net\/blog\/wp-content\/uploads\/2024\/04\/20230303_232627-744x2048.jpg 744w, https:\/\/loeben.net\/blog\/wp-content\/uploads\/2024\/04\/20230303_232627-scaled.jpg 930w\" sizes=\"auto, (max-width: 372px) 100vw, 372px\" \/><button\n\t\t\tclass=\"lightbox-trigger\"\n\t\t\ttype=\"button\"\n\t\t\taria-haspopup=\"dialog\"\n\t\t\taria-label=\"Vergr\u00f6\u00dfern\"\n\t\t\tdata-wp-init=\"callbacks.initTriggerButton\"\n\t\t\tdata-wp-on--click=\"actions.showLightbox\"\n\t\t\tdata-wp-style--right=\"state.imageButtonRight\"\n\t\t\tdata-wp-style--top=\"state.imageButtonTop\"\n\t\t>\n\t\t\t<svg xmlns=\"http:\/\/www.w3.org\/2000\/svg\" width=\"12\" height=\"12\" fill=\"none\" viewBox=\"0 0 12 12\">\n\t\t\t\t<path fill=\"#fff\" d=\"M2 0a2 2 0 0 0-2 2v2h1.5V2a.5.5 0 0 1 .5-.5h2V0H2Zm2 10.5H2a.5.5 0 0 1-.5-.5V8H0v2a2 2 0 0 0 2 2h2v-1.5ZM8 12v-1.5h2a.5.5 0 0 0 .5-.5V8H12v2a2 2 0 0 1-2 2H8Zm2-12a2 2 0 0 1 2 2v2h-1.5V2a.5.5 0 0 0-.5-.5H8V0h2Z\" \/>\n\t\t\t<\/svg>\n\t\t<\/button>\r\n<figcaption class=\"wp-element-caption\">Setlist 1\/2 bis zu Pause<\/figcaption>\r\n<\/figure>\r\n\r\n\r\n\r\n<p>Mao und Eva hatten die Idee. Sie haben uns gefragt, ob wir sie in das Konzert begleiten wollen.<\/p>\r\n\r\n\r\n\r\n<p>Eva, das war eine tolle Idee \ud83d\ude09<\/p>\r\n\r\n\r\n\r\n<h4 class=\"wp-block-heading\"><span class=\"ez-toc-section\" id=\"Michael-Mittermeier-im-Gloria-Koeln\"><\/span>Michael Mittermeier im Gloria K\u00f6ln<span class=\"ez-toc-section-end\"><\/span><\/h4>\r\n\r\n\r\n\r\n<figure class=\"wp-block-image alignleft size-large is-resized\"><a href=\"https:\/\/loeben.net\/blog\/wp-content\/uploads\/2024\/04\/20230418_212710.jpg\"><img loading=\"lazy\" decoding=\"async\" width=\"1024\" height=\"659\" class=\"wp-image-2317\" style=\"width: 250px; height: auto;\" src=\"https:\/\/loeben.net\/blog\/wp-content\/uploads\/2024\/04\/20230418_212710-1024x659.jpg\" alt=\"\" title=\"\" srcset=\"https:\/\/loeben.net\/blog\/wp-content\/uploads\/2024\/04\/20230418_212710-1024x659.jpg 1024w, https:\/\/loeben.net\/blog\/wp-content\/uploads\/2024\/04\/20230418_212710-300x193.jpg 300w, https:\/\/loeben.net\/blog\/wp-content\/uploads\/2024\/04\/20230418_212710-768x494.jpg 768w, https:\/\/loeben.net\/blog\/wp-content\/uploads\/2024\/04\/20230418_212710-1536x988.jpg 1536w, https:\/\/loeben.net\/blog\/wp-content\/uploads\/2024\/04\/20230418_212710-2048x1318.jpg 2048w\" sizes=\"auto, (max-width: 1024px) 100vw, 1024px\" \/><\/a><\/figure>\r\n\r\n\r\n\r\n<figure class=\"wp-block-image alignright size-large is-resized\"><a href=\"https:\/\/loeben.net\/blog\/wp-content\/uploads\/2024\/04\/Michael_Mittermeier-13-2000x1000-1.jpeg\"><img loading=\"lazy\" decoding=\"async\" width=\"1024\" height=\"512\" class=\"wp-image-2123\" style=\"width: 338px; height: auto;\" src=\"https:\/\/loeben.net\/blog\/wp-content\/uploads\/2024\/04\/Michael_Mittermeier-13-2000x1000-1-1024x512.jpeg\" alt=\"\" title=\"\" srcset=\"https:\/\/loeben.net\/blog\/wp-content\/uploads\/2024\/04\/Michael_Mittermeier-13-2000x1000-1-1024x512.jpeg 1024w, https:\/\/loeben.net\/blog\/wp-content\/uploads\/2024\/04\/Michael_Mittermeier-13-2000x1000-1-300x150.jpeg 300w, https:\/\/loeben.net\/blog\/wp-content\/uploads\/2024\/04\/Michael_Mittermeier-13-2000x1000-1-768x384.jpeg 768w, https:\/\/loeben.net\/blog\/wp-content\/uploads\/2024\/04\/Michael_Mittermeier-13-2000x1000-1-1536x768.jpeg 1536w, https:\/\/loeben.net\/blog\/wp-content\/uploads\/2024\/04\/Michael_Mittermeier-13-2000x1000-1.jpeg 2000w\" sizes=\"auto, (max-width: 1024px) 100vw, 1024px\" \/><\/a><\/figure>\r\n\r\n\r\n\r\n<p>Wir sind schon lange Fans von Michael Fritz Mittermeier und hatten den Komiker, Autor und <a href=\"https:\/\/de.wikipedia.org\/wiki\/U2_(Band)\" target=\"_blank\" rel=\"noreferrer noopener\">U2<\/a> Fan noch nie &#8222;live&#8220; erlebt. Nach der zweij\u00e4hrigen Pandemie-Verz\u00f6gerung und seinem Programm &#8222;<a href=\"https:\/\/www.rundschau-online.de\/koeln\/koeln-innenstadt\/altstadt-nord\/koeln-michael-mittermeier-im-gloria-uebers-kiffen-553227\" target=\"_blank\" rel=\"noreferrer noopener\">Jetzt schl\u00e4gt&#8217;s #13<\/a>&#8222;, aufgef\u00fchrt im Gloria in K\u00f6ln, sollte sich das im April 2023 \u00e4ndern.<\/p>\r\n\r\n\r\n\r\n<blockquote class=\"wp-block-quote is-layout-flow wp-block-quote-is-layout-flow\">\r\n<p>Der Godfather der Deutschen Stand Up Michael Mittermeier macht das Dutzend mehr als voll. Programm Nr. 13! F\u00fcr alle, die auch mal gerne im Flugzeug in Reihe 13 sitzen. Und f\u00fcr alle <a href=\"https:\/\/de.wikipedia.org\/wiki\/Triskaidekaphobie\" target=\"_blank\" rel=\"noreferrer noopener\">Triskaidekaphobier<\/a> ist ein besonderer Platz reserviert. F\u00fcrchtet Euch nicht, denn God is a Comedian, but the Devil&#8217;s got Funny Bones.<\/p>\r\n<cite><a href=\"https:\/\/gloria.koeln\/programm\/michael-mitterme\" target=\"_blank\" rel=\"noreferrer noopener\">https:\/\/gloria.koeln\/programm\/michael-mitterme<\/a><\/cite><\/blockquote>\r\n\r\n\r\n\r\n<h4 class=\"wp-block-heading\"><span class=\"ez-toc-section\" id=\"Tagesausflug-zur-Burg-Vianden-Luxemburg\"><\/span>Tagesausflug zur Burg Vianden Luxemburg<span class=\"ez-toc-section-end\"><\/span><\/h4>\r\n\r\n\r\n\r\n<figure class=\"wp-block-image alignright size-large is-resized\"><a href=\"https:\/\/loeben.net\/blog\/wp-content\/uploads\/2024\/04\/2880px-Burg_Vianden_2009-1-scaled.jpg\"><img loading=\"lazy\" decoding=\"async\" width=\"1024\" height=\"768\" class=\"wp-image-2131\" style=\"width: 295px; height: auto;\" src=\"https:\/\/loeben.net\/blog\/wp-content\/uploads\/2024\/04\/2880px-Burg_Vianden_2009-1-1024x768.jpg\" alt=\"Burg Vianden in Luxemburg\" title=\"\" srcset=\"https:\/\/loeben.net\/blog\/wp-content\/uploads\/2024\/04\/2880px-Burg_Vianden_2009-1-1024x768.jpg 1024w, https:\/\/loeben.net\/blog\/wp-content\/uploads\/2024\/04\/2880px-Burg_Vianden_2009-1-300x225.jpg 300w, https:\/\/loeben.net\/blog\/wp-content\/uploads\/2024\/04\/2880px-Burg_Vianden_2009-1-768x576.jpg 768w, https:\/\/loeben.net\/blog\/wp-content\/uploads\/2024\/04\/2880px-Burg_Vianden_2009-1-1536x1152.jpg 1536w, https:\/\/loeben.net\/blog\/wp-content\/uploads\/2024\/04\/2880px-Burg_Vianden_2009-1-2048x1536.jpg 2048w\" sizes=\"auto, (max-width: 1024px) 100vw, 1024px\" \/><\/a><\/figure>\r\n\r\n\r\n\r\n<figure class=\"wp-block-image alignleft size-large is-resized\"><a href=\"https:\/\/loeben.net\/blog\/wp-content\/uploads\/2024\/04\/20230430_114418-scaled.jpg\"><img loading=\"lazy\" decoding=\"async\" width=\"1024\" height=\"576\" class=\"wp-image-2134\" style=\"width: 315px; height: auto;\" src=\"https:\/\/loeben.net\/blog\/wp-content\/uploads\/2024\/04\/20230430_114418-1024x576.jpg\" alt=\"\" title=\"\" srcset=\"https:\/\/loeben.net\/blog\/wp-content\/uploads\/2024\/04\/20230430_114418-1024x576.jpg 1024w, https:\/\/loeben.net\/blog\/wp-content\/uploads\/2024\/04\/20230430_114418-300x169.jpg 300w, https:\/\/loeben.net\/blog\/wp-content\/uploads\/2024\/04\/20230430_114418-768x432.jpg 768w, https:\/\/loeben.net\/blog\/wp-content\/uploads\/2024\/04\/20230430_114418-1536x864.jpg 1536w, https:\/\/loeben.net\/blog\/wp-content\/uploads\/2024\/04\/20230430_114418-2048x1152.jpg 2048w\" sizes=\"auto, (max-width: 1024px) 100vw, 1024px\" \/><\/a><\/figure>\r\n\r\n\r\n\r\n<p>Die <a href=\"https:\/\/de.wikipedia.org\/wiki\/Vianden\" target=\"_blank\" rel=\"noreferrer noopener\">Burg Vianden<\/a> in Luxemburg wollten wir bei unseren Ausfl\u00fcgen in die Eifel und den Luxemburg Einkaufstouren (Kaffee &amp; Zigaretten &amp; Tanken) schon l\u00e4nger besichtigen und hatten dieses Sehensw\u00fcrdigkeit einige Zeit im Visier. Im April 2023 war das Wetter sonnig, trocken und die Temperaturen passten auch.<\/p>\r\n\r\n\r\n\r\n<p>So haben wir w\u00e4hrend eines Tagesausflugs den Fr\u00fchling mit gutem Wetter in Luxemburg genossen und die Burg Vianden besichtigt.<\/p>\r\n\r\n\r\n\r\n<p>Wer auch einen Besuch der Burg ins Auge fasst, dem empfehlen wir im Vorfeld den Besuch des Internetauftritts.<\/p>\r\n\r\n\r\n\r\n<figure class=\"wp-block-image aligncenter size-large is-resized\"><a href=\"https:\/\/loeben.net\/blog\/wp-content\/uploads\/2024\/04\/20230430_135109-scaled.jpg\"><img loading=\"lazy\" decoding=\"async\" width=\"1024\" height=\"803\" class=\"wp-image-2331\" style=\"width: 228px; height: auto;\" src=\"https:\/\/loeben.net\/blog\/wp-content\/uploads\/2024\/04\/20230430_135109-1024x803.jpg\" alt=\"\" title=\"\" srcset=\"https:\/\/loeben.net\/blog\/wp-content\/uploads\/2024\/04\/20230430_135109-1024x803.jpg 1024w, https:\/\/loeben.net\/blog\/wp-content\/uploads\/2024\/04\/20230430_135109-300x235.jpg 300w, https:\/\/loeben.net\/blog\/wp-content\/uploads\/2024\/04\/20230430_135109-768x603.jpg 768w, https:\/\/loeben.net\/blog\/wp-content\/uploads\/2024\/04\/20230430_135109-1536x1205.jpg 1536w, https:\/\/loeben.net\/blog\/wp-content\/uploads\/2024\/04\/20230430_135109-2048x1607.jpg 2048w\" sizes=\"auto, (max-width: 1024px) 100vw, 1024px\" \/><\/a>\r\n<figcaption class=\"wp-element-caption\">Der Blick von der Burg auf den Ort Vianden<\/figcaption>\r\n<\/figure>\r\n\r\n\r\n\r\n<p>Eine tolle <a href=\"https:\/\/castle-vianden.lu\/galerie\/\" target=\"_blank\" rel=\"noreferrer noopener\">Galerie<\/a> steigert die Vorfreude und hilft bei der Fokussierung. Das Zeitfenster f\u00fcr die Besichtigung der Burg hatten wir untersch\u00e4tzt. Ein gr\u00f6\u00dferes Zeitfenster (1-2 Stunden) w\u00e4re angemessen gewesen.<\/p>\r\n\r\n\r\n\r\n<h4 class=\"wp-block-heading\"><span class=\"ez-toc-section\" id=\"Tagesausflug-Elfrather-See-Krefeld\"><\/span>Tagesausflug Elfrather See Krefeld<span class=\"ez-toc-section-end\"><\/span><\/h4>\r\n\r\n\r\n\r\n<figure class=\"wp-block-image alignright size-large is-resized is-style-rounded\"><a href=\"https:\/\/loeben.net\/blog\/wp-content\/uploads\/2024\/04\/20230514_140049-scaled.jpg\"><img loading=\"lazy\" decoding=\"async\" width=\"1024\" height=\"768\" class=\"wp-image-2360\" style=\"width: 139px; height: auto;\" src=\"https:\/\/loeben.net\/blog\/wp-content\/uploads\/2024\/04\/20230514_140049-1024x768.jpg\" alt=\"Elfrather See in Krefeld\" title=\"\" srcset=\"https:\/\/loeben.net\/blog\/wp-content\/uploads\/2024\/04\/20230514_140049-1024x768.jpg 1024w, https:\/\/loeben.net\/blog\/wp-content\/uploads\/2024\/04\/20230514_140049-300x225.jpg 300w, https:\/\/loeben.net\/blog\/wp-content\/uploads\/2024\/04\/20230514_140049-768x576.jpg 768w, https:\/\/loeben.net\/blog\/wp-content\/uploads\/2024\/04\/20230514_140049-1536x1152.jpg 1536w, https:\/\/loeben.net\/blog\/wp-content\/uploads\/2024\/04\/20230514_140049-2048x1536.jpg 2048w\" sizes=\"auto, (max-width: 1024px) 100vw, 1024px\" \/><\/a>\r\n<figcaption class=\"wp-element-caption\">Elfrather See in Krefeld<\/figcaption>\r\n<\/figure>\r\n\r\n\r\n\r\n<figure class=\"wp-block-image alignright size-large is-resized is-style-rounded\"><a href=\"https:\/\/loeben.net\/blog\/wp-content\/uploads\/2024\/04\/20230514_125325-scaled.jpg\"><img loading=\"lazy\" decoding=\"async\" width=\"1024\" height=\"576\" class=\"wp-image-2137\" style=\"width: 234px; height: auto;\" src=\"https:\/\/loeben.net\/blog\/wp-content\/uploads\/2024\/04\/20230514_125325-1024x576.jpg\" alt=\"\" title=\"\" srcset=\"https:\/\/loeben.net\/blog\/wp-content\/uploads\/2024\/04\/20230514_125325-1024x576.jpg 1024w, https:\/\/loeben.net\/blog\/wp-content\/uploads\/2024\/04\/20230514_125325-300x169.jpg 300w, https:\/\/loeben.net\/blog\/wp-content\/uploads\/2024\/04\/20230514_125325-768x432.jpg 768w, https:\/\/loeben.net\/blog\/wp-content\/uploads\/2024\/04\/20230514_125325-1536x864.jpg 1536w, https:\/\/loeben.net\/blog\/wp-content\/uploads\/2024\/04\/20230514_125325-2048x1152.jpg 2048w\" sizes=\"auto, (max-width: 1024px) 100vw, 1024px\" \/><\/a><\/figure>\r\n\r\n\r\n\r\n<p>Das Kaiserwetter Mitte Mai 2023 lockte uns in die Nachbarstadt Krefeld und Renate w\u00e4hlte f\u00fcr einen ausgedehnten Sonntagsspaziergang dazu das Erholungsgebiet <a href=\"https:\/\/de.wikipedia.org\/wiki\/Elfrather_See\" target=\"_blank\" rel=\"noreferrer noopener\">Elfrather See<\/a> in Krefeld aus.<\/p>\r\n\r\n\r\n\r\n<p>Natur pur im Fr\u00fchsommer und f\u00fcr uns ein nahe liegendes Ausflugsziel, welches wir ganz sicher erneut ansteuern werden.<\/p>\r\n\r\n\r\n\r\n<h4 class=\"wp-block-heading\"><span class=\"ez-toc-section\" id=\"Da-schwimmt-ein-U-Boot-auf-dem-Rhein\"><\/span>Da schwimmt ein U-Boot auf dem Rhein<span class=\"ez-toc-section-end\"><\/span><\/h4>\r\n\r\n\r\n\r\n<figure class=\"wp-block-image alignright size-large is-resized is-style-rounded\"><a href=\"https:\/\/loeben.net\/blog\/wp-content\/uploads\/2024\/04\/20230513_1137.IMG_1317-scaled.jpg\"><img loading=\"lazy\" decoding=\"async\" width=\"1024\" height=\"576\" class=\"wp-image-2341\" style=\"width: 241px; height: auto;\" src=\"https:\/\/loeben.net\/blog\/wp-content\/uploads\/2024\/04\/20230513_1137.IMG_1317-1024x576.jpg\" alt=\"U-196 auf Abwegen und auf dem Weg in die neue Heimat\" title=\"\" srcset=\"https:\/\/loeben.net\/blog\/wp-content\/uploads\/2024\/04\/20230513_1137.IMG_1317-1024x576.jpg 1024w, https:\/\/loeben.net\/blog\/wp-content\/uploads\/2024\/04\/20230513_1137.IMG_1317-300x169.jpg 300w, https:\/\/loeben.net\/blog\/wp-content\/uploads\/2024\/04\/20230513_1137.IMG_1317-768x432.jpg 768w, https:\/\/loeben.net\/blog\/wp-content\/uploads\/2024\/04\/20230513_1137.IMG_1317-1536x865.jpg 1536w, https:\/\/loeben.net\/blog\/wp-content\/uploads\/2024\/04\/20230513_1137.IMG_1317-2048x1153.jpg 2048w\" sizes=\"auto, (max-width: 1024px) 100vw, 1024px\" \/><\/a>\r\n<figcaption class=\"wp-element-caption\">S-196 nicht im sondern auf dem Rhein<\/figcaption>\r\n<\/figure>\r\n\r\n\r\n\r\n<figure class=\"wp-block-image alignleft size-large is-resized is-style-rounded\"><a href=\"https:\/\/loeben.net\/blog\/wp-content\/uploads\/2024\/04\/20230513_1138.IMG_1318-scaled.jpg\"><img loading=\"lazy\" decoding=\"async\" width=\"1024\" height=\"576\" class=\"wp-image-2342\" style=\"width: 283px; height: auto;\" src=\"https:\/\/loeben.net\/blog\/wp-content\/uploads\/2024\/04\/20230513_1138.IMG_1318-1024x576.jpg\" alt=\"U-196\" title=\"\" srcset=\"https:\/\/loeben.net\/blog\/wp-content\/uploads\/2024\/04\/20230513_1138.IMG_1318-1024x576.jpg 1024w, https:\/\/loeben.net\/blog\/wp-content\/uploads\/2024\/04\/20230513_1138.IMG_1318-300x169.jpg 300w, https:\/\/loeben.net\/blog\/wp-content\/uploads\/2024\/04\/20230513_1138.IMG_1318-768x432.jpg 768w, https:\/\/loeben.net\/blog\/wp-content\/uploads\/2024\/04\/20230513_1138.IMG_1318-1536x865.jpg 1536w, https:\/\/loeben.net\/blog\/wp-content\/uploads\/2024\/04\/20230513_1138.IMG_1318-2048x1153.jpg 2048w\" sizes=\"auto, (max-width: 1024px) 100vw, 1024px\" \/><\/a><\/figure>\r\n\r\n\r\n\r\n<p>Ein U-Boot auf <a href=\"https:\/\/www.ddorf-aktuell.de\/2023\/05\/12\/duesseldorf-da-schwimmt-ein-u-boot-auf-dem-rhein\" target=\"_blank\" rel=\"noreferrer noopener\">Abwegen<\/a>. Durch die Presse und den \u00f6ffentlich rechtlichen Rundfunk sind wir auf den spektakul\u00e4ren Weg eines U-Bootes aufmerksam geworden.<\/p>\r\n\r\n\r\n\r\n<p>Im Netz konnte man die ungew\u00f6hnliche U-Boot-Reise verfolgen und das D\u00fcsseldorfer Zeitfenster abpassen. Wir haben uns die ungew\u00f6hnliche Fracht von der S\u00fcdbr\u00fccke, die D\u00fcsseldorf mit Neuss verbindet, angeschaut.<\/p>\r\n\r\n\r\n\r\n<p>S-196 bzw. U17 wurde \u00fcber den Rhein in das <a href=\"https:\/\/u17.technik-museum.de\/\" target=\"_blank\" rel=\"noreferrer noopener\">Technik-Museum<\/a> nach Sinsheim verschifft.<\/p>\r\n\r\n\r\n\r\n<figure class=\"wp-block-image aligncenter size-large is-resized is-style-rounded\"><a href=\"https:\/\/loeben.net\/blog\/wp-content\/uploads\/2024\/04\/20230527_1949.IMG_1320-scaled.jpg\"><img loading=\"lazy\" decoding=\"async\" width=\"1024\" height=\"576\" class=\"wp-image-2354\" style=\"width: 258px; height: auto;\" src=\"https:\/\/loeben.net\/blog\/wp-content\/uploads\/2024\/04\/20230527_1949.IMG_1320-1024x576.jpg\" alt=\"\" title=\"\" srcset=\"https:\/\/loeben.net\/blog\/wp-content\/uploads\/2024\/04\/20230527_1949.IMG_1320-1024x576.jpg 1024w, https:\/\/loeben.net\/blog\/wp-content\/uploads\/2024\/04\/20230527_1949.IMG_1320-300x169.jpg 300w, https:\/\/loeben.net\/blog\/wp-content\/uploads\/2024\/04\/20230527_1949.IMG_1320-768x432.jpg 768w, https:\/\/loeben.net\/blog\/wp-content\/uploads\/2024\/04\/20230527_1949.IMG_1320-1536x865.jpg 1536w, https:\/\/loeben.net\/blog\/wp-content\/uploads\/2024\/04\/20230527_1949.IMG_1320-2048x1153.jpg 2048w\" sizes=\"auto, (max-width: 1024px) 100vw, 1024px\" \/><\/a><\/figure>\r\n\r\n\r\n\r\n<p>&nbsp;<\/p>\r\n\r\n\r\n\r\n<h4 class=\"wp-block-heading\"><span class=\"ez-toc-section\" id=\"Das-Finale-der-DFB-Frauen-in-Koeln\"><\/span>Das Finale der DFB Frauen in K\u00f6ln<span class=\"ez-toc-section-end\"><\/span><\/h4>\r\n\r\n\r\n\r\n<p>Uns ging es weniger um die Siegerinnen oder das Spielergebnis. Mehr interessierte uns das vom DFB organisierte Rahmenprogramm und die Live-Atmosph\u00e4re im Stadion. Beides \u00fcberzeugte uns und wir erlebten bei sommerlicher Witterung einen tollen Tag im und um das Stadion des <a href=\"https:\/\/fc.de\/\" target=\"_blank\" rel=\"noreferrer noopener\"><strong>FC<\/strong><\/a>. Das K\u00f6lsch hat mich jetzt so nicht \u00fcberzeugt ;-). Ich bin da eher der Fan des &#8222;<a href=\"https:\/\/fuechschen.de\/\" target=\"_blank\" rel=\"noreferrer noopener\">D\u00fcsseldorf Altbiers<\/a>&#8222;. \ud83d\ude2e<\/p>\r\n\r\n\r\n\r\n<figure class=\"wp-block-gallery has-nested-images columns-default is-cropped wp-block-gallery-2 is-layout-flex wp-block-gallery-is-layout-flex\">\r\n<figure class=\"wp-block-image size-large\"><a href=\"https:\/\/loeben.net\/blog\/wp-content\/uploads\/2024\/04\/20230518_132132-scaled.jpg\"><img loading=\"lazy\" decoding=\"async\" width=\"1024\" height=\"576\" data-id=\"2142\" class=\"wp-image-2142\" src=\"https:\/\/loeben.net\/blog\/wp-content\/uploads\/2024\/04\/20230518_132132-1024x576.jpg\" alt=\"\" title=\"\" srcset=\"https:\/\/loeben.net\/blog\/wp-content\/uploads\/2024\/04\/20230518_132132-1024x576.jpg 1024w, https:\/\/loeben.net\/blog\/wp-content\/uploads\/2024\/04\/20230518_132132-300x169.jpg 300w, https:\/\/loeben.net\/blog\/wp-content\/uploads\/2024\/04\/20230518_132132-768x432.jpg 768w, https:\/\/loeben.net\/blog\/wp-content\/uploads\/2024\/04\/20230518_132132-1536x864.jpg 1536w, https:\/\/loeben.net\/blog\/wp-content\/uploads\/2024\/04\/20230518_132132-2048x1152.jpg 2048w\" sizes=\"auto, (max-width: 1024px) 100vw, 1024px\" \/><\/a><\/figure>\r\n\r\n\r\n\r\n<figure class=\"wp-block-image size-large\"><a href=\"https:\/\/loeben.net\/blog\/wp-content\/uploads\/2024\/04\/20230518_164058-scaled.jpg\"><img loading=\"lazy\" decoding=\"async\" width=\"1024\" height=\"576\" data-id=\"2141\" class=\"wp-image-2141\" src=\"https:\/\/loeben.net\/blog\/wp-content\/uploads\/2024\/04\/20230518_164058-1024x576.jpg\" alt=\"\" title=\"\" srcset=\"https:\/\/loeben.net\/blog\/wp-content\/uploads\/2024\/04\/20230518_164058-1024x576.jpg 1024w, https:\/\/loeben.net\/blog\/wp-content\/uploads\/2024\/04\/20230518_164058-300x169.jpg 300w, https:\/\/loeben.net\/blog\/wp-content\/uploads\/2024\/04\/20230518_164058-768x432.jpg 768w, https:\/\/loeben.net\/blog\/wp-content\/uploads\/2024\/04\/20230518_164058-1536x864.jpg 1536w, https:\/\/loeben.net\/blog\/wp-content\/uploads\/2024\/04\/20230518_164058-2048x1152.jpg 2048w\" sizes=\"auto, (max-width: 1024px) 100vw, 1024px\" \/><\/a><\/figure>\r\n\r\n\r\n\r\n<figure class=\"wp-block-image size-large\"><a href=\"https:\/\/loeben.net\/blog\/wp-content\/uploads\/2024\/04\/20230518_164025-scaled.jpg\"><img loading=\"lazy\" decoding=\"async\" width=\"1024\" height=\"576\" data-id=\"2140\" class=\"wp-image-2140\" src=\"https:\/\/loeben.net\/blog\/wp-content\/uploads\/2024\/04\/20230518_164025-1024x576.jpg\" alt=\"\" title=\"\" srcset=\"https:\/\/loeben.net\/blog\/wp-content\/uploads\/2024\/04\/20230518_164025-1024x576.jpg 1024w, https:\/\/loeben.net\/blog\/wp-content\/uploads\/2024\/04\/20230518_164025-300x169.jpg 300w, https:\/\/loeben.net\/blog\/wp-content\/uploads\/2024\/04\/20230518_164025-768x432.jpg 768w, https:\/\/loeben.net\/blog\/wp-content\/uploads\/2024\/04\/20230518_164025-1536x864.jpg 1536w, https:\/\/loeben.net\/blog\/wp-content\/uploads\/2024\/04\/20230518_164025-2048x1152.jpg 2048w\" sizes=\"auto, (max-width: 1024px) 100vw, 1024px\" \/><\/a><\/figure>\r\n<\/figure>\r\n\r\n\r\n\r\n<h4 class=\"wp-block-heading\"><span class=\"ez-toc-section\" id=\"Berliner-Philharmoniker-%E2%80%9EEnd-of-season-concert%E2%80%9C-in-Berliner-Waldbuehne\"><\/span>Berliner Philharmoniker &#8222;End of season concert&#8220; in Berliner Waldb\u00fchne<span class=\"ez-toc-section-end\"><\/span><\/h4>\r\n\r\n\r\n\r\n<figure class=\"wp-block-image alignright size-large is-resized\"><a href=\"https:\/\/loeben.net\/blog\/wp-content\/uploads\/2024\/04\/20230624_184551-scaled.jpg\"><img loading=\"lazy\" decoding=\"async\" width=\"1024\" height=\"576\" class=\"wp-image-2150\" style=\"width: 264px; height: auto;\" src=\"https:\/\/loeben.net\/blog\/wp-content\/uploads\/2024\/04\/20230624_184551-1024x576.jpg\" alt=\"\" title=\"\" srcset=\"https:\/\/loeben.net\/blog\/wp-content\/uploads\/2024\/04\/20230624_184551-1024x576.jpg 1024w, https:\/\/loeben.net\/blog\/wp-content\/uploads\/2024\/04\/20230624_184551-300x169.jpg 300w, https:\/\/loeben.net\/blog\/wp-content\/uploads\/2024\/04\/20230624_184551-768x432.jpg 768w, https:\/\/loeben.net\/blog\/wp-content\/uploads\/2024\/04\/20230624_184551-1536x864.jpg 1536w, https:\/\/loeben.net\/blog\/wp-content\/uploads\/2024\/04\/20230624_184551-2048x1152.jpg 2048w\" sizes=\"auto, (max-width: 1024px) 100vw, 1024px\" \/><\/a><\/figure>\r\n\r\n\r\n\r\n<p>Was befindet sich an den GPS Koordinaten 52,515\u00b0N 13,2283\u00b0O ? Auf diesen Geokoordinaten liegt neben dem Berliner Olympiastadion die Waldb\u00fchne. Welches Event findet einmal j\u00e4hrlich in diesem Amphitheater statt? Die Berliner Philharmoniker beenden ihre j\u00e4hrliche Tour mit dem &#8222;<a href=\"https:\/\/www.berliner-philharmoniker.de\/waldbuehne\/\" target=\"_blank\" rel=\"noreferrer noopener\">End of season concert<\/a>&#8220; Konzert in einer ganz besonderen Atmosph\u00e4re. Renate konnte bereits in 2022 Eintrittskarten ergattern. Sie plante rund um dieses Event mit den Berliner Philharmonikern eine ausgedehnte Reise in den Osten. Ziel war die Hauptstadt unserer Republik, Potsdam und ein Tagesausflug in das Nachbarland Polen.<\/p>\r\n\r\n\r\n\r\n<p>So wurde dieses Konzert eines der absoluten 2023er Highlights. Die Mischung aus Klassik und Picknick hat was und das Kaiserwetter war die Kirsche auf der Sahnetorte.<\/p>\r\n\r\n\r\n\r\n<p>Ergo: Wer diese Mischung auch erleben m\u00f6chte, der sollte sich fr\u00fchzeitig um Eintrittskarten bem\u00fchen. Oft bekommt man nur wenige Minuten nach Start des Vorverkaufs nur noch die Info <em>ausverkauft<\/em>. Dieser Ansturm erinnerte mich ein wenig an die <a href=\"https:\/\/tickets.events.ccc.de\" target=\"_blank\" rel=\"noreferrer noopener\">CCC Congress Vorverkaufsrituale<\/a>.<\/p>\r\n\r\n\r\n\r\n<p>Wir haben das Konzert in der Platanenstra\u00dfe aufgezeichnet, welches \u00fcber verschiedene Kan\u00e4le \u00fcbertragen wurde. Die Konserve habe ich mir seit dem mehr als einmal erneut angesehen und wir sind jetzt &#8222;End of season concert&#8220; infiziert. Mal schauen ob wir erneut Eintrittskarten bekommen k\u00f6nnen und eine weitere Reise um dieses Sommerevent organisieren werden.<\/p>\r\n\r\n\r\n\r\n<h4 class=\"wp-block-heading\"><span class=\"ez-toc-section\" id=\"Im-Berliner-Kriminal-Theater-mit-Olli\"><\/span>Im Berliner Kriminal Theater mit Olli<span class=\"ez-toc-section-end\"><\/span><\/h4>\r\n\r\n\r\n\r\n<figure class=\"wp-block-image alignright size-large is-resized\"><a href=\"https:\/\/loeben.net\/blog\/wp-content\/uploads\/2024\/04\/20230625_231813-scaled.jpg\"><img loading=\"lazy\" decoding=\"async\" width=\"1024\" height=\"538\" class=\"wp-image-2174\" style=\"width: 175px; height: auto;\" src=\"https:\/\/loeben.net\/blog\/wp-content\/uploads\/2024\/04\/20230625_231813-1024x538.jpg\" alt=\"Der Papst wird entf\u00fchrt\" title=\"\"><\/a><\/figure>\r\n\r\n\r\n\r\n<p>In das kleine und feiner Theater hat uns Olli entf\u00fchrt und wir haben uns mit der Kom\u00f6die &#8222;<a href=\"https:\/\/web.archive.org\/web\/20260118051301\/https:\/\/www.kriminaltheater.de\/events\/der-tag-an-dem-der-papst-gekidnappt-wurde\/\" target=\"_blank\" rel=\"noreferrer noopener\">Der Tag an dem der Papst gekidnappt wurde<\/a>&#8220; in zwei Akten von Jo\u00e3o Bethencourt k\u00f6stlich und intelligent am\u00fcsiert.<\/p>\r\n\r\n\r\n\r\n<blockquote class=\"wp-block-quote is-layout-flow wp-block-quote-is-layout-flow\">\r\n<p><em>Um dem Hass und Elend in der Welt endlich ein Ende zu setzen, entschlie\u00dft sich Samuel Leibowitz kurzerhand den Papst zu entf\u00fchren. Damit stellt er sich nicht nur gegen die M\u00e4chtigen der Welt, sondern muss vor allem erst einmal seine Frau von seiner wahnwitzigen Idee \u00fcberzeugen! Sind die Wege des Herrn manchmal unergr\u00fcndlich, so sind die Wege eines Ehepartners meist unbegreiflich\u2026 Wird der Papst anf\u00e4nglich noch in einer viel zu kleinen Speisekammer festgehalten, so entwickelt sich zunehmend ein turbulentes Zusammenspiel zwischen dem katholischen Oberhaupt und der gesamten Familie: Eine groteske Darstellung einer verschrobenen Welt, die aus den Fugen ger\u00e4t\u2026<br \/><br \/>Eine au\u00dfergew\u00f6hnliche Inszenierung voll Action, Komik und einer herzergreifenden Botschaft: Frieden ist m\u00f6glich, wenn wir nur zusammenhalten!<\/em><\/p>\r\n<cite><\/cite><\/blockquote>\r\n\r\n\r\n\r\n<p>&nbsp;<\/p>\r\n\r\n\r\n\r\n<figure class=\"wp-block-embed is-type-video is-provider-youtube wp-block-embed-youtube wp-embed-aspect-16-9 wp-has-aspect-ratio\">\r\n<div class=\"wp-block-embed__wrapper\">\r\n<p><iframe loading=\"lazy\" title=\"DER TAG,  AN DEM DER PAPST GEKIDNAPPT WURDE Berliner Kriminal Theater Trailer Deutsch\" width=\"500\" height=\"281\" src=\"https:\/\/www.youtube.com\/embed\/Vh9iElp7XzE?feature=oembed\" frameborder=\"0\" allow=\"accelerometer; autoplay; clipboard-write; encrypted-media; gyroscope; picture-in-picture; web-share\" referrerpolicy=\"strict-origin-when-cross-origin\" allowfullscreen><\/iframe><\/p>\r\n<\/div>\r\n<\/figure>\r\n\r\n\r\n\r\n<p><br \/>Kulinarisch lie\u00dfen wir den Abend, der viel zu schnell und wie im Fluge verging, bei einem &#8222;Chinesen&#8220; ausklingen. Olli, beim n\u00e4chsten Treffen m\u00fcssen wir uns noch mehr Zeit nehmen \ud83d\ude09 und nochmals einen herzlichen Dank an Olli f\u00fcr die vorz\u00fcgliche Wahl zur Papstentf\u00fchrung bzw. die Wahl zum Kriminaltheater.<\/p>\r\n\r\n\r\n\r\n<h4 class=\"wp-block-heading\"><span class=\"ez-toc-section\" id=\"Friedrichstadtpalast\"><\/span>Friedrichstadtpalast<span class=\"ez-toc-section-end\"><\/span><\/h4>\r\n\r\n\r\n\r\n<p>Mir war nicht bewusst, dass der <a href=\"https:\/\/de.wikipedia.org\/wiki\/Friedrichstadt-Palast\" target=\"_blank\" rel=\"noreferrer noopener\">Palast<\/a> in Berlin an der Friedrichstra\u00dfe 107 auf eine lange hundertj\u00e4hrige Geschichte zur\u00fcck blicken kann. Renate und ich hatten immer wieder mal in diversen Medien bewegte Bilder des Revuetheaters gesehen. So war bei den vielen Sehensw\u00fcrdigkeiten in Berlin dieses Theater bei der Reiseplanung recht fr\u00fch in der engeren Wahl.<\/p>\r\n\r\n\r\n\r\n<figure class=\"wp-block-gallery has-nested-images columns-default is-cropped wp-block-gallery-3 is-layout-flex wp-block-gallery-is-layout-flex\">\r\n<figure class=\"wp-block-image size-large\"><a href=\"https:\/\/loeben.net\/blog\/wp-content\/uploads\/2024\/04\/20230627_185315.jpg\"><img loading=\"lazy\" decoding=\"async\" width=\"967\" height=\"1024\" data-id=\"2185\" class=\"wp-image-2185\" src=\"https:\/\/loeben.net\/blog\/wp-content\/uploads\/2024\/04\/20230627_185315-967x1024.jpg\" alt=\"\" title=\"\" srcset=\"https:\/\/loeben.net\/blog\/wp-content\/uploads\/2024\/04\/20230627_185315-967x1024.jpg 967w, https:\/\/loeben.net\/blog\/wp-content\/uploads\/2024\/04\/20230627_185315-283x300.jpg 283w, https:\/\/loeben.net\/blog\/wp-content\/uploads\/2024\/04\/20230627_185315-768x813.jpg 768w, https:\/\/loeben.net\/blog\/wp-content\/uploads\/2024\/04\/20230627_185315-1450x1536.jpg 1450w, https:\/\/loeben.net\/blog\/wp-content\/uploads\/2024\/04\/20230627_185315.jpg 1742w\" sizes=\"auto, (max-width: 967px) 100vw, 967px\" \/><\/a><\/figure>\r\n\r\n\r\n\r\n<figure class=\"wp-block-image size-large\"><a href=\"https:\/\/loeben.net\/blog\/wp-content\/uploads\/2024\/04\/20230627_215740-scaled.jpg\"><img loading=\"lazy\" decoding=\"async\" width=\"1024\" height=\"580\" data-id=\"2186\" class=\"wp-image-2186\" src=\"https:\/\/loeben.net\/blog\/wp-content\/uploads\/2024\/04\/20230627_215740-1024x580.jpg\" alt=\"\" title=\"\" srcset=\"https:\/\/loeben.net\/blog\/wp-content\/uploads\/2024\/04\/20230627_215740-1024x580.jpg 1024w, https:\/\/loeben.net\/blog\/wp-content\/uploads\/2024\/04\/20230627_215740-300x170.jpg 300w, https:\/\/loeben.net\/blog\/wp-content\/uploads\/2024\/04\/20230627_215740-768x435.jpg 768w, https:\/\/loeben.net\/blog\/wp-content\/uploads\/2024\/04\/20230627_215740-1536x870.jpg 1536w, https:\/\/loeben.net\/blog\/wp-content\/uploads\/2024\/04\/20230627_215740-2048x1160.jpg 2048w\" sizes=\"auto, (max-width: 1024px) 100vw, 1024px\" \/><\/a><\/figure>\r\n<\/figure>\r\n\r\n\r\n\r\n<p>Nachdem uns ein Tagesausflug und Einkauf nach Polen gef\u00fchrt hatte, hat das abendliche Programm &#8222;ARISE Liebe ist st\u00e4rker als die Zeit&#8220; uns gut unterhalten. Wir haben schon diverse Revues und vergleichbare Variet\u00e9 Kultur gesehen. Das junge ARISE Ensemble war dann noch eine andere Liga bzw. Gr\u00f6\u00dfenordnung. Beeindruckend fand ich auch die Palastarchitektur und die Kronleuchter.<\/p>\r\n\r\n\r\n\r\n<h4 class=\"wp-block-heading\"><span class=\"ez-toc-section\" id=\"Pnk-%E2%80%93-Berlin-Olympiastadion\"><\/span>P!nk &#8211; Berlin Olympiastadion<span class=\"ez-toc-section-end\"><\/span><\/h4>\r\n\r\n\r\n\r\n<div class=\"wp-block-media-text has-media-on-the-right is-stacked-on-mobile\">\r\n<div class=\"wp-block-media-text__content\">\r\n<p>Ein weiteres Highlight der Sommerreise nach Berlin sollte im Olympiastadion statt finden, wo Alecia Moore ihr Konzert rockte und das ausverkaufte Olympiastadion begeisterte.<\/p>\r\n\r\n\r\n\r\n<p>Alecia Moore eher bekannt als P!nk war das Eintrittsgeld wert und hat eine begeisternde Show geliefert.<\/p>\r\n\r\n\r\n\r\n<p>Eine Youtube <a href=\"https:\/\/www.youtube.com\/playlist?list=PL_RQ7UdHp5pltViTu7hju_85q-tOR2JR-\" target=\"_blank\" rel=\"noreferrer noopener\">Playlist<\/a> f\u00fcr P!nk Fans und wer noch mehr von der Stimmung aufsaugen m\u00f6chte, der wird in der Youtube <a href=\"https:\/\/www.youtube.com\/results?search_query=summer+carnival+2023+im+olympiastadion+berlin\" target=\"_blank\" rel=\"noreferrer noopener\">Trefferliste<\/a> sicher seinen Hit finden.<\/p>\r\n\r\n\r\n\r\n<figure class=\"wp-block-image size-large\"><a href=\"https:\/\/loeben.net\/blog\/wp-content\/uploads\/2024\/04\/20230628_174103-scaled.jpg\"><img loading=\"lazy\" decoding=\"async\" width=\"1024\" height=\"647\" class=\"wp-image-2195\" src=\"https:\/\/loeben.net\/blog\/wp-content\/uploads\/2024\/04\/20230628_174103-1024x647.jpg\" alt=\"\" title=\"\" srcset=\"https:\/\/loeben.net\/blog\/wp-content\/uploads\/2024\/04\/20230628_174103-1024x647.jpg 1024w, https:\/\/loeben.net\/blog\/wp-content\/uploads\/2024\/04\/20230628_174103-300x190.jpg 300w, https:\/\/loeben.net\/blog\/wp-content\/uploads\/2024\/04\/20230628_174103-768x485.jpg 768w, https:\/\/loeben.net\/blog\/wp-content\/uploads\/2024\/04\/20230628_174103-1536x970.jpg 1536w, https:\/\/loeben.net\/blog\/wp-content\/uploads\/2024\/04\/20230628_174103-2048x1294.jpg 2048w\" sizes=\"auto, (max-width: 1024px) 100vw, 1024px\" \/><\/a><\/figure>\r\n<\/div>\r\n<figure class=\"wp-block-media-text__media\"><a href=\"https:\/\/loeben.net\/blog\/wp-content\/uploads\/2024\/04\/20230628_155449.jpg\"><img loading=\"lazy\" decoding=\"async\" width=\"865\" height=\"1024\" class=\"wp-image-2194 size-full\" src=\"https:\/\/loeben.net\/blog\/wp-content\/uploads\/2024\/04\/20230628_155449-865x1024.jpg\" alt=\"\" title=\"\" srcset=\"https:\/\/loeben.net\/blog\/wp-content\/uploads\/2024\/04\/20230628_155449-865x1024.jpg 865w, https:\/\/loeben.net\/blog\/wp-content\/uploads\/2024\/04\/20230628_155449-254x300.jpg 254w, https:\/\/loeben.net\/blog\/wp-content\/uploads\/2024\/04\/20230628_155449-768x909.jpg 768w, https:\/\/loeben.net\/blog\/wp-content\/uploads\/2024\/04\/20230628_155449-1298x1536.jpg 1298w, https:\/\/loeben.net\/blog\/wp-content\/uploads\/2024\/04\/20230628_155449-1731x2048.jpg 1731w, https:\/\/loeben.net\/blog\/wp-content\/uploads\/2024\/04\/20230628_155449.jpg 1870w\" sizes=\"auto, (max-width: 865px) 100vw, 865px\" \/><\/a><\/figure>\r\n<\/div>\r\n\r\n\r\n\r\n<p>&nbsp;<\/p>\r\n\r\n\r\n\r\n<figure class=\"wp-block-image aligncenter size-large is-resized\"><a href=\"https:\/\/loeben.net\/blog\/wp-content\/uploads\/2024\/04\/20230628_222658-scaled.jpg\"><img loading=\"lazy\" decoding=\"async\" width=\"1024\" height=\"576\" class=\"wp-image-2196\" style=\"width: 498px; height: auto;\" src=\"https:\/\/loeben.net\/blog\/wp-content\/uploads\/2024\/04\/20230628_222658-1024x576.jpg\" alt=\"\" title=\"\" srcset=\"https:\/\/loeben.net\/blog\/wp-content\/uploads\/2024\/04\/20230628_222658-1024x576.jpg 1024w, https:\/\/loeben.net\/blog\/wp-content\/uploads\/2024\/04\/20230628_222658-300x169.jpg 300w, https:\/\/loeben.net\/blog\/wp-content\/uploads\/2024\/04\/20230628_222658-768x432.jpg 768w, https:\/\/loeben.net\/blog\/wp-content\/uploads\/2024\/04\/20230628_222658-1536x864.jpg 1536w, https:\/\/loeben.net\/blog\/wp-content\/uploads\/2024\/04\/20230628_222658-2048x1152.jpg 2048w\" sizes=\"auto, (max-width: 1024px) 100vw, 1024px\" \/><\/a>\r\n<figcaption class=\"wp-element-caption\">Renate hat die Atmosph\u00e4re im Olympiastadion mit dem Smartphone mit einem Videoclip festgehalten.<\/figcaption>\r\n<\/figure>\r\n\r\n\r\n\r\n<figure class=\"wp-block-embed aligncenter is-type-video is-provider-youtube wp-block-embed-youtube wp-embed-aspect-16-9 wp-has-aspect-ratio\">\r\n<div class=\"wp-block-embed__wrapper\">\r\n<p><iframe loading=\"lazy\" title=\"P!NK - live - Summer Carnival Tour 2023 - BERLIN - 28.6.2023 - Olympiastadion - Pink\" width=\"500\" height=\"281\" src=\"https:\/\/www.youtube.com\/embed\/I3iiChV_DVI?feature=oembed\" frameborder=\"0\" allow=\"accelerometer; autoplay; clipboard-write; encrypted-media; gyroscope; picture-in-picture; web-share\" referrerpolicy=\"strict-origin-when-cross-origin\" allowfullscreen><\/iframe><\/p>\r\n<\/div>\r\n<figcaption class=\"wp-element-caption\">In der Tube gibt es viele Treffer zur &#8222;Summer Carnival Tour 2023&#8220;<\/figcaption>\r\n<\/figure>\r\n\r\n\r\n\r\n<p>&nbsp;<\/p>\r\n\r\n\r\n\r\n\r\n\r\n\r\n\r\n<h3 class=\"wp-block-heading\"><span class=\"ez-toc-section\" id=\"Reisen\"><\/span>Reisen<span class=\"ez-toc-section-end\"><\/span><\/h3>\r\n\r\n\r\n\r\n<p>Zu unseren 2023er Reisezielen geh\u00f6rte nach mehrmaligen Anl\u00e4ufen erstmalig Neuschwanstein. Die Reise f\u00fchrte uns in die Alpen, diesmal bis nach Bruneck in der Provinz Bozen \u2013 S\u00fcdtirol in Norditalien. Dort trafen wir uns wieder mit dem harten Kern des NRW Audistammtisches zu einem einw\u00f6chigen artgerechten erkunden diverser P\u00e4sse, der Natur und diverser Sehensw\u00fcrdigkeiten in der Region.<\/p>\r\n\r\n\r\n\r\n<p>Auf der R\u00fcckreise erkundeten Renate und ich Friedrichshafen und Umgebung am Bodensee. Von Friedrichshafen aus f\u00fchrten uns ein paar Ausfl\u00fcge unter anderem per F\u00e4hre erneut nach Konstanz und mit den 400 Pferdchen nach \u00d6sterreich in das Bundesland Vorarlberg und die Stadt Bregenz. Peinlichst habe ich darauf geachtet die Grenze zu den Eidgenossen nicht zu \u00fcberschreiten. \ud83d\ude09 Insider werden den Grund kennen. Nur soviel zu dem Thema: Meine Aussitz-Strategie endet Mitte 2025.<\/p>\r\n\r\n\r\n\r\n<p>In der dritten Juniwoche starteten wir schlie\u00dflich von Kaarst erneut Richtung Osten. Die einzelnen Stationen waren Bad Harzburg, Magdeburg, Berlin, Potsdam und f\u00fcr einen Tages- und Einkaufs-Ausflug ein polnisches Einkaufszentrum.<\/p>\r\n\r\n\r\n\r\n<figure class=\"wp-block-image alignright size-full is-resized\"><a href=\"https:\/\/loeben.net\/blog\/wp-content\/uploads\/2024\/04\/2023_bad.harzburg_cafe.peters.jpg\"><img loading=\"lazy\" decoding=\"async\" width=\"984\" height=\"984\" class=\"wp-image-2302\" style=\"width: 107px; height: auto;\" src=\"https:\/\/loeben.net\/blog\/wp-content\/uploads\/2024\/04\/2023_bad.harzburg_cafe.peters.jpg\" alt=\"\" title=\"\" srcset=\"https:\/\/loeben.net\/blog\/wp-content\/uploads\/2024\/04\/2023_bad.harzburg_cafe.peters.jpg 984w, https:\/\/loeben.net\/blog\/wp-content\/uploads\/2024\/04\/2023_bad.harzburg_cafe.peters-300x300.jpg 300w, https:\/\/loeben.net\/blog\/wp-content\/uploads\/2024\/04\/2023_bad.harzburg_cafe.peters-150x150.jpg 150w, https:\/\/loeben.net\/blog\/wp-content\/uploads\/2024\/04\/2023_bad.harzburg_cafe.peters-768x768.jpg 768w\" sizes=\"auto, (max-width: 984px) 100vw, 984px\" \/><\/a><\/figure>\r\n\r\n\r\n\r\n<p>Mit Klaus hatten wir w\u00e4hrend der Fr\u00fchjahrs-Alpentour einen Besuch abgestimmt. Bei dem Besuch haben wir unter anderem sehr wohlschmeckenden Baumkuchen erstanden. Auch durften wir uns mit fachkundiger und kompetenter Begleitung hinter den Kulissen des Cafe Peters umsehen. Ich hatte vorher niemals ein so umfangreiches Sortiment aus dem Konditor, P\u00e2tissier oder \u201cZuckerb\u00e4cker\u201d Handwerk erlebt und gesehen.<\/p>\r\n\r\n\r\n\r\n<p>Klaus ist auf die Herstellung von Feinbackwerk und Konditoreiwaren spezialisiert. Seit dem sch\u00e4tze ich dieses Handwerk und Leckereien sehr und bin bereit f\u00fcr diese Handwerkskunst angemessene Preise zu bezahlen.<\/p>\r\n\r\n\r\n\r\n<p><iframe loading=\"lazy\" style=\"border: none; overflow: hidden;\" src=\"https:\/\/www.facebook.com\/plugins\/video.php?height=314&amp;href=https%3A%2F%2Fwww.facebook.com%2Fcafepeters%2Fvideos%2F341343576432422%2F&amp;show_text=false&amp;width=560&amp;t=0\" width=\"560\" height=\"314\" frameborder=\"0\" scrolling=\"no\" allowfullscreen=\"allowfullscreen\"><\/iframe><\/p>\r\n\r\n\r\n\r\n<p>&nbsp;<\/p>\r\n\r\n\r\n\r\n<p>Nach Bad Harzburg f\u00fchrte uns unsere Reise dann weiter nach Sachsen-Anhalt an die Elbe. Dort liegt <a href=\"https:\/\/de.wikipedia.org\/wiki\/Magdeburg\" target=\"_blank\" rel=\"noopener\">Magdeburg<\/a> mit der Wasserkreuzung von Elbe, Elbe-Havel- und Mittellandkanal. Die vom \u00f6sterreichischen K\u00fcnstler <a href=\"https:\/\/de.wikipedia.org\/wiki\/Friedensreich_Hundertwasser\" target=\"_blank\" rel=\"noreferrer noopener\">Friedensreich Hundertwasser<\/a> gestaltete Architektur <a href=\"https:\/\/de.wikipedia.org\/wiki\/Gr%C3%BCne_Zitadelle_von_Magdeburg\" target=\"_blank\" rel=\"noreferrer noopener\">gr\u00fcne Zitadelle<\/a> war eine der Sehensw\u00fcrdigkeit, die wir uns im Vorfeld ausgesucht hatten und unbedingt live erleben wollten. Wir haben schnell festgestellt, dass der eingeplante Stop in Magdeburg ab dem 23. Juni f\u00fcr die interessantesten Sehensw\u00fcrdigkeiten zu kurz gewesen ist. So werden wir auf unseren Reisen in den Osten Magdeburg sicher noch einmal ansteuern.<\/p>\r\n\r\n\r\n\r\n<p>Nach Magdeburg f\u00fchrte uns unsere Reise am 24. Juni in die Hauptstadt Berlin, die ich bis zu dieser Reise nur als geteilte Stadt kannte, wenn ich die KPMG Gesch\u00e4ftsreisen und die damit verbundenen Tagesausfl\u00fcge DUS-TXL-DUS per Flieger nicht ber\u00fccksichtige. Mit der Transitstrecke Helmstedt\/Marienborn und Dreilinden in den 80igern verbinde ich eher gemischte Gef\u00fchle und Erinnerungen. W\u00e4hrend der R\u00fcckreise von Berlin nach Kaarst erwischte mich bei Magdeburg ein Blitzer, der ein miserables Foto geschossen hat. W\u00e4hrend meiner Transitreisen durch die DDR in den 80igern w\u00e4re mir das ganz sicher nicht passiert. Einziger Trost: Das Foto war jetzt nicht wirklich teuer und mein Punkte-Konto in Flensburg wurde nicht belastet.<\/p>\r\n\r\n\r\n\r\n<p>Ende August trafen wir uns erneut mit dem harten Kern des NRW Audistammtisches in \u00d6sterreich. Die einw\u00f6chige Reise f\u00fchrte uns wieder in das Salzburger Land nach <a href=\"https:\/\/de.wikipedia.org\/wiki\/Kaprun\" target=\"_blank\" rel=\"noreferrer noopener\">Kaprun<\/a> in das <a href=\"https:\/\/www.sport-kristall.at\" target=\"_blank\" rel=\"noreferrer noopener\">Hotel V\u00f6tters<\/a> und die Region rund um Zell am See.<\/p>\r\n\r\n\r\n\r\n<p>Auf der Route zur\u00fcck nach Kaarst freuten wir uns wieder auf das Wiedersehen mit der <a href=\"http:\/\/www.a3q.de\" target=\"_blank\" rel=\"noreferrer noopener\">A3Q<\/a> Truppe in der Pfalz und es wurde ein entspanntes September-Wochenende mit einer bestens organisierten Ausfahrt und einer F\u00fchrung durch das <a href=\"https:\/\/de.wikipedia.org\/wiki\/B%C3%BCrstenbindermuseum_Ramberg\" target=\"_blank\" rel=\"noreferrer noopener\">B\u00fcrstenmacherhandwerk<\/a>. Mit den \u00fcblichen Abstechern ins <a href=\"https:\/\/www.zweibrueckenfashionoutlet.com\/praktische-informationen\" target=\"_blank\" rel=\"noreferrer noopener\">Zweibr\u00fcckener Outlet<\/a> und nach Luxemburg endete unsere 2023er Reisesaison.<\/p>\r\n\r\n\r\n\r\n<h4 class=\"wp-block-heading\"><span class=\"ez-toc-section\" id=\"Neuschwanstein\"><\/span>Neuschwanstein<span class=\"ez-toc-section-end\"><\/span><\/h4>\r\n\r\n\r\n\r\n<figure class=\"wp-block-image alignright size-large is-resized is-style-rounded\"><a href=\"https:\/\/loeben.net\/blog\/wp-content\/uploads\/2024\/04\/20230529_1121.IMG_1352-1-scaled.jpg\"><img loading=\"lazy\" decoding=\"async\" width=\"1024\" height=\"576\" class=\"wp-image-2404\" style=\"width: 264px; height: auto;\" src=\"https:\/\/loeben.net\/blog\/wp-content\/uploads\/2024\/04\/20230529_1121.IMG_1352-1-1024x576.jpg\" alt=\"Schloss Hohenschwangau\" title=\"\" srcset=\"https:\/\/loeben.net\/blog\/wp-content\/uploads\/2024\/04\/20230529_1121.IMG_1352-1-1024x576.jpg 1024w, https:\/\/loeben.net\/blog\/wp-content\/uploads\/2024\/04\/20230529_1121.IMG_1352-1-300x169.jpg 300w, https:\/\/loeben.net\/blog\/wp-content\/uploads\/2024\/04\/20230529_1121.IMG_1352-1-768x432.jpg 768w, https:\/\/loeben.net\/blog\/wp-content\/uploads\/2024\/04\/20230529_1121.IMG_1352-1-1536x865.jpg 1536w, https:\/\/loeben.net\/blog\/wp-content\/uploads\/2024\/04\/20230529_1121.IMG_1352-1-2048x1153.jpg 2048w\" sizes=\"auto, (max-width: 1024px) 100vw, 1024px\" \/><\/a>\r\n<figcaption class=\"wp-element-caption\">Das benachbarte<br \/>Schloss Hohenschwangau<\/figcaption>\r\n<\/figure>\r\n\r\n\r\n\r\n<p>Es war nicht einfach und etwas beschwerlich <a href=\"https:\/\/de.wikipedia.org\/wiki\/Schloss_Neuschwanstein\" target=\"_blank\" rel=\"noreferrer noopener\">Neuschwanstein<\/a>-Eintrittskarten zu kaufen. Die online verf\u00fcgbaren und buchbaren Tickets wurden immer nur f\u00fcr einen Monat ver\u00f6ffentlicht. Den Zeitpunkt der Ticket-Freischaltung bzw. den Verkaufsstart haben wir mehrfach verpeilt und das Buchen und manuelle Vorgehen war oft vergeblich und nicht zielf\u00fchrend. Es musste eine zielf\u00fchrende und zuverl\u00e4ssige L\u00f6sung her.<\/p>\r\n\r\n\r\n\r\n<p>So entwickelte Dorian einen Ticketshop Crawler, den ich auf einer meiner Webhosting-Infrastrukturen implementierte. Dieser pr\u00fcfte regelm\u00e4\u00dfig die Verf\u00fcgbarkeiten neuer Neuschwanstein-Eintrittskarten. Der Crawler hat verf\u00fcgbare Tickets \u00fcber einen extra daf\u00fcr eingerichteten Emailverteiler gemeldet und f\u00fcr unseren Wunschtermin konnte Renate entspannt passende Eintrittskarten erwerben. <br \/><br \/>Ergo: Wer auch dieses M\u00e4rchenschloss einmal besichtigen m\u00f6chte, sollte sich keinesfalls auf vor Ort verf\u00fcgbare Tickets verlassen!<\/p>\r\n\r\n\r\n\r\n<div aria-live=\"polite\" id=\"soliloquy-container-2366_1\" class=\"soliloquy-container soliloquy-transition-fade  soliloquy-theme-classic\" style=\"max-width:960px;max-height:800px;\"><ul id=\"soliloquy-2366_1\" class=\"soliloquy-slider soliloquy-slides soliloquy-wrap soliloquy-clear\"><li aria-hidden=\"true\" class=\"soliloquy-item soliloquy-item-1 soliloquy-image-slide\" draggable=\"false\" style=\"list-style:none\"><img decoding=\"async\" id=\"soliloquy-image-2369\" class=\"soliloquy-image soliloquy-image-1\" src=\"https:\/\/loeben.net\/blog\/wp-content\/uploads\/2024\/04\/20230527_213905-960x800_c.jpg\" alt=\"Schloss Neuschwanstein\" title=\"\"><\/li><li aria-hidden=\"true\" class=\"soliloquy-item soliloquy-item-2 soliloquy-image-slide\" draggable=\"false\" style=\"list-style:none\"><img decoding=\"async\" id=\"soliloquy-image-2367\" class=\"soliloquy-image soliloquy-image-2\" src=\"https:\/\/loeben.net\/blog\/wp-content\/uploads\/2024\/04\/20230527_1949.IMG_1332-scaled-960x800_c.jpg\" alt=\"20230527_1949.IMG_1332\" title=\"\"><\/li><li aria-hidden=\"true\" class=\"soliloquy-item soliloquy-item-3 soliloquy-image-slide\" draggable=\"false\" style=\"list-style:none\"><img decoding=\"async\" id=\"soliloquy-image-2368\" class=\"soliloquy-image soliloquy-image-3\" src=\"https:\/\/loeben.net\/blog\/wp-content\/uploads\/2024\/04\/20230527_2109.IMG_1351-scaled-960x800_c.jpg\" alt=\"Schloss Neuschwanstein\" title=\"\"><\/li><li aria-hidden=\"true\" class=\"soliloquy-item soliloquy-item-4 soliloquy-image-slide\" draggable=\"false\" style=\"list-style:none\"><img decoding=\"async\" id=\"soliloquy-image-2374\" class=\"soliloquy-image soliloquy-image-4\" src=\"https:\/\/loeben.net\/blog\/wp-content\/uploads\/2024\/04\/20230528_095041-scaled-960x800_c.jpg\" alt=\"Schlossf\u00fchrung Neuschwanstein\" title=\"\"><\/li><li aria-hidden=\"true\" class=\"soliloquy-item soliloquy-item-5 soliloquy-image-slide\" draggable=\"false\" style=\"list-style:none\"><img decoding=\"async\" id=\"soliloquy-image-2371\" class=\"soliloquy-image soliloquy-image-5\" src=\"https:\/\/loeben.net\/blog\/wp-content\/uploads\/2024\/04\/20230528_0931.IMG_1379-scaled-960x800_c.jpg\" alt=\"Schloss Neuschwanstein Innenhof\" title=\"\"><\/li><li aria-hidden=\"true\" class=\"soliloquy-item soliloquy-item-6 soliloquy-image-slide\" draggable=\"false\" style=\"list-style:none\"><img decoding=\"async\" id=\"soliloquy-image-2375\" class=\"soliloquy-image soliloquy-image-6\" src=\"https:\/\/loeben.net\/blog\/wp-content\/uploads\/2024\/04\/20230528_100558-960x800_c.jpg\" alt=\"Schloss Neuschwanstein Innenhof\" title=\"\"><\/li><li aria-hidden=\"true\" class=\"soliloquy-item soliloquy-item-7 soliloquy-image-slide\" draggable=\"false\" style=\"list-style:none\"><img decoding=\"async\" id=\"soliloquy-image-2373\" class=\"soliloquy-image soliloquy-image-7\" src=\"https:\/\/loeben.net\/blog\/wp-content\/uploads\/2024\/04\/20230528_1023.IMG_1391-scaled-960x800_c.jpg\" alt=\"Schloss Neuschwanstein\" title=\"\"><\/li><li aria-hidden=\"true\" class=\"soliloquy-item soliloquy-item-8 soliloquy-image-slide\" draggable=\"false\" style=\"list-style:none\"><img decoding=\"async\" id=\"soliloquy-image-2372\" class=\"soliloquy-image soliloquy-image-8\" src=\"https:\/\/loeben.net\/blog\/wp-content\/uploads\/2024\/04\/20230528_0932.IMG_1381-scaled-960x800_c.jpg\" alt=\"Schloss Neuschwanstein\" title=\"\"><\/li><li aria-hidden=\"true\" class=\"soliloquy-item soliloquy-item-9 soliloquy-image-slide\" draggable=\"false\" style=\"list-style:none\"><img decoding=\"async\" id=\"soliloquy-image-2370\" class=\"soliloquy-image soliloquy-image-9\" src=\"https:\/\/loeben.net\/blog\/wp-content\/uploads\/2024\/04\/20230528_0900.IMG_1355-scaled-960x800_c.jpg\" alt=\"Schloss Hohenschwangau\" title=\"\"><\/li><\/ul><\/div><noscript><style type=\"text\/css\">#soliloquy-container-2366_1{opacity:1}<\/style><\/noscript>\r\n\r\n\r\n\r\n<p>&nbsp;<\/p>\r\n\r\n\r\n\r\n<h4 class=\"wp-block-heading\"><span class=\"ez-toc-section\" id=\"NRW-Audi-Stammtisch-Alpentour-Bruneck\"><\/span>NRW Audi Stammtisch Alpentour (Bruneck)<span class=\"ez-toc-section-end\"><\/span><\/h4>\r\n\r\n\r\n\r\n<div aria-live=\"polite\" id=\"soliloquy-container-2379_2\" class=\"soliloquy-container soliloquy-transition-fade  soliloquy-theme-classic\" style=\"max-width:960px;max-height:700px;\"><ul id=\"soliloquy-2379_2\" class=\"soliloquy-slider soliloquy-slides soliloquy-wrap soliloquy-clear\"><li aria-hidden=\"true\" class=\"soliloquy-item soliloquy-item-1 soliloquy-image-slide\" draggable=\"false\" style=\"list-style:none\"><img decoding=\"async\" id=\"soliloquy-image-2380\" class=\"soliloquy-image soliloquy-image-1\" src=\"https:\/\/loeben.net\/blog\/wp-content\/uploads\/2024\/04\/20230529_07.29.31_unser.Blick_.vom_.Balkon-960x700_c.jpg\" alt=\"Alpentour im September 2023\" title=\"\"><\/li><li aria-hidden=\"true\" class=\"soliloquy-item soliloquy-item-2 soliloquy-image-slide\" draggable=\"false\" style=\"list-style:none\"><img decoding=\"async\" id=\"soliloquy-image-2394\" class=\"soliloquy-image soliloquy-image-2\" src=\"https:\/\/loeben.net\/blog\/wp-content\/uploads\/2024\/04\/20230601_194524-scaled-960x700_c.jpg\" alt=\"Alpentour im September 2023\" title=\"\"><\/li><li aria-hidden=\"true\" class=\"soliloquy-item soliloquy-item-3 soliloquy-image-slide\" draggable=\"false\" style=\"list-style:none\"><img decoding=\"async\" id=\"soliloquy-image-2382\" class=\"soliloquy-image soliloquy-image-3\" src=\"https:\/\/loeben.net\/blog\/wp-content\/uploads\/2024\/04\/20230529_112107-960x700_c.jpg\" alt=\"Alpentour im September 2023\" title=\"\"><\/li><li aria-hidden=\"true\" class=\"soliloquy-item soliloquy-item-4 soliloquy-image-slide\" draggable=\"false\" style=\"list-style:none\"><img decoding=\"async\" id=\"soliloquy-image-2383\" class=\"soliloquy-image soliloquy-image-4\" src=\"https:\/\/loeben.net\/blog\/wp-content\/uploads\/2024\/04\/20230529_133912-scaled-960x700_c.jpg\" alt=\"Alpentour im September 2023\" title=\"\"><\/li><li aria-hidden=\"true\" class=\"soliloquy-item soliloquy-item-5 soliloquy-image-slide\" draggable=\"false\" style=\"list-style:none\"><img decoding=\"async\" id=\"soliloquy-image-2385\" class=\"soliloquy-image soliloquy-image-5\" src=\"https:\/\/loeben.net\/blog\/wp-content\/uploads\/2024\/04\/20230531_104022-scaled-960x700_c.jpg\" alt=\"Alpentour im September 2023\" title=\"\"><\/li><li aria-hidden=\"true\" class=\"soliloquy-item soliloquy-item-6 soliloquy-image-slide\" draggable=\"false\" style=\"list-style:none\"><img decoding=\"async\" id=\"soliloquy-image-2395\" class=\"soliloquy-image soliloquy-image-6\" src=\"https:\/\/loeben.net\/blog\/wp-content\/uploads\/2024\/04\/20230601-at-21.29.39-960x700_c.jpg\" alt=\"Alpentour im September 2023\" title=\"\"><\/li><li aria-hidden=\"true\" class=\"soliloquy-item soliloquy-item-7 soliloquy-image-slide\" draggable=\"false\" style=\"list-style:none\"><img decoding=\"async\" id=\"soliloquy-image-2386\" class=\"soliloquy-image soliloquy-image-7\" src=\"https:\/\/loeben.net\/blog\/wp-content\/uploads\/2024\/04\/20230531_110703-scaled-960x700_c.jpg\" alt=\"Alpentour im September 2023\" title=\"\"><\/li><li aria-hidden=\"true\" class=\"soliloquy-item soliloquy-item-8 soliloquy-image-slide\" draggable=\"false\" style=\"list-style:none\"><img decoding=\"async\" id=\"soliloquy-image-2387\" class=\"soliloquy-image soliloquy-image-8\" src=\"https:\/\/loeben.net\/blog\/wp-content\/uploads\/2024\/04\/20230531_110743-scaled-960x700_c.jpg\" alt=\"Alpentour im September 2023\" title=\"\"><\/li><li aria-hidden=\"true\" class=\"soliloquy-item soliloquy-item-9 soliloquy-image-slide\" draggable=\"false\" style=\"list-style:none\"><img decoding=\"async\" id=\"soliloquy-image-2389\" class=\"soliloquy-image soliloquy-image-9\" src=\"https:\/\/loeben.net\/blog\/wp-content\/uploads\/2024\/04\/20230601_1013.IMG_1472-960x700_c.jpg\" alt=\"Alpentour im September 2023\" title=\"\"><\/li><li aria-hidden=\"true\" class=\"soliloquy-item soliloquy-item-10 soliloquy-image-slide\" draggable=\"false\" style=\"list-style:none\"><img decoding=\"async\" id=\"soliloquy-image-2388\" class=\"soliloquy-image soliloquy-image-10\" src=\"https:\/\/loeben.net\/blog\/wp-content\/uploads\/2024\/04\/20230531_142031-scaled-960x700_c.jpg\" alt=\"Alpentour im September 2023\" title=\"\"><\/li><li aria-hidden=\"true\" class=\"soliloquy-item soliloquy-item-11 soliloquy-image-slide\" draggable=\"false\" style=\"list-style:none\"><img decoding=\"async\" id=\"soliloquy-image-2391\" class=\"soliloquy-image soliloquy-image-11\" src=\"https:\/\/loeben.net\/blog\/wp-content\/uploads\/2024\/04\/20230601_140705-scaled-960x700_c.jpg\" alt=\"Bruneck  Rathausplatz\" title=\"\"><\/li><li aria-hidden=\"true\" class=\"soliloquy-item soliloquy-item-12 soliloquy-image-slide\" draggable=\"false\" style=\"list-style:none\"><img decoding=\"async\" id=\"soliloquy-image-2392\" class=\"soliloquy-image soliloquy-image-12\" src=\"https:\/\/loeben.net\/blog\/wp-content\/uploads\/2024\/04\/20230601_140737-scaled-960x700_c.jpg\" alt=\"Alpentour im September 2023\" title=\"\"><\/li><li aria-hidden=\"true\" class=\"soliloquy-item soliloquy-item-13 soliloquy-image-slide\" draggable=\"false\" style=\"list-style:none\"><img decoding=\"async\" id=\"soliloquy-image-2400\" class=\"soliloquy-image soliloquy-image-13\" src=\"https:\/\/loeben.net\/blog\/wp-content\/uploads\/2024\/04\/20230602_134016-scaled-960x700_c.jpg\" alt=\"Alpentour im September 2023\" title=\"\"><\/li><li aria-hidden=\"true\" class=\"soliloquy-item soliloquy-item-14 soliloquy-image-slide\" draggable=\"false\" style=\"list-style:none\"><img decoding=\"async\" id=\"soliloquy-image-2401\" class=\"soliloquy-image soliloquy-image-14\" src=\"https:\/\/loeben.net\/blog\/wp-content\/uploads\/2024\/04\/20230602_184139-scaled-960x700_c.jpg\" alt=\"Alpentour im September 2023\" title=\"\"><\/li><\/ul><\/div><noscript><style type=\"text\/css\">#soliloquy-container-2379_2{opacity:1}<\/style><\/noscript>\r\n\r\n\r\n\r\n<p>&nbsp;<\/p>\r\n\r\n\r\n\r\n<figure class=\"wp-block-image aligncenter size-large is-resized\"><a href=\"https:\/\/loeben.net\/blog\/wp-content\/uploads\/2024\/04\/20230602_132556-scaled.jpg\"><img loading=\"lazy\" decoding=\"async\" width=\"1024\" height=\"236\" class=\"wp-image-2397\" style=\"width: 516px; height: auto;\" src=\"https:\/\/loeben.net\/blog\/wp-content\/uploads\/2024\/04\/20230602_132556-1024x236.jpg\" alt=\"\" title=\"\" srcset=\"https:\/\/loeben.net\/blog\/wp-content\/uploads\/2024\/04\/20230602_132556-1024x236.jpg 1024w, https:\/\/loeben.net\/blog\/wp-content\/uploads\/2024\/04\/20230602_132556-300x69.jpg 300w, https:\/\/loeben.net\/blog\/wp-content\/uploads\/2024\/04\/20230602_132556-768x177.jpg 768w, https:\/\/loeben.net\/blog\/wp-content\/uploads\/2024\/04\/20230602_132556-1536x354.jpg 1536w, https:\/\/loeben.net\/blog\/wp-content\/uploads\/2024\/04\/20230602_132556-2048x472.jpg 2048w\" sizes=\"auto, (max-width: 1024px) 100vw, 1024px\" \/><\/a><\/figure>\r\n\r\n\r\n\r\n<p>&nbsp;<\/p>\r\n\r\n\r\n\r\n<figure class=\"wp-block-image alignright size-large is-resized\"><a href=\"https:\/\/loeben.net\/blog\/wp-content\/uploads\/2024\/04\/20230530_124913-scaled.jpg\"><img loading=\"lazy\" decoding=\"async\" width=\"433\" height=\"1024\" class=\"wp-image-2384\" style=\"width: 215px; height: auto;\" src=\"https:\/\/loeben.net\/blog\/wp-content\/uploads\/2024\/04\/20230530_124913-433x1024.jpg\" alt=\"\" title=\"\" srcset=\"https:\/\/loeben.net\/blog\/wp-content\/uploads\/2024\/04\/20230530_124913-433x1024.jpg 433w, https:\/\/loeben.net\/blog\/wp-content\/uploads\/2024\/04\/20230530_124913-127x300.jpg 127w, https:\/\/loeben.net\/blog\/wp-content\/uploads\/2024\/04\/20230530_124913-768x1817.jpg 768w, https:\/\/loeben.net\/blog\/wp-content\/uploads\/2024\/04\/20230530_124913-649x1536.jpg 649w, https:\/\/loeben.net\/blog\/wp-content\/uploads\/2024\/04\/20230530_124913-866x2048.jpg 866w, https:\/\/loeben.net\/blog\/wp-content\/uploads\/2024\/04\/20230530_124913-scaled.jpg 1082w\" sizes=\"auto, (max-width: 433px) 100vw, 433px\" \/><\/a>\r\n<figcaption class=\"wp-element-caption\">Toblacher See<\/figcaption>\r\n<\/figure>\r\n\r\n\r\n\r\n<figure class=\"wp-block-image size-large is-resized\"><a href=\"https:\/\/loeben.net\/blog\/wp-content\/uploads\/2024\/04\/20230602_095935-scaled.jpg\"><img loading=\"lazy\" decoding=\"async\" width=\"1024\" height=\"576\" class=\"wp-image-2396\" style=\"width: 507px; height: auto;\" src=\"https:\/\/loeben.net\/blog\/wp-content\/uploads\/2024\/04\/20230602_095935-1024x576.jpg\" alt=\"\" title=\"\" srcset=\"https:\/\/loeben.net\/blog\/wp-content\/uploads\/2024\/04\/20230602_095935-1024x576.jpg 1024w, https:\/\/loeben.net\/blog\/wp-content\/uploads\/2024\/04\/20230602_095935-300x169.jpg 300w, https:\/\/loeben.net\/blog\/wp-content\/uploads\/2024\/04\/20230602_095935-768x432.jpg 768w, https:\/\/loeben.net\/blog\/wp-content\/uploads\/2024\/04\/20230602_095935-1536x864.jpg 1536w, https:\/\/loeben.net\/blog\/wp-content\/uploads\/2024\/04\/20230602_095935-2048x1152.jpg 2048w\" sizes=\"auto, (max-width: 1024px) 100vw, 1024px\" \/><\/a><\/figure>\r\n\r\n\r\n\r\n<p>&nbsp;<\/p>\r\n\r\n\r\n\r\n<figure class=\"wp-block-gallery has-nested-images columns-default is-cropped wp-block-gallery-4 is-layout-flex wp-block-gallery-is-layout-flex\">\r\n<figure class=\"wp-block-image size-large\"><a href=\"https:\/\/loeben.net\/blog\/wp-content\/uploads\/2024\/04\/20230601_192729-scaled.jpg\"><img loading=\"lazy\" decoding=\"async\" width=\"692\" height=\"1024\" data-id=\"2393\" class=\"wp-image-2393\" src=\"https:\/\/loeben.net\/blog\/wp-content\/uploads\/2024\/04\/20230601_192729-692x1024.jpg\" alt=\"t\u00e4gliche Qual der Wahl beim Fr\u00fchst\u00fcck\" title=\"\" srcset=\"https:\/\/loeben.net\/blog\/wp-content\/uploads\/2024\/04\/20230601_192729-692x1024.jpg 692w, https:\/\/loeben.net\/blog\/wp-content\/uploads\/2024\/04\/20230601_192729-203x300.jpg 203w, https:\/\/loeben.net\/blog\/wp-content\/uploads\/2024\/04\/20230601_192729-768x1136.jpg 768w, https:\/\/loeben.net\/blog\/wp-content\/uploads\/2024\/04\/20230601_192729-1038x1536.jpg 1038w, https:\/\/loeben.net\/blog\/wp-content\/uploads\/2024\/04\/20230601_192729-1384x2048.jpg 1384w, https:\/\/loeben.net\/blog\/wp-content\/uploads\/2024\/04\/20230601_192729-scaled.jpg 1730w\" sizes=\"auto, (max-width: 692px) 100vw, 692px\" \/><\/a>\r\n<figcaption class=\"wp-element-caption\">Men\u00fcwahl beim Fr\u00fchst\u00fcck<\/figcaption>\r\n<\/figure>\r\n\r\n\r\n\r\n<figure class=\"wp-block-image size-large\"><a href=\"https:\/\/loeben.net\/blog\/wp-content\/uploads\/2024\/04\/20230602_204204.jpg\"><img loading=\"lazy\" decoding=\"async\" width=\"1024\" height=\"853\" data-id=\"2402\" class=\"wp-image-2402\" src=\"https:\/\/loeben.net\/blog\/wp-content\/uploads\/2024\/04\/20230602_204204-1024x853.jpg\" alt=\"\" title=\"\" srcset=\"https:\/\/loeben.net\/blog\/wp-content\/uploads\/2024\/04\/20230602_204204-1024x853.jpg 1024w, https:\/\/loeben.net\/blog\/wp-content\/uploads\/2024\/04\/20230602_204204-300x250.jpg 300w, https:\/\/loeben.net\/blog\/wp-content\/uploads\/2024\/04\/20230602_204204-768x640.jpg 768w, https:\/\/loeben.net\/blog\/wp-content\/uploads\/2024\/04\/20230602_204204-1536x1280.jpg 1536w, https:\/\/loeben.net\/blog\/wp-content\/uploads\/2024\/04\/20230602_204204-2048x1707.jpg 2048w\" sizes=\"auto, (max-width: 1024px) 100vw, 1024px\" \/><\/a>\r\n<figcaption class=\"wp-element-caption\">Das Familienwappen der Hoteliers des Amaten<\/figcaption>\r\n<\/figure>\r\n<\/figure>\r\n\r\n\r\n\r\n<figure class=\"wp-block-image alignleft size-large is-resized is-style-rounded\"><a href=\"https:\/\/loeben.net\/blog\/wp-content\/uploads\/2024\/04\/20230601_1142.IMG_1508-scaled.jpg\"><img loading=\"lazy\" decoding=\"async\" width=\"1024\" height=\"549\" class=\"wp-image-2390\" style=\"width: 308px; height: auto;\" src=\"https:\/\/loeben.net\/blog\/wp-content\/uploads\/2024\/04\/20230601_1142.IMG_1508-1024x549.jpg\" alt=\"\" title=\"\" srcset=\"https:\/\/loeben.net\/blog\/wp-content\/uploads\/2024\/04\/20230601_1142.IMG_1508-1024x549.jpg 1024w, https:\/\/loeben.net\/blog\/wp-content\/uploads\/2024\/04\/20230601_1142.IMG_1508-300x161.jpg 300w, https:\/\/loeben.net\/blog\/wp-content\/uploads\/2024\/04\/20230601_1142.IMG_1508-768x412.jpg 768w, https:\/\/loeben.net\/blog\/wp-content\/uploads\/2024\/04\/20230601_1142.IMG_1508-1536x824.jpg 1536w, https:\/\/loeben.net\/blog\/wp-content\/uploads\/2024\/04\/20230601_1142.IMG_1508-2048x1099.jpg 2048w\" sizes=\"auto, (max-width: 1024px) 100vw, 1024px\" \/><\/a>\r\n<figcaption class=\"wp-element-caption\"><a href=\"https:\/\/de.wikipedia.org\/wiki\/Messner_Mountain_Museum\" target=\"_blank\" rel=\"noreferrer noopener\">Messner Museum &#8211; Kronplatz<\/a><\/figcaption>\r\n<\/figure>\r\n\r\n\r\n\r\n<figure class=\"wp-block-image alignleft size-large is-resized is-style-rounded\"><a href=\"https:\/\/loeben.net\/blog\/wp-content\/uploads\/2024\/04\/20230603_125236.jpg\"><img loading=\"lazy\" decoding=\"async\" width=\"1024\" height=\"415\" class=\"wp-image-2503\" style=\"width: 226px; height: auto;\" src=\"https:\/\/loeben.net\/blog\/wp-content\/uploads\/2024\/04\/20230603_125236-1024x415.jpg\" alt=\"28 TSD KM mit nur drei preiswerten Tickets\" title=\"\" srcset=\"https:\/\/loeben.net\/blog\/wp-content\/uploads\/2024\/04\/20230603_125236-1024x415.jpg 1024w, https:\/\/loeben.net\/blog\/wp-content\/uploads\/2024\/04\/20230603_125236-300x121.jpg 300w, https:\/\/loeben.net\/blog\/wp-content\/uploads\/2024\/04\/20230603_125236-768x311.jpg 768w, https:\/\/loeben.net\/blog\/wp-content\/uploads\/2024\/04\/20230603_125236-1536x622.jpg 1536w, https:\/\/loeben.net\/blog\/wp-content\/uploads\/2024\/04\/20230603_125236-2048x829.jpg 2048w\" sizes=\"auto, (max-width: 1024px) 100vw, 1024px\" \/><\/a>\r\n<figcaption class=\"wp-element-caption\">28 TSD Kilometer ohne Punkte in Flensburg und nur drei preiswerten Tickets .-O<\/figcaption>\r\n<\/figure>\r\n\r\n\r\n\r\n<p>&nbsp;<\/p>\r\n\r\n\r\n\r\n<p>&nbsp;<\/p>\r\n\r\n\r\n\r\n<h4 class=\"wp-block-heading\"><span class=\"ez-toc-section\" id=\"Friedrichshafen-am-Bodensee\"><\/span>Friedrichshafen am Bodensee<span class=\"ez-toc-section-end\"><\/span><\/h4>\r\n\r\n\r\n\r\n<figure class=\"wp-block-image alignleft size-large is-resized is-style-rounded\"><a href=\"https:\/\/loeben.net\/blog\/wp-content\/uploads\/2024\/04\/20230603_193541.jpg\"><img loading=\"lazy\" decoding=\"async\" width=\"621\" height=\"1024\" class=\"wp-image-2553\" style=\"width: 128px; height: auto;\" src=\"https:\/\/loeben.net\/blog\/wp-content\/uploads\/2024\/04\/20230603_193541-621x1024.jpg\" alt=\"\" title=\"\" srcset=\"https:\/\/loeben.net\/blog\/wp-content\/uploads\/2024\/04\/20230603_193541-621x1024.jpg 621w, https:\/\/loeben.net\/blog\/wp-content\/uploads\/2024\/04\/20230603_193541-182x300.jpg 182w, https:\/\/loeben.net\/blog\/wp-content\/uploads\/2024\/04\/20230603_193541-768x1266.jpg 768w, https:\/\/loeben.net\/blog\/wp-content\/uploads\/2024\/04\/20230603_193541-932x1536.jpg 932w, https:\/\/loeben.net\/blog\/wp-content\/uploads\/2024\/04\/20230603_193541-1243x2048.jpg 1243w, https:\/\/loeben.net\/blog\/wp-content\/uploads\/2024\/04\/20230603_193541.jpg 1330w\" sizes=\"auto, (max-width: 621px) 100vw, 621px\" \/><\/a><\/figure>\r\n\r\n\r\n\r\n<figure class=\"wp-block-image alignright size-large is-resized is-style-rounded\"><a href=\"https:\/\/loeben.net\/blog\/wp-content\/uploads\/2024\/04\/20230603_190251-1-scaled.jpg\"><img loading=\"lazy\" decoding=\"async\" width=\"1024\" height=\"749\" class=\"wp-image-2566\" style=\"width: 291px; height: auto;\" src=\"https:\/\/loeben.net\/blog\/wp-content\/uploads\/2024\/04\/20230603_190251-1-1024x749.jpg\" alt=\"Kunst im Wasser an der Bodensee-Promade\" title=\"\" srcset=\"https:\/\/loeben.net\/blog\/wp-content\/uploads\/2024\/04\/20230603_190251-1-1024x749.jpg 1024w, https:\/\/loeben.net\/blog\/wp-content\/uploads\/2024\/04\/20230603_190251-1-300x219.jpg 300w, https:\/\/loeben.net\/blog\/wp-content\/uploads\/2024\/04\/20230603_190251-1-768x561.jpg 768w, https:\/\/loeben.net\/blog\/wp-content\/uploads\/2024\/04\/20230603_190251-1-1536x1123.jpg 1536w, https:\/\/loeben.net\/blog\/wp-content\/uploads\/2024\/04\/20230603_190251-1-2048x1497.jpg 2048w\" sizes=\"auto, (max-width: 1024px) 100vw, 1024px\" \/><\/a><\/figure>\r\n\r\n\r\n\r\n<p>Friedrichshafen besuchte ich (Hanjo) zuletzt im zarten Alter von 18 Jahren im Rahmen einer Klassenfahrt und ich war gespannt darauf, was ich nach mehreren Jahrzehnten wieder erkennen w\u00fcrde. Graf Ferdinand Zeppelin habe ich wieder erkannt und das Denkmal vor dem &#8222;GRAF ZEPPELIN HAUS&#8220; neu entdeckt.<\/p>\r\n\r\n\r\n\r\n<p>Auf jeden Fall war Friedrichshafen eine Reise wert und die gebuchte Ferienwohnung mit terrassenartigem Balkon nahe der Uferpromenade war die richtige Wahl. Die Ferienwohnung lag zentral und ruhig gelegen und die Promenade war mit den Restaurants und Bars per Pedes in 5-10 Minuten erreichbar. Einzig der reservierte Parkplatz war nicht optimal.<\/p>\r\n\r\n\r\n\r\n<p>Der Besuch des Zeppelin-Museums war gleichzeitig auch ein Ausflug unter anderem in die Geschichte der 30iger bis 60iger Jahre.<\/p>\r\n\r\n\r\n\r\n<figure class=\"wp-block-gallery has-nested-images columns-default is-cropped wp-block-gallery-5 is-layout-flex wp-block-gallery-is-layout-flex\">\r\n<figure class=\"wp-block-image size-large\"><a href=\"https:\/\/loeben.net\/blog\/wp-content\/uploads\/2024\/04\/20230604_130452-1-scaled.jpg\"><img loading=\"lazy\" decoding=\"async\" width=\"1024\" height=\"268\" data-id=\"2565\" class=\"wp-image-2565\" src=\"https:\/\/loeben.net\/blog\/wp-content\/uploads\/2024\/04\/20230604_130452-1-1024x268.jpg\" alt=\"\" title=\"\" srcset=\"https:\/\/loeben.net\/blog\/wp-content\/uploads\/2024\/04\/20230604_130452-1-1024x268.jpg 1024w, https:\/\/loeben.net\/blog\/wp-content\/uploads\/2024\/04\/20230604_130452-1-300x79.jpg 300w, https:\/\/loeben.net\/blog\/wp-content\/uploads\/2024\/04\/20230604_130452-1-768x201.jpg 768w, https:\/\/loeben.net\/blog\/wp-content\/uploads\/2024\/04\/20230604_130452-1-1536x402.jpg 1536w, https:\/\/loeben.net\/blog\/wp-content\/uploads\/2024\/04\/20230604_130452-1-2048x536.jpg 2048w\" sizes=\"auto, (max-width: 1024px) 100vw, 1024px\" \/><\/a>\r\n<figcaption class=\"wp-element-caption\">Friedrichshafen &#8211; Auf dem Hafenturm vor dem Zeppelinmuseum<\/figcaption>\r\n<\/figure>\r\n\r\n\r\n\r\n<figure class=\"wp-block-image size-large\"><a href=\"https:\/\/loeben.net\/blog\/wp-content\/uploads\/2024\/04\/20230606_093830-scaled.jpg\"><img loading=\"lazy\" decoding=\"async\" width=\"1024\" height=\"517\" data-id=\"2557\" class=\"wp-image-2557\" src=\"https:\/\/loeben.net\/blog\/wp-content\/uploads\/2024\/04\/20230606_093830-1024x517.jpg\" alt=\"\" title=\"\" srcset=\"https:\/\/loeben.net\/blog\/wp-content\/uploads\/2024\/04\/20230606_093830-1024x517.jpg 1024w, https:\/\/loeben.net\/blog\/wp-content\/uploads\/2024\/04\/20230606_093830-300x151.jpg 300w, https:\/\/loeben.net\/blog\/wp-content\/uploads\/2024\/04\/20230606_093830-768x388.jpg 768w, https:\/\/loeben.net\/blog\/wp-content\/uploads\/2024\/04\/20230606_093830-1536x775.jpg 1536w, https:\/\/loeben.net\/blog\/wp-content\/uploads\/2024\/04\/20230606_093830-2048x1034.jpg 2048w\" sizes=\"auto, (max-width: 1024px) 100vw, 1024px\" \/><\/a><\/figure>\r\n\r\n\r\n\r\n<figure class=\"wp-block-image size-large\"><a href=\"https:\/\/loeben.net\/blog\/wp-content\/uploads\/2024\/04\/20230606_093844-scaled.jpg\"><img loading=\"lazy\" decoding=\"async\" width=\"1024\" height=\"737\" data-id=\"2530\" class=\"wp-image-2530\" src=\"https:\/\/loeben.net\/blog\/wp-content\/uploads\/2024\/04\/20230606_093844-1024x737.jpg\" alt=\"\" title=\"\" srcset=\"https:\/\/loeben.net\/blog\/wp-content\/uploads\/2024\/04\/20230606_093844-1024x737.jpg 1024w, https:\/\/loeben.net\/blog\/wp-content\/uploads\/2024\/04\/20230606_093844-300x216.jpg 300w, https:\/\/loeben.net\/blog\/wp-content\/uploads\/2024\/04\/20230606_093844-768x552.jpg 768w, https:\/\/loeben.net\/blog\/wp-content\/uploads\/2024\/04\/20230606_093844-1536x1105.jpg 1536w, https:\/\/loeben.net\/blog\/wp-content\/uploads\/2024\/04\/20230606_093844-2048x1473.jpg 2048w\" sizes=\"auto, (max-width: 1024px) 100vw, 1024px\" \/><\/a><\/figure>\r\n\r\n\r\n\r\n<figure class=\"wp-block-image size-large\"><a href=\"https:\/\/loeben.net\/blog\/wp-content\/uploads\/2024\/04\/20230606_101645.jpg\"><img loading=\"lazy\" decoding=\"async\" width=\"1024\" height=\"576\" data-id=\"2534\" class=\"wp-image-2534\" src=\"https:\/\/loeben.net\/blog\/wp-content\/uploads\/2024\/04\/20230606_101645-1024x576.jpg\" alt=\"\" title=\"\" srcset=\"https:\/\/loeben.net\/blog\/wp-content\/uploads\/2024\/04\/20230606_101645-1024x576.jpg 1024w, https:\/\/loeben.net\/blog\/wp-content\/uploads\/2024\/04\/20230606_101645-300x169.jpg 300w, https:\/\/loeben.net\/blog\/wp-content\/uploads\/2024\/04\/20230606_101645-768x432.jpg 768w, https:\/\/loeben.net\/blog\/wp-content\/uploads\/2024\/04\/20230606_101645-1536x864.jpg 1536w, https:\/\/loeben.net\/blog\/wp-content\/uploads\/2024\/04\/20230606_101645-2048x1152.jpg 2048w\" sizes=\"auto, (max-width: 1024px) 100vw, 1024px\" \/><\/a><\/figure>\r\n\r\n\r\n\r\n<figure class=\"wp-block-image size-large\"><a href=\"https:\/\/loeben.net\/blog\/wp-content\/uploads\/2024\/04\/20230606_100955-scaled.jpg\"><img loading=\"lazy\" decoding=\"async\" width=\"1024\" height=\"309\" data-id=\"2533\" class=\"wp-image-2533\" src=\"https:\/\/loeben.net\/blog\/wp-content\/uploads\/2024\/04\/20230606_100955-1024x309.jpg\" alt=\"\" title=\"\" srcset=\"https:\/\/loeben.net\/blog\/wp-content\/uploads\/2024\/04\/20230606_100955-1024x309.jpg 1024w, https:\/\/loeben.net\/blog\/wp-content\/uploads\/2024\/04\/20230606_100955-300x91.jpg 300w, https:\/\/loeben.net\/blog\/wp-content\/uploads\/2024\/04\/20230606_100955-768x232.jpg 768w, https:\/\/loeben.net\/blog\/wp-content\/uploads\/2024\/04\/20230606_100955-1536x464.jpg 1536w, https:\/\/loeben.net\/blog\/wp-content\/uploads\/2024\/04\/20230606_100955-2048x618.jpg 2048w\" sizes=\"auto, (max-width: 1024px) 100vw, 1024px\" \/><\/a><\/figure>\r\n\r\n\r\n\r\n<figure class=\"wp-block-image size-large\"><a href=\"https:\/\/loeben.net\/blog\/wp-content\/uploads\/2024\/04\/20230606_111421-scaled.jpg\"><img loading=\"lazy\" decoding=\"async\" width=\"1024\" height=\"609\" data-id=\"2536\" class=\"wp-image-2536\" src=\"https:\/\/loeben.net\/blog\/wp-content\/uploads\/2024\/04\/20230606_111421-1024x609.jpg\" alt=\"\" title=\"\" srcset=\"https:\/\/loeben.net\/blog\/wp-content\/uploads\/2024\/04\/20230606_111421-1024x609.jpg 1024w, https:\/\/loeben.net\/blog\/wp-content\/uploads\/2024\/04\/20230606_111421-300x178.jpg 300w, https:\/\/loeben.net\/blog\/wp-content\/uploads\/2024\/04\/20230606_111421-768x457.jpg 768w, https:\/\/loeben.net\/blog\/wp-content\/uploads\/2024\/04\/20230606_111421-1536x914.jpg 1536w, https:\/\/loeben.net\/blog\/wp-content\/uploads\/2024\/04\/20230606_111421-2048x1218.jpg 2048w\" sizes=\"auto, (max-width: 1024px) 100vw, 1024px\" \/><\/a><\/figure>\r\n\r\n\r\n\r\n<figure class=\"wp-block-image size-large\"><a href=\"https:\/\/loeben.net\/blog\/wp-content\/uploads\/2024\/04\/20230606_102309-scaled.jpg\"><img loading=\"lazy\" decoding=\"async\" width=\"1024\" height=\"679\" data-id=\"2535\" class=\"wp-image-2535\" src=\"https:\/\/loeben.net\/blog\/wp-content\/uploads\/2024\/04\/20230606_102309-1024x679.jpg\" alt=\"\" title=\"\" srcset=\"https:\/\/loeben.net\/blog\/wp-content\/uploads\/2024\/04\/20230606_102309-1024x679.jpg 1024w, https:\/\/loeben.net\/blog\/wp-content\/uploads\/2024\/04\/20230606_102309-300x199.jpg 300w, https:\/\/loeben.net\/blog\/wp-content\/uploads\/2024\/04\/20230606_102309-768x509.jpg 768w, https:\/\/loeben.net\/blog\/wp-content\/uploads\/2024\/04\/20230606_102309-1536x1019.jpg 1536w, https:\/\/loeben.net\/blog\/wp-content\/uploads\/2024\/04\/20230606_102309-2048x1358.jpg 2048w\" sizes=\"auto, (max-width: 1024px) 100vw, 1024px\" \/><\/a><\/figure>\r\n\r\n\r\n\r\n<figure class=\"wp-block-image size-large\"><a href=\"https:\/\/loeben.net\/blog\/wp-content\/uploads\/2024\/04\/20230606_094203-scaled.jpg\"><img loading=\"lazy\" decoding=\"async\" width=\"1024\" height=\"610\" data-id=\"2531\" class=\"wp-image-2531\" src=\"https:\/\/loeben.net\/blog\/wp-content\/uploads\/2024\/04\/20230606_094203-1024x610.jpg\" alt=\"\" title=\"\" srcset=\"https:\/\/loeben.net\/blog\/wp-content\/uploads\/2024\/04\/20230606_094203-1024x610.jpg 1024w, https:\/\/loeben.net\/blog\/wp-content\/uploads\/2024\/04\/20230606_094203-300x179.jpg 300w, https:\/\/loeben.net\/blog\/wp-content\/uploads\/2024\/04\/20230606_094203-768x458.jpg 768w, https:\/\/loeben.net\/blog\/wp-content\/uploads\/2024\/04\/20230606_094203-1536x915.jpg 1536w, https:\/\/loeben.net\/blog\/wp-content\/uploads\/2024\/04\/20230606_094203-2048x1221.jpg 2048w\" sizes=\"auto, (max-width: 1024px) 100vw, 1024px\" \/><\/a><\/figure>\r\n\r\n\r\n\r\n<figure class=\"wp-block-image size-large\"><a href=\"https:\/\/loeben.net\/blog\/wp-content\/uploads\/2024\/04\/20230606_094211.jpg\"><img loading=\"lazy\" decoding=\"async\" width=\"1024\" height=\"757\" data-id=\"2532\" class=\"wp-image-2532\" src=\"https:\/\/loeben.net\/blog\/wp-content\/uploads\/2024\/04\/20230606_094211-1024x757.jpg\" alt=\"\" title=\"\" srcset=\"https:\/\/loeben.net\/blog\/wp-content\/uploads\/2024\/04\/20230606_094211-1024x757.jpg 1024w, https:\/\/loeben.net\/blog\/wp-content\/uploads\/2024\/04\/20230606_094211-300x222.jpg 300w, https:\/\/loeben.net\/blog\/wp-content\/uploads\/2024\/04\/20230606_094211-768x568.jpg 768w, https:\/\/loeben.net\/blog\/wp-content\/uploads\/2024\/04\/20230606_094211.jpg 1387w\" sizes=\"auto, (max-width: 1024px) 100vw, 1024px\" \/><\/a>\r\n<figcaption class=\"wp-element-caption\">Luxus mit Goldrand<\/figcaption>\r\n<\/figure>\r\n\r\n\r\n\r\n<figure class=\"wp-block-image size-large\"><a href=\"https:\/\/loeben.net\/blog\/wp-content\/uploads\/2024\/04\/20230606_114253-scaled.jpg\"><img loading=\"lazy\" decoding=\"async\" width=\"604\" height=\"1024\" data-id=\"2537\" class=\"wp-image-2537\" src=\"https:\/\/loeben.net\/blog\/wp-content\/uploads\/2024\/04\/20230606_114253-604x1024.jpg\" alt=\"\" title=\"\" srcset=\"https:\/\/loeben.net\/blog\/wp-content\/uploads\/2024\/04\/20230606_114253-604x1024.jpg 604w, https:\/\/loeben.net\/blog\/wp-content\/uploads\/2024\/04\/20230606_114253-177x300.jpg 177w, https:\/\/loeben.net\/blog\/wp-content\/uploads\/2024\/04\/20230606_114253-768x1301.jpg 768w, https:\/\/loeben.net\/blog\/wp-content\/uploads\/2024\/04\/20230606_114253-906x1536.jpg 906w, https:\/\/loeben.net\/blog\/wp-content\/uploads\/2024\/04\/20230606_114253-1209x2048.jpg 1209w, https:\/\/loeben.net\/blog\/wp-content\/uploads\/2024\/04\/20230606_114253-scaled.jpg 1511w\" sizes=\"auto, (max-width: 604px) 100vw, 604px\" \/><\/a>\r\n<figcaption class=\"wp-element-caption\">Zeppelin Koje<\/figcaption>\r\n<\/figure>\r\n\r\n\r\n\r\n<figure class=\"wp-block-image size-large\"><a href=\"https:\/\/loeben.net\/blog\/wp-content\/uploads\/2024\/04\/20230604_165048a.jpg\"><img loading=\"lazy\" decoding=\"async\" width=\"779\" height=\"712\" data-id=\"2564\" class=\"wp-image-2564\" src=\"https:\/\/loeben.net\/blog\/wp-content\/uploads\/2024\/04\/20230604_165048a.jpg\" alt=\"\" title=\"\" srcset=\"https:\/\/loeben.net\/blog\/wp-content\/uploads\/2024\/04\/20230604_165048a.jpg 779w, https:\/\/loeben.net\/blog\/wp-content\/uploads\/2024\/04\/20230604_165048a-300x274.jpg 300w, https:\/\/loeben.net\/blog\/wp-content\/uploads\/2024\/04\/20230604_165048a-768x702.jpg 768w\" sizes=\"auto, (max-width: 779px) 100vw, 779px\" \/><\/a><\/figure>\r\n\r\n\r\n\r\n<figure class=\"wp-block-image size-large\"><a href=\"https:\/\/loeben.net\/blog\/wp-content\/uploads\/2024\/04\/20230604_165048.jpg\"><img loading=\"lazy\" decoding=\"async\" width=\"1024\" height=\"946\" data-id=\"2563\" class=\"wp-image-2563\" src=\"https:\/\/loeben.net\/blog\/wp-content\/uploads\/2024\/04\/20230604_165048-1024x946.jpg\" alt=\"\" title=\"\" srcset=\"https:\/\/loeben.net\/blog\/wp-content\/uploads\/2024\/04\/20230604_165048-1024x946.jpg 1024w, https:\/\/loeben.net\/blog\/wp-content\/uploads\/2024\/04\/20230604_165048-300x277.jpg 300w, https:\/\/loeben.net\/blog\/wp-content\/uploads\/2024\/04\/20230604_165048-768x710.jpg 768w, https:\/\/loeben.net\/blog\/wp-content\/uploads\/2024\/04\/20230604_165048-1536x1420.jpg 1536w, https:\/\/loeben.net\/blog\/wp-content\/uploads\/2024\/04\/20230604_165048.jpg 2031w\" sizes=\"auto, (max-width: 1024px) 100vw, 1024px\" \/><\/a><\/figure>\r\n\r\n\r\n\r\n<figure class=\"wp-block-image size-large is-style-rounded\"><a href=\"https:\/\/loeben.net\/blog\/wp-content\/uploads\/2024\/04\/20230604_165205-1-scaled.jpg\"><img loading=\"lazy\" decoding=\"async\" width=\"1024\" height=\"585\" data-id=\"2562\" class=\"wp-image-2562\" src=\"https:\/\/loeben.net\/blog\/wp-content\/uploads\/2024\/04\/20230604_165205-1-1024x585.jpg\" alt=\"\" title=\"\" srcset=\"https:\/\/loeben.net\/blog\/wp-content\/uploads\/2024\/04\/20230604_165205-1-1024x585.jpg 1024w, https:\/\/loeben.net\/blog\/wp-content\/uploads\/2024\/04\/20230604_165205-1-300x171.jpg 300w, https:\/\/loeben.net\/blog\/wp-content\/uploads\/2024\/04\/20230604_165205-1-768x439.jpg 768w, https:\/\/loeben.net\/blog\/wp-content\/uploads\/2024\/04\/20230604_165205-1-1536x877.jpg 1536w, https:\/\/loeben.net\/blog\/wp-content\/uploads\/2024\/04\/20230604_165205-1-2048x1170.jpg 2048w\" sizes=\"auto, (max-width: 1024px) 100vw, 1024px\" \/><\/a><\/figure>\r\n<\/figure>\r\n\r\n\r\n\r\n<figure class=\"wp-block-image alignleft size-large is-resized is-style-rounded\"><a href=\"https:\/\/loeben.net\/blog\/wp-content\/uploads\/2024\/04\/20230606_164901-scaled.jpg\"><img loading=\"lazy\" decoding=\"async\" width=\"1024\" height=\"493\" class=\"wp-image-2539\" style=\"width: 330px; height: auto;\" src=\"https:\/\/loeben.net\/blog\/wp-content\/uploads\/2024\/04\/20230606_164901-1024x493.jpg\" alt=\"\" title=\"\" srcset=\"https:\/\/loeben.net\/blog\/wp-content\/uploads\/2024\/04\/20230606_164901-1024x493.jpg 1024w, https:\/\/loeben.net\/blog\/wp-content\/uploads\/2024\/04\/20230606_164901-300x144.jpg 300w, https:\/\/loeben.net\/blog\/wp-content\/uploads\/2024\/04\/20230606_164901-768x370.jpg 768w, https:\/\/loeben.net\/blog\/wp-content\/uploads\/2024\/04\/20230606_164901-1536x739.jpg 1536w, https:\/\/loeben.net\/blog\/wp-content\/uploads\/2024\/04\/20230606_164901-2048x985.jpg 2048w\" sizes=\"auto, (max-width: 1024px) 100vw, 1024px\" \/><\/a><\/figure>\r\n\r\n\r\n\r\n<figure class=\"wp-block-image alignright size-large is-resized is-style-rounded\"><a href=\"https:\/\/loeben.net\/blog\/wp-content\/uploads\/2024\/04\/20230606-161649a_Maps.jpg\"><img loading=\"lazy\" decoding=\"async\" width=\"818\" height=\"1024\" class=\"wp-image-2540\" style=\"width: 177px; height: auto;\" src=\"https:\/\/loeben.net\/blog\/wp-content\/uploads\/2024\/04\/20230606-161649a_Maps-818x1024.jpg\" alt=\"\" title=\"\" srcset=\"https:\/\/loeben.net\/blog\/wp-content\/uploads\/2024\/04\/20230606-161649a_Maps-818x1024.jpg 818w, https:\/\/loeben.net\/blog\/wp-content\/uploads\/2024\/04\/20230606-161649a_Maps-240x300.jpg 240w, https:\/\/loeben.net\/blog\/wp-content\/uploads\/2024\/04\/20230606-161649a_Maps-768x961.jpg 768w, https:\/\/loeben.net\/blog\/wp-content\/uploads\/2024\/04\/20230606-161649a_Maps.jpg 1086w\" sizes=\"auto, (max-width: 818px) 100vw, 818px\" \/><\/a><\/figure>\r\n\r\n\r\n\r\n<figure class=\"wp-block-image alignright size-large is-resized\"><a href=\"https:\/\/loeben.net\/blog\/wp-content\/uploads\/2024\/04\/20230604_132258-scaled.jpg\"><img loading=\"lazy\" decoding=\"async\" width=\"690\" height=\"1024\" class=\"wp-image-2555\" style=\"width: 156px; height: auto;\" src=\"https:\/\/loeben.net\/blog\/wp-content\/uploads\/2024\/04\/20230604_132258-690x1024.jpg\" alt=\"Bodensee Fahrplan (Ab\/An Friedrichshafen)\" title=\"\" srcset=\"https:\/\/loeben.net\/blog\/wp-content\/uploads\/2024\/04\/20230604_132258-690x1024.jpg 690w, https:\/\/loeben.net\/blog\/wp-content\/uploads\/2024\/04\/20230604_132258-202x300.jpg 202w, https:\/\/loeben.net\/blog\/wp-content\/uploads\/2024\/04\/20230604_132258-768x1139.jpg 768w, https:\/\/loeben.net\/blog\/wp-content\/uploads\/2024\/04\/20230604_132258-1036x1536.jpg 1036w, https:\/\/loeben.net\/blog\/wp-content\/uploads\/2024\/04\/20230604_132258-1381x2048.jpg 1381w, https:\/\/loeben.net\/blog\/wp-content\/uploads\/2024\/04\/20230604_132258-scaled.jpg 1726w\" sizes=\"auto, (max-width: 690px) 100vw, 690px\" \/><\/a><\/figure>\r\n\r\n\r\n\r\n<p>Das Eintrittsgeld f\u00fcr dieses Museum war sein Geld wert und wer sich auch Zeit f\u00fcr dieses Museum nehmen will, der sollte mehr als zwei Stunden einplanen. Es lohnt sich und ich (Hanjo) h\u00e4tte mir gerne mehr Zeit f\u00fcr das Museum genommen. Meine lokale Regierung wollte eher mehr Zeit in Konstanz verbringen. Nach dem Besuch des Zeppelinmuseums sind wir mit dem Schiff nach Konstanz und am fr\u00fchen Abend wieder zur\u00fcck nach Friedrichshafen.<\/p>\r\n\r\n\r\n\r\n<p>Weitere Ziele, die wir in der Umgebung ansteuerten, waren Konstanz, die Pfahlbauten in Unteruhldingen, die <a href=\"https:\/\/www.scheidegger-wasserfaelle-allgaeu.de\/rohrachschlucht\/\" target=\"_blank\" rel=\"noreferrer noopener\">Rohrachschlucht<\/a>, Schloss Montfort und w\u00e4hrend der Alpentour war ein besonders beeindruckendes Ziel im Salzburger Land das <a href=\"https:\/\/gipfelrast.at\/2014\/08\/sigmund-thun-klamm-klammsee\/\" target=\"_blank\" rel=\"noreferrer noopener\">Sigmund-Thun-Klamm &amp; der Klammsee<\/a>.<\/p>\r\n\r\n\r\n\r\n<p>&nbsp;<\/p>\r\n\r\n\r\n\r\n<p><code><div aria-live=\"polite\" id=\"soliloquy-container-2491_3\" class=\"soliloquy-container soliloquy-transition-fade  soliloquy-theme-base\" style=\"max-width:960px;max-height:700px;\"><ul id=\"soliloquy-2491_3\" class=\"soliloquy-slider soliloquy-slides soliloquy-wrap soliloquy-clear\"><li aria-hidden=\"true\" class=\"soliloquy-item soliloquy-item-1 soliloquy-image-slide\" draggable=\"false\" style=\"list-style:none\"><a href=\"https:\/\/de.wikipedia.org\/wiki\/Pfahlbaumuseum_Unteruhldingen\" class=\"soliloquy-link\" title=\"Bronzezeiten: Pfahlbauten Unteruhldingen\" target=\"_blank\" rel=\"noopener\"><img decoding=\"async\" id=\"soliloquy-image-2524\" class=\"soliloquy-image soliloquy-image-1\" src=\"https:\/\/loeben.net\/blog\/wp-content\/uploads\/2024\/04\/20230605_124148-scaled.jpg\" alt=\"Bronzezeiten: Pfahlbauten Unteruhldingen\" title=\"\"><\/a><\/li><li aria-hidden=\"true\" class=\"soliloquy-item soliloquy-item-2 soliloquy-image-slide\" draggable=\"false\" style=\"list-style:none\"><img decoding=\"async\" id=\"soliloquy-image-2539\" class=\"soliloquy-image soliloquy-image-2\" src=\"https:\/\/loeben.net\/blog\/wp-content\/uploads\/2024\/04\/20230606_164901-scaled.jpg\" alt=\"Friedrichshafen\" title=\"\"><\/li><li aria-hidden=\"true\" class=\"soliloquy-item soliloquy-item-3 soliloquy-image-slide\" draggable=\"false\" style=\"list-style:none\"><img decoding=\"async\" id=\"soliloquy-image-2521\" class=\"soliloquy-image soliloquy-image-3\" src=\"https:\/\/loeben.net\/blog\/wp-content\/uploads\/2024\/04\/20230604_164030-scaled.jpg\" alt=\"20230604_164030\" title=\"\"><\/li><li aria-hidden=\"true\" class=\"soliloquy-item soliloquy-item-4 soliloquy-image-slide\" draggable=\"false\" style=\"list-style:none\"><img decoding=\"async\" id=\"soliloquy-image-2522\" class=\"soliloquy-image soliloquy-image-4\" src=\"https:\/\/loeben.net\/blog\/wp-content\/uploads\/2024\/04\/20230604_165417-scaled.jpg\" alt=\"Vinothek im Schloss Friedrichshafen,  Schlo\u00dfstra\u00dfe 2,  88045 Friedrichshafen\" title=\"\"><\/li><li aria-hidden=\"true\" class=\"soliloquy-item soliloquy-item-5 soliloquy-image-slide\" draggable=\"false\" style=\"list-style:none\"><img decoding=\"async\" id=\"soliloquy-image-2523\" class=\"soliloquy-image soliloquy-image-5\" src=\"https:\/\/loeben.net\/blog\/wp-content\/uploads\/2024\/04\/20230605_123246-scaled.jpg\" alt=\"Unteruhldingen\" title=\"\"><\/li><li aria-hidden=\"true\" class=\"soliloquy-item soliloquy-item-6 soliloquy-image-slide\" draggable=\"false\" style=\"list-style:none\"><img decoding=\"async\" id=\"soliloquy-image-2525\" class=\"soliloquy-image soliloquy-image-6\" src=\"https:\/\/loeben.net\/blog\/wp-content\/uploads\/2024\/04\/20230605_151059-scaled.jpg\" alt=\"Bodenseefisch\" title=\"\"><\/li><li aria-hidden=\"true\" class=\"soliloquy-item soliloquy-item-7 soliloquy-image-slide\" draggable=\"false\" style=\"list-style:none\"><img decoding=\"async\" id=\"soliloquy-image-2520\" class=\"soliloquy-image soliloquy-image-7\" src=\"https:\/\/loeben.net\/blog\/wp-content\/uploads\/2024\/04\/20230604_162021-scaled.jpg\" alt=\"20230604_162021\" title=\"\"><\/li><li aria-hidden=\"true\" class=\"soliloquy-item soliloquy-item-8 soliloquy-image-slide\" draggable=\"false\" style=\"list-style:none\"><img decoding=\"async\" id=\"soliloquy-image-2526\" class=\"soliloquy-image soliloquy-image-8\" src=\"https:\/\/loeben.net\/blog\/wp-content\/uploads\/2024\/04\/20230605_154015-scaled.jpg\" alt=\"In Unteruhldingen genossen wir leckeren Fisch\" title=\"\"><\/li><li aria-hidden=\"true\" class=\"soliloquy-item soliloquy-item-9 soliloquy-image-slide\" draggable=\"false\" style=\"list-style:none\"><img decoding=\"async\" id=\"soliloquy-image-2529\" class=\"soliloquy-image soliloquy-image-9\" src=\"https:\/\/loeben.net\/blog\/wp-content\/uploads\/2024\/04\/20230606_1608.IMG_1618-scaled.jpg\" alt=\"Unterwegs auf dem Obersee Richtung Konstanz\" title=\"\"><\/li><li aria-hidden=\"true\" class=\"soliloquy-item soliloquy-item-10 soliloquy-image-slide\" draggable=\"false\" style=\"list-style:none\"><img decoding=\"async\" id=\"soliloquy-image-2538\" class=\"soliloquy-image soliloquy-image-10\" src=\"https:\/\/loeben.net\/blog\/wp-content\/uploads\/2024\/04\/20230606_164250-scaled.jpg\" alt=\"Auf dem Schiff - Im Hintergrund Friedrichshafen\" title=\"\"><\/li><\/ul><\/div><noscript><style type=\"text\/css\">#soliloquy-container-2491_3{opacity:1}<\/style><\/noscript><\/code><\/p>\r\n\r\n\r\n\r\n<p>&nbsp;<\/p>\r\n\r\n\r\n\r\n<p>&nbsp;<\/p>\r\n\r\n\r\n\r\n<h5 class=\"wp-block-heading\"><span class=\"ez-toc-section\" id=\"Konstanz\"><\/span>Konstanz<span class=\"ez-toc-section-end\"><\/span><\/h5>\r\n\r\n\r\n\r\n<figure class=\"wp-block-image alignleft size-medium is-resized\"><a href=\"https:\/\/loeben.net\/blog\/wp-content\/uploads\/2024\/04\/20230606_1339.IMG_1605-scaled.jpg\"><img loading=\"lazy\" decoding=\"async\" width=\"300\" height=\"123\" class=\"wp-image-2528\" style=\"width: 300px;\" src=\"https:\/\/loeben.net\/blog\/wp-content\/uploads\/2024\/04\/20230606_1339.IMG_1605-300x123.jpg\" alt=\"\" title=\"\" srcset=\"https:\/\/loeben.net\/blog\/wp-content\/uploads\/2024\/04\/20230606_1339.IMG_1605-300x123.jpg 300w, https:\/\/loeben.net\/blog\/wp-content\/uploads\/2024\/04\/20230606_1339.IMG_1605-1024x421.jpg 1024w, https:\/\/loeben.net\/blog\/wp-content\/uploads\/2024\/04\/20230606_1339.IMG_1605-768x316.jpg 768w, https:\/\/loeben.net\/blog\/wp-content\/uploads\/2024\/04\/20230606_1339.IMG_1605-1536x631.jpg 1536w, https:\/\/loeben.net\/blog\/wp-content\/uploads\/2024\/04\/20230606_1339.IMG_1605-2048x842.jpg 2048w\" sizes=\"auto, (max-width: 300px) 100vw, 300px\" \/><\/a><\/figure>\r\n\r\n\r\n\r\n<figure class=\"wp-block-image alignright size-medium is-resized\"><a href=\"https:\/\/loeben.net\/blog\/wp-content\/uploads\/2024\/04\/20230606_1334.IMG_1604-scaled.jpg\"><img loading=\"lazy\" decoding=\"async\" width=\"150\" height=\"223\" class=\"wp-image-2527\" style=\"width: 150px;\" src=\"https:\/\/loeben.net\/blog\/wp-content\/uploads\/2024\/04\/20230606_1334.IMG_1604-202x300.jpg\" alt=\"\" title=\"\" srcset=\"https:\/\/loeben.net\/blog\/wp-content\/uploads\/2024\/04\/20230606_1334.IMG_1604-202x300.jpg 202w, https:\/\/loeben.net\/blog\/wp-content\/uploads\/2024\/04\/20230606_1334.IMG_1604-690x1024.jpg 690w, https:\/\/loeben.net\/blog\/wp-content\/uploads\/2024\/04\/20230606_1334.IMG_1604-768x1140.jpg 768w, https:\/\/loeben.net\/blog\/wp-content\/uploads\/2024\/04\/20230606_1334.IMG_1604-1035x1536.jpg 1035w, https:\/\/loeben.net\/blog\/wp-content\/uploads\/2024\/04\/20230606_1334.IMG_1604-1380x2048.jpg 1380w, https:\/\/loeben.net\/blog\/wp-content\/uploads\/2024\/04\/20230606_1334.IMG_1604-scaled.jpg 1725w\" sizes=\"auto, (max-width: 150px) 100vw, 150px\" \/><\/a><\/figure>\r\n\r\n\r\n\r\n<p>Renate wollte unbedingt sich noch einmal in dem Lederwarengesch\u00e4ft mit den tollen Handtaschen bzw. Rucks\u00e4cken umsehen, welches wir bei der letzten Reise in der Innenstadt von Konstanz entdeckt hatten. Das Angebot war durch die Bank immer noch preiswert und qualitativ hochwertig.<br \/><br \/>Auf dem Weg vom Hafen hinter der sich 24\/7 drehenden und beeindruckenden Frau (<a href=\"https:\/\/de.wikipedia.org\/wiki\/Imperia_(Statue)\" target=\"_blank\" rel=\"noreferrer noopener\">Imperia<\/a>) wurden wir in der Unterf\u00fchrung von bunten Augen verfolgt. Dahinter gab es die dezente Werbung f\u00fcr H\u00e4cker und H\u00e4cksen bzw. ein &#8222;Hackfest&#8220;.<\/p>\r\n\r\n\r\n\r\n<figure class=\"wp-block-image aligncenter size-large is-resized has-custom-border is-style-rounded\"><a href=\"https:\/\/upload.wikimedia.org\/wikipedia\/commons\/f\/f2\/Konstanz_080.jpg\" target=\"_blank\" rel=\"noopener\"><img decoding=\"async\" style=\"border-width: 10px; border-radius: 50px; width: 150px;\" src=\"https:\/\/upload.wikimedia.org\/wikipedia\/commons\/f\/f2\/Konstanz_080.jpg\" alt=\"Imperia am Hafen Konstanz\" title=\"\"><\/a><\/figure>\r\n\r\n\r\n\r\n<p class=\"has-text-align-center\">\u00a0<\/p>\r\n\r\n\r\n\r\n<h5 class=\"wp-block-heading\"><span class=\"ez-toc-section\" id=\"Unteruhldingen\"><\/span>Unteruhldingen<span class=\"ez-toc-section-end\"><\/span><\/h5>\r\n\r\n\r\n\r\n<p>Zu einer Reise an den Bodensee geh\u00f6rt unbedingt die Besichtigung des <a href=\"https:\/\/de.wikipedia.org\/wiki\/Pfahlbaumuseum_Unteruhldingen\" target=\"_blank\" rel=\"noreferrer noopener\">Freilichtmuseum<\/a> mit den Pfahlbauten.<\/p>\r\n\r\n\r\n\r\n<figure class=\"wp-block-image size-large\"><a href=\"https:\/\/loeben.net\/blog\/wp-content\/uploads\/2024\/04\/20230605_134428-1-scaled.jpg\"><img loading=\"lazy\" decoding=\"async\" width=\"1024\" height=\"576\" class=\"wp-image-2722\" src=\"https:\/\/loeben.net\/blog\/wp-content\/uploads\/2024\/04\/20230605_134428-1-1024x576.jpg\" alt=\"\" title=\"\" srcset=\"https:\/\/loeben.net\/blog\/wp-content\/uploads\/2024\/04\/20230605_134428-1-1024x576.jpg 1024w, https:\/\/loeben.net\/blog\/wp-content\/uploads\/2024\/04\/20230605_134428-1-300x169.jpg 300w, https:\/\/loeben.net\/blog\/wp-content\/uploads\/2024\/04\/20230605_134428-1-768x432.jpg 768w, https:\/\/loeben.net\/blog\/wp-content\/uploads\/2024\/04\/20230605_134428-1-1536x864.jpg 1536w, https:\/\/loeben.net\/blog\/wp-content\/uploads\/2024\/04\/20230605_134428-1-2048x1152.jpg 2048w\" sizes=\"auto, (max-width: 1024px) 100vw, 1024px\" \/><\/a><\/figure>\r\n\r\n\r\n\r\n<p>&nbsp;<\/p>\r\n\r\n\r\n\r\n<figure class=\"wp-block-image aligncenter size-large\"><a href=\"https:\/\/loeben.net\/blog\/wp-content\/uploads\/2024\/04\/20230605_131412-1-scaled.jpg\"><img loading=\"lazy\" decoding=\"async\" width=\"1024\" height=\"555\" class=\"wp-image-2721\" src=\"https:\/\/loeben.net\/blog\/wp-content\/uploads\/2024\/04\/20230605_131412-1-1024x555.jpg\" alt=\"\" title=\"\" srcset=\"https:\/\/loeben.net\/blog\/wp-content\/uploads\/2024\/04\/20230605_131412-1-1024x555.jpg 1024w, https:\/\/loeben.net\/blog\/wp-content\/uploads\/2024\/04\/20230605_131412-1-300x163.jpg 300w, https:\/\/loeben.net\/blog\/wp-content\/uploads\/2024\/04\/20230605_131412-1-768x416.jpg 768w, https:\/\/loeben.net\/blog\/wp-content\/uploads\/2024\/04\/20230605_131412-1-1536x833.jpg 1536w, https:\/\/loeben.net\/blog\/wp-content\/uploads\/2024\/04\/20230605_131412-1-2048x1110.jpg 2048w\" sizes=\"auto, (max-width: 1024px) 100vw, 1024px\" \/><\/a><\/figure>\r\n\r\n\r\n\r\n<p>&nbsp;<\/p>\r\n\r\n\r\n\r\n<h5 class=\"wp-block-heading\"><span class=\"ez-toc-section\" id=\"St-Martin-Langenargen\"><\/span>St. Martin Langenargen<span class=\"ez-toc-section-end\"><\/span><\/h5>\r\n\r\n\r\n\r\n<blockquote class=\"wp-block-quote is-layout-flow wp-block-quote-is-layout-flow\">\r\n<p>Die Tatsache, dass Martin von Tours als Patron f\u00fcr die Kirche gew\u00e4hlt wurde, l\u00e4sst darauf schlie\u00dfen, dass mindestens schon im achten Jahrhundert eine Urpfarrei in Langenargen bestand, auf die auch der sp\u00e4tere Kirchenbau zur\u00fcckgeht. Die erste Martinskirche in Langenargen kann bis zur Merowingerzeit zur\u00fcckverfolgt werden. Sie war Zentrum des mittelalterlichen Langenargens. In ihrem Kirchhof war der zentrale Friedhof angelegt. Anfang des 18. Jahrhunderts entschieden sich die Grafen von Montfort die Martinskirche in das neue Ortszentrum nahe ihrem Schloss zu verlegen. Daf\u00fcr rissen sie die urspr\u00fcngliche Kirche bis auf den Chor ab und verwendeten das Baumaterial zum Neubau der Kirche St. Martin. Der verbliebene Chor wurde barockisiert und 1722 als Friedhofskapelle St. Anna geweiht.<br \/><br \/>Die neue Pfarrkirche St. Martin wurde an der Stelle der 1479 erbauten und im fr\u00fchen 18. Jahrhundert abgerissenen Fridolinskapelle errichtet. Unter Graf Anton III. wurde die neue Kirche in den Jahren 1720 bis 1722 errichtet. Baumeister war Leonhard Gmeiner. 1718 hatte der Konstanzer Weihbischof Konrad Ferdinand Geist von Wildegg den Grundstein gelegt, und 1722 weihte der Konstanzer F\u00fcrstbischof Johann Franz von Stauffenberg die Kirche. Zu diesem Zeitpunkt besa\u00df sie noch keinen Turm. Eigentlich war ein Bau mit zwei gleichartigen, je 55 Meter hohen T\u00fcrmen geplant worden. Aus finanziellen Gr\u00fcnden konnte erst Graf Ernst den Nordturm 1735 realisieren.<\/p>\r\n<cite><a href=\"https:\/\/de.wikipedia.org\/wiki\/St._Martin_(Langenargen)\" target=\"_blank\" rel=\"noreferrer noopener\">St. Martin (Langenargen)<\/a><\/cite><\/blockquote>\r\n\r\n\r\n\r\n<figure class=\"wp-block-image alignright size-large is-resized\"><a href=\"https:\/\/loeben.net\/blog\/wp-content\/uploads\/2024\/04\/20230607_115150a-scaled.jpg\" target=\"_blank\" rel=\"noreferrer noopener\"><img loading=\"lazy\" decoding=\"async\" width=\"567\" height=\"1024\" class=\"wp-image-2714\" style=\"width: 144px; height: auto;\" src=\"https:\/\/loeben.net\/blog\/wp-content\/uploads\/2024\/04\/20230607_115150a-567x1024.jpg\" alt=\"\" title=\"\" srcset=\"https:\/\/loeben.net\/blog\/wp-content\/uploads\/2024\/04\/20230607_115150a-567x1024.jpg 567w, https:\/\/loeben.net\/blog\/wp-content\/uploads\/2024\/04\/20230607_115150a-166x300.jpg 166w, https:\/\/loeben.net\/blog\/wp-content\/uploads\/2024\/04\/20230607_115150a-768x1387.jpg 768w, https:\/\/loeben.net\/blog\/wp-content\/uploads\/2024\/04\/20230607_115150a-851x1536.jpg 851w, https:\/\/loeben.net\/blog\/wp-content\/uploads\/2024\/04\/20230607_115150a-1134x2048.jpg 1134w, https:\/\/loeben.net\/blog\/wp-content\/uploads\/2024\/04\/20230607_115150a-scaled.jpg 1418w\" sizes=\"auto, (max-width: 567px) 100vw, 567px\" \/><\/a><\/figure>\r\n\r\n\r\n\r\n<figure class=\"wp-block-gallery has-nested-images columns-default is-cropped wp-block-gallery-6 is-layout-flex wp-block-gallery-is-layout-flex\">\r\n<figure class=\"wp-block-image size-large\"><a href=\"https:\/\/loeben.net\/blog\/wp-content\/uploads\/2024\/04\/20230607_114806-scaled.jpg\"><img loading=\"lazy\" decoding=\"async\" width=\"1024\" height=\"660\" data-id=\"2716\" class=\"wp-image-2716\" src=\"https:\/\/loeben.net\/blog\/wp-content\/uploads\/2024\/04\/20230607_114806-1024x660.jpg\" alt=\"\" title=\"\" srcset=\"https:\/\/loeben.net\/blog\/wp-content\/uploads\/2024\/04\/20230607_114806-1024x660.jpg 1024w, https:\/\/loeben.net\/blog\/wp-content\/uploads\/2024\/04\/20230607_114806-300x193.jpg 300w, https:\/\/loeben.net\/blog\/wp-content\/uploads\/2024\/04\/20230607_114806-768x495.jpg 768w, https:\/\/loeben.net\/blog\/wp-content\/uploads\/2024\/04\/20230607_114806-1536x990.jpg 1536w, https:\/\/loeben.net\/blog\/wp-content\/uploads\/2024\/04\/20230607_114806-2048x1320.jpg 2048w\" sizes=\"auto, (max-width: 1024px) 100vw, 1024px\" \/><\/a>\r\n<figcaption class=\"wp-element-caption\">Kirche St. Martin<\/figcaption>\r\n<\/figure>\r\n\r\n\r\n\r\n<figure class=\"wp-block-image size-large\"><a href=\"https:\/\/loeben.net\/blog\/wp-content\/uploads\/2024\/04\/20230607_114533-scaled.jpg\"><img loading=\"lazy\" decoding=\"async\" width=\"1024\" height=\"576\" data-id=\"2715\" class=\"wp-image-2715\" src=\"https:\/\/loeben.net\/blog\/wp-content\/uploads\/2024\/04\/20230607_114533-1024x576.jpg\" alt=\"\" title=\"\" srcset=\"https:\/\/loeben.net\/blog\/wp-content\/uploads\/2024\/04\/20230607_114533-1024x576.jpg 1024w, https:\/\/loeben.net\/blog\/wp-content\/uploads\/2024\/04\/20230607_114533-300x169.jpg 300w, https:\/\/loeben.net\/blog\/wp-content\/uploads\/2024\/04\/20230607_114533-768x432.jpg 768w, https:\/\/loeben.net\/blog\/wp-content\/uploads\/2024\/04\/20230607_114533-1536x864.jpg 1536w, https:\/\/loeben.net\/blog\/wp-content\/uploads\/2024\/04\/20230607_114533-2048x1152.jpg 2048w\" sizes=\"auto, (max-width: 1024px) 100vw, 1024px\" \/><\/a>\r\n<figcaption class=\"wp-element-caption\">Kirche St. Martin<\/figcaption>\r\n<\/figure>\r\n<\/figure>\r\n\r\n\r\n\r\n<h5 class=\"wp-block-heading\"><span class=\"ez-toc-section\" id=\"Schloss-Montfort\"><\/span>Schloss <a href=\"https:\/\/www.google.com\/maps\/place\/St.+Martin\/@47.5978,9.5375,18z\/data=!4m6!3m5!1s0x479b0425898cb1d7:0x2c3f9c8a9dac2c6e!8m2!3d47.5976864!4d9.5381786!16s%2Fg%2F120jwspd?entry=ttu\" target=\"_blank\" rel=\"noreferrer noopener\">Montfort<\/a><span class=\"ez-toc-section-end\"><\/span><\/h5>\r\n\r\n\r\n\r\n<p>Unmittelbar vor der Kirche St. Martin Langenargen liegt &#8222;<a href=\"https:\/\/www.tourismus-langenargen.de\/erleben\/highlights\/schloss-montfort\" target=\"_blank\" rel=\"noreferrer noopener\">Schloss Montfort<\/a>&#8222;. Nach 147 Treppenstufen wirst Du mit einem Rundblick belohnt, der sich lohnt, wenn das Wetter und die Fernsicht akzeptabel sind. Nach unserem Aufstieg war die Fernsicht auf die Alpen (siehe unten) nicht optimal.<\/p>\r\n\r\n\r\n\r\n<figure class=\"wp-block-gallery has-nested-images columns-default is-cropped wp-block-gallery-7 is-layout-flex wp-block-gallery-is-layout-flex\">\r\n<figure class=\"wp-block-image size-medium\"><a href=\"https:\/\/loeben.net\/blog\/wp-content\/uploads\/2024\/04\/20230607_110352.jpg\"><img loading=\"lazy\" decoding=\"async\" width=\"300\" height=\"227\" data-id=\"2751\" class=\"wp-image-2751\" src=\"https:\/\/loeben.net\/blog\/wp-content\/uploads\/2024\/04\/20230607_110352-300x227.jpg\" alt=\"\" title=\"\" srcset=\"https:\/\/loeben.net\/blog\/wp-content\/uploads\/2024\/04\/20230607_110352-300x227.jpg 300w, https:\/\/loeben.net\/blog\/wp-content\/uploads\/2024\/04\/20230607_110352-1024x773.jpg 1024w, https:\/\/loeben.net\/blog\/wp-content\/uploads\/2024\/04\/20230607_110352-768x580.jpg 768w, https:\/\/loeben.net\/blog\/wp-content\/uploads\/2024\/04\/20230607_110352-1536x1160.jpg 1536w, https:\/\/loeben.net\/blog\/wp-content\/uploads\/2024\/04\/20230607_110352.jpg 2001w\" sizes=\"auto, (max-width: 300px) 100vw, 300px\" \/><\/a><\/figure>\r\n\r\n\r\n\r\n<figure class=\"wp-block-image size-medium\"><a href=\"https:\/\/loeben.net\/blog\/wp-content\/uploads\/2024\/04\/20230607_110421-scaled.jpg\"><img loading=\"lazy\" decoding=\"async\" width=\"300\" height=\"169\" data-id=\"2753\" class=\"wp-image-2753\" src=\"https:\/\/loeben.net\/blog\/wp-content\/uploads\/2024\/04\/20230607_110421-300x169.jpg\" alt=\"\" title=\"\" srcset=\"https:\/\/loeben.net\/blog\/wp-content\/uploads\/2024\/04\/20230607_110421-300x169.jpg 300w, https:\/\/loeben.net\/blog\/wp-content\/uploads\/2024\/04\/20230607_110421-1024x576.jpg 1024w, https:\/\/loeben.net\/blog\/wp-content\/uploads\/2024\/04\/20230607_110421-768x432.jpg 768w, https:\/\/loeben.net\/blog\/wp-content\/uploads\/2024\/04\/20230607_110421-1536x864.jpg 1536w, https:\/\/loeben.net\/blog\/wp-content\/uploads\/2024\/04\/20230607_110421-2048x1152.jpg 2048w\" sizes=\"auto, (max-width: 300px) 100vw, 300px\" \/><\/a>\r\n<figcaption class=\"wp-element-caption\">Schloss Montfort<\/figcaption>\r\n<\/figure>\r\n\r\n\r\n\r\n<figure class=\"wp-block-image size-medium\"><a href=\"https:\/\/loeben.net\/blog\/wp-content\/uploads\/2024\/04\/20230607_110752-scaled.jpg\"><img loading=\"lazy\" decoding=\"async\" width=\"187\" height=\"300\" data-id=\"2752\" class=\"wp-image-2752\" src=\"https:\/\/loeben.net\/blog\/wp-content\/uploads\/2024\/04\/20230607_110752-187x300.jpg\" alt=\"\" title=\"\" srcset=\"https:\/\/loeben.net\/blog\/wp-content\/uploads\/2024\/04\/20230607_110752-187x300.jpg 187w, https:\/\/loeben.net\/blog\/wp-content\/uploads\/2024\/04\/20230607_110752-640x1024.jpg 640w, https:\/\/loeben.net\/blog\/wp-content\/uploads\/2024\/04\/20230607_110752-768x1230.jpg 768w, https:\/\/loeben.net\/blog\/wp-content\/uploads\/2024\/04\/20230607_110752-959x1536.jpg 959w, https:\/\/loeben.net\/blog\/wp-content\/uploads\/2024\/04\/20230607_110752-1279x2048.jpg 1279w, https:\/\/loeben.net\/blog\/wp-content\/uploads\/2024\/04\/20230607_110752-scaled.jpg 1599w\" sizes=\"auto, (max-width: 187px) 100vw, 187px\" \/><\/a><\/figure>\r\n\r\n\r\n\r\n<figure class=\"wp-block-image aligncenter size-large\"><a href=\"https:\/\/loeben.net\/blog\/wp-content\/uploads\/2024\/04\/20230607_111936-scaled.jpg\"><img loading=\"lazy\" decoding=\"async\" width=\"1024\" height=\"576\" data-id=\"2750\" class=\"wp-image-2750\" src=\"https:\/\/loeben.net\/blog\/wp-content\/uploads\/2024\/04\/20230607_111936-1024x576.jpg\" alt=\"\" title=\"\" srcset=\"https:\/\/loeben.net\/blog\/wp-content\/uploads\/2024\/04\/20230607_111936-1024x576.jpg 1024w, https:\/\/loeben.net\/blog\/wp-content\/uploads\/2024\/04\/20230607_111936-300x169.jpg 300w, https:\/\/loeben.net\/blog\/wp-content\/uploads\/2024\/04\/20230607_111936-768x432.jpg 768w, https:\/\/loeben.net\/blog\/wp-content\/uploads\/2024\/04\/20230607_111936-1536x864.jpg 1536w, https:\/\/loeben.net\/blog\/wp-content\/uploads\/2024\/04\/20230607_111936-2048x1152.jpg 2048w\" sizes=\"auto, (max-width: 1024px) 100vw, 1024px\" \/><\/a><\/figure>\r\n<\/figure>\r\n\r\n\r\n\r\n<h5 class=\"wp-block-heading\"><span class=\"ez-toc-section\" id=\"Bregenz\"><\/span>Bregenz<span class=\"ez-toc-section-end\"><\/span><\/h5>\r\n\r\n\r\n\r\n<p>Auf der Bergstation <a href=\"https:\/\/www.pfaenderbahn.at\/de\/\" target=\"_blank\" rel=\"noreferrer noopener\">Pf\u00e4nderbahn<\/a> gibt es einen einzigartigen Rundblick mit fast optimaler Fernsicht \u00fcber den gesamten Bodensee. Im Idealfall macht der Pf\u00e4nder bei Bregenz 240 Alpengipfel \u00d6sterreichs, Deutschlands und der Schweiz vom Pf\u00e4nder bei Bregenz, Vorarlberg zum ber\u00fchmtesten Aussichtspunkt der <a href=\"https:\/\/www.google.com\/maps\/place\/Bergstation+Pf%C3%A4nderbahn\/@47.5058,9.77917,18z\/data=!4m6!3m5!1s0x479b72a8547963a5:0x108dc7c8de24c76c!8m2!3d47.5060365!4d9.7792821!16s%2Fg%2F11c0xr_stk\" target=\"_blank\" rel=\"noreferrer noopener\">Region<\/a>.<\/p>\r\n\r\n\r\n\r\n<figure class=\"wp-block-image aligncenter size-medium\"><a href=\"https:\/\/loeben.net\/blog\/wp-content\/uploads\/2024\/04\/20230607_154002-scaled.jpg\"><img loading=\"lazy\" decoding=\"async\" width=\"300\" height=\"81\" class=\"wp-image-2725\" src=\"https:\/\/loeben.net\/blog\/wp-content\/uploads\/2024\/04\/20230607_154002-300x81.jpg\" alt=\"\" title=\"\" srcset=\"https:\/\/loeben.net\/blog\/wp-content\/uploads\/2024\/04\/20230607_154002-300x81.jpg 300w, https:\/\/loeben.net\/blog\/wp-content\/uploads\/2024\/04\/20230607_154002-1024x277.jpg 1024w, https:\/\/loeben.net\/blog\/wp-content\/uploads\/2024\/04\/20230607_154002-768x207.jpg 768w, https:\/\/loeben.net\/blog\/wp-content\/uploads\/2024\/04\/20230607_154002-1536x415.jpg 1536w, https:\/\/loeben.net\/blog\/wp-content\/uploads\/2024\/04\/20230607_154002-2048x553.jpg 2048w\" sizes=\"auto, (max-width: 300px) 100vw, 300px\" \/><\/a><\/figure>\r\n\r\n\r\n\r\n<p>&nbsp;<\/p>\r\n\r\n\r\n\r\n<figure class=\"wp-block-gallery has-nested-images columns-default is-cropped wp-block-gallery-8 is-layout-flex wp-block-gallery-is-layout-flex\">\r\n<figure class=\"wp-block-image size-medium\"><a href=\"https:\/\/loeben.net\/blog\/wp-content\/uploads\/2024\/04\/20230607_155859-scaled.jpg\"><img loading=\"lazy\" decoding=\"async\" width=\"300\" height=\"169\" data-id=\"2727\" class=\"wp-image-2727\" src=\"https:\/\/loeben.net\/blog\/wp-content\/uploads\/2024\/04\/20230607_155859-300x169.jpg\" alt=\"\" title=\"\" srcset=\"https:\/\/loeben.net\/blog\/wp-content\/uploads\/2024\/04\/20230607_155859-300x169.jpg 300w, https:\/\/loeben.net\/blog\/wp-content\/uploads\/2024\/04\/20230607_155859-1024x576.jpg 1024w, https:\/\/loeben.net\/blog\/wp-content\/uploads\/2024\/04\/20230607_155859-768x432.jpg 768w, https:\/\/loeben.net\/blog\/wp-content\/uploads\/2024\/04\/20230607_155859-1536x864.jpg 1536w, https:\/\/loeben.net\/blog\/wp-content\/uploads\/2024\/04\/20230607_155859-2048x1152.jpg 2048w\" sizes=\"auto, (max-width: 300px) 100vw, 300px\" \/><\/a><\/figure>\r\n\r\n\r\n\r\n<figure class=\"wp-block-image size-medium\"><a href=\"https:\/\/loeben.net\/blog\/wp-content\/uploads\/2024\/04\/20230607_155944-scaled.jpg\"><img loading=\"lazy\" decoding=\"async\" width=\"300\" height=\"169\" data-id=\"2728\" class=\"wp-image-2728\" src=\"https:\/\/loeben.net\/blog\/wp-content\/uploads\/2024\/04\/20230607_155944-300x169.jpg\" alt=\"\" title=\"\" srcset=\"https:\/\/loeben.net\/blog\/wp-content\/uploads\/2024\/04\/20230607_155944-300x169.jpg 300w, https:\/\/loeben.net\/blog\/wp-content\/uploads\/2024\/04\/20230607_155944-1024x576.jpg 1024w, https:\/\/loeben.net\/blog\/wp-content\/uploads\/2024\/04\/20230607_155944-768x432.jpg 768w, https:\/\/loeben.net\/blog\/wp-content\/uploads\/2024\/04\/20230607_155944-1536x864.jpg 1536w, https:\/\/loeben.net\/blog\/wp-content\/uploads\/2024\/04\/20230607_155944-2048x1152.jpg 2048w\" sizes=\"auto, (max-width: 300px) 100vw, 300px\" \/><\/a><\/figure>\r\n<\/figure>\r\n\r\n\r\n\r\n<h4 class=\"wp-block-heading\"><span class=\"ez-toc-section\" id=\"Bad-Harzburg\"><\/span>Bad Harzburg<span class=\"ez-toc-section-end\"><\/span><\/h4>\r\n\r\n\r\n\r\n<figure class=\"wp-block-gallery has-nested-images columns-default is-cropped wp-block-gallery-9 is-layout-flex wp-block-gallery-is-layout-flex\">\r\n<figure class=\"wp-block-image size-large\"><a href=\"https:\/\/loeben.net\/blog\/wp-content\/uploads\/2024\/04\/cafe-peters-3.jpg\"><img loading=\"lazy\" decoding=\"async\" width=\"1024\" height=\"802\" data-id=\"2875\" class=\"wp-image-2875\" src=\"https:\/\/loeben.net\/blog\/wp-content\/uploads\/2024\/04\/cafe-peters-3-1024x802.jpg\" alt=\"\" title=\"\" srcset=\"https:\/\/loeben.net\/blog\/wp-content\/uploads\/2024\/04\/cafe-peters-3-1024x802.jpg 1024w, https:\/\/loeben.net\/blog\/wp-content\/uploads\/2024\/04\/cafe-peters-3-300x235.jpg 300w, https:\/\/loeben.net\/blog\/wp-content\/uploads\/2024\/04\/cafe-peters-3-768x602.jpg 768w, https:\/\/loeben.net\/blog\/wp-content\/uploads\/2024\/04\/cafe-peters-3.jpg 1455w\" sizes=\"auto, (max-width: 1024px) 100vw, 1024px\" \/><\/a><\/figure>\r\n\r\n\r\n\r\n<figure class=\"wp-block-image size-large\"><a href=\"https:\/\/loeben.net\/blog\/wp-content\/uploads\/2024\/04\/cafe-peters-1.jpg\"><img loading=\"lazy\" decoding=\"async\" width=\"647\" height=\"1024\" data-id=\"2876\" class=\"wp-image-2876\" src=\"https:\/\/loeben.net\/blog\/wp-content\/uploads\/2024\/04\/cafe-peters-1-647x1024.jpg\" alt=\"\" title=\"\" srcset=\"https:\/\/loeben.net\/blog\/wp-content\/uploads\/2024\/04\/cafe-peters-1-647x1024.jpg 647w, https:\/\/loeben.net\/blog\/wp-content\/uploads\/2024\/04\/cafe-peters-1-189x300.jpg 189w, https:\/\/loeben.net\/blog\/wp-content\/uploads\/2024\/04\/cafe-peters-1.jpg 720w\" sizes=\"auto, (max-width: 647px) 100vw, 647px\" \/><\/a><\/figure>\r\n\r\n\r\n\r\n<figure class=\"wp-block-image size-large\"><a href=\"https:\/\/loeben.net\/blog\/wp-content\/uploads\/2024\/04\/Bildschirmfoto-vom-2024-04-16-15-00-07.png\"><img loading=\"lazy\" decoding=\"async\" width=\"625\" height=\"572\" data-id=\"2866\" class=\"wp-image-2866\" src=\"https:\/\/loeben.net\/blog\/wp-content\/uploads\/2024\/04\/Bildschirmfoto-vom-2024-04-16-15-00-07.png\" alt=\"Caf\u00e9 Peters\" title=\"\" srcset=\"https:\/\/loeben.net\/blog\/wp-content\/uploads\/2024\/04\/Bildschirmfoto-vom-2024-04-16-15-00-07.png 625w, https:\/\/loeben.net\/blog\/wp-content\/uploads\/2024\/04\/Bildschirmfoto-vom-2024-04-16-15-00-07-300x275.png 300w\" sizes=\"auto, (max-width: 625px) 100vw, 625px\" \/><\/a><\/figure>\r\n<\/figure>\r\n\r\n\r\n\r\n<figure class=\"wp-block-image alignright size-full is-resized\"><a href=\"https:\/\/loeben.net\/blog\/wp-content\/uploads\/2024\/04\/cafe-peters-umzug-19000.jpg\"><img loading=\"lazy\" decoding=\"async\" width=\"570\" height=\"760\" class=\"wp-image-2874\" style=\"width: 163px; height: auto;\" src=\"https:\/\/loeben.net\/blog\/wp-content\/uploads\/2024\/04\/cafe-peters-umzug-19000.jpg\" alt=\"\" title=\"\" srcset=\"https:\/\/loeben.net\/blog\/wp-content\/uploads\/2024\/04\/cafe-peters-umzug-19000.jpg 570w, https:\/\/loeben.net\/blog\/wp-content\/uploads\/2024\/04\/cafe-peters-umzug-19000-225x300.jpg 225w\" sizes=\"auto, (max-width: 570px) 100vw, 570px\" \/><\/a>\r\n<figcaption class=\"wp-element-caption\">Familien Tradition<\/figcaption>\r\n<\/figure>\r\n\r\n\r\n\r\n<figure class=\"wp-block-image alignleft size-full is-resized\"><img loading=\"lazy\" decoding=\"async\" width=\"500\" height=\"500\" class=\"wp-image-2877\" style=\"width: 182px; height: auto;\" src=\"https:\/\/loeben.net\/blog\/wp-content\/uploads\/2024\/04\/cafe-peters-shop-baumkuchen-500x500-1.jpg\" alt=\"\" title=\"\" srcset=\"https:\/\/loeben.net\/blog\/wp-content\/uploads\/2024\/04\/cafe-peters-shop-baumkuchen-500x500-1.jpg 500w, https:\/\/loeben.net\/blog\/wp-content\/uploads\/2024\/04\/cafe-peters-shop-baumkuchen-500x500-1-300x300.jpg 300w, https:\/\/loeben.net\/blog\/wp-content\/uploads\/2024\/04\/cafe-peters-shop-baumkuchen-500x500-1-150x150.jpg 150w\" sizes=\"auto, (max-width: 500px) 100vw, 500px\" \/><\/figure>\r\n\r\n\r\n\r\n<p>Wir steuerten gezielt die Herzog-Wilhelm-Str. 106 in 38667 Bad Harzburg an, um Klaus und Iris in ihrer Wirkungsst\u00e4tte zu besuchen. Das Wetter war leider nicht f\u00fcr einen Kaffee und eine Torte im Freien geeignet. Das war auch gut so, sonst w\u00e4re uns das &#8222;Wiener Caf\u00e9 Ambiente&#8220; und die Caf\u00e9-Stimmung entgangen.<\/p>\r\n\r\n\r\n\r\n<p>Absolute Spitzenklasse! Tolles Ambiente und spitzen Torten. Auch die Verkaufsfl\u00e4chen, die Produktpr\u00e4sentationen und das Sortiment im Erdgeschoss haben uns \u00fcberzeugt. Das Caf\u00e9 geh\u00f6rt f\u00fcr mich pers\u00f6nlich zu den Top 3 Adressen in Deutschland. Es hat zwar alles seinen Preis &#8211; aber gute Qualit\u00e4t will halt auch bezahlt sein und das ist absolut ok so.<\/p>\r\n\r\n\r\n\r\n<h4 class=\"wp-block-heading\"><span class=\"ez-toc-section\" id=\"Magdeburg\"><\/span>Magdeburg<span class=\"ez-toc-section-end\"><\/span><\/h4>\r\n\r\n\r\n\r\n<figure class=\"wp-block-gallery has-nested-images columns-default is-cropped wp-block-gallery-10 is-layout-flex wp-block-gallery-is-layout-flex\">\r\n<figure class=\"wp-block-image alignleft size-medium\"><a href=\"https:\/\/loeben.net\/blog\/wp-content\/uploads\/2024\/04\/20230624_110636-scaled.jpg\"><img loading=\"lazy\" decoding=\"async\" width=\"169\" height=\"300\" data-id=\"2758\" class=\"wp-image-2758\" src=\"https:\/\/loeben.net\/blog\/wp-content\/uploads\/2024\/04\/20230624_110636-169x300.jpg\" alt=\"gr\u00fcne Zitadelle\" title=\"\" srcset=\"https:\/\/loeben.net\/blog\/wp-content\/uploads\/2024\/04\/20230624_110636-169x300.jpg 169w, https:\/\/loeben.net\/blog\/wp-content\/uploads\/2024\/04\/20230624_110636-576x1024.jpg 576w, https:\/\/loeben.net\/blog\/wp-content\/uploads\/2024\/04\/20230624_110636-768x1365.jpg 768w, https:\/\/loeben.net\/blog\/wp-content\/uploads\/2024\/04\/20230624_110636-864x1536.jpg 864w, https:\/\/loeben.net\/blog\/wp-content\/uploads\/2024\/04\/20230624_110636-1152x2048.jpg 1152w, https:\/\/loeben.net\/blog\/wp-content\/uploads\/2024\/04\/20230624_110636-scaled.jpg 1440w\" sizes=\"auto, (max-width: 169px) 100vw, 169px\" \/><\/a>\r\n<figcaption class=\"wp-element-caption\">gr\u00fcne Zitadelle<\/figcaption>\r\n<\/figure>\r\n\r\n\r\n\r\n<figure class=\"wp-block-image alignright size-medium\"><a href=\"https:\/\/loeben.net\/blog\/wp-content\/uploads\/2024\/04\/20230623_161816a.jpg\"><img loading=\"lazy\" decoding=\"async\" width=\"300\" height=\"214\" data-id=\"2759\" class=\"wp-image-2759\" src=\"https:\/\/loeben.net\/blog\/wp-content\/uploads\/2024\/04\/20230623_161816a-300x214.jpg\" alt=\"Anreise Magdeburg\" title=\"\" srcset=\"https:\/\/loeben.net\/blog\/wp-content\/uploads\/2024\/04\/20230623_161816a-300x214.jpg 300w, https:\/\/loeben.net\/blog\/wp-content\/uploads\/2024\/04\/20230623_161816a-1024x731.jpg 1024w, https:\/\/loeben.net\/blog\/wp-content\/uploads\/2024\/04\/20230623_161816a-768x548.jpg 768w, https:\/\/loeben.net\/blog\/wp-content\/uploads\/2024\/04\/20230623_161816a-1536x1096.jpg 1536w, https:\/\/loeben.net\/blog\/wp-content\/uploads\/2024\/04\/20230623_161816a.jpg 1672w\" sizes=\"auto, (max-width: 300px) 100vw, 300px\" \/><\/a>\r\n<figcaption class=\"wp-element-caption\">Anreise Magdeburg<\/figcaption>\r\n<\/figure>\r\n<\/figure>\r\n\r\n\r\n\r\n<h4 class=\"wp-block-heading\"><span class=\"ez-toc-section\" id=\"Berlin\"><\/span>Berlin<span class=\"ez-toc-section-end\"><\/span><\/h4>\r\n\r\n\r\n\r\n<figure class=\"wp-block-image aligncenter size-full is-resized\"><a href=\"https:\/\/loeben.net\/blog\/wp-content\/uploads\/2024\/04\/Bildschirmfoto-vom-2024-04-15-20-26-01.png\"><img loading=\"lazy\" decoding=\"async\" width=\"250\" height=\"209\" class=\"wp-image-2731\" style=\"width: 250px;\" src=\"https:\/\/loeben.net\/blog\/wp-content\/uploads\/2024\/04\/Bildschirmfoto-vom-2024-04-15-20-26-01.png\" alt=\"\" title=\"\" srcset=\"https:\/\/loeben.net\/blog\/wp-content\/uploads\/2024\/04\/Bildschirmfoto-vom-2024-04-15-20-26-01.png 835w, https:\/\/loeben.net\/blog\/wp-content\/uploads\/2024\/04\/Bildschirmfoto-vom-2024-04-15-20-26-01-300x250.png 300w, https:\/\/loeben.net\/blog\/wp-content\/uploads\/2024\/04\/Bildschirmfoto-vom-2024-04-15-20-26-01-768x641.png 768w\" sizes=\"auto, (max-width: 250px) 100vw, 250px\" \/><\/a><\/figure>\r\n\r\n\r\n\r\n<figure class=\"wp-block-image alignleft size-large is-resized has-custom-border is-style-rounded\"><a href=\"https:\/\/loeben.net\/blog\/wp-content\/uploads\/2024\/04\/20230629_185104-scaled.jpg\"><img loading=\"lazy\" decoding=\"async\" width=\"1024\" height=\"453\" class=\"wp-image-2903\" style=\"border-width: 6px; width: 300px;\" src=\"https:\/\/loeben.net\/blog\/wp-content\/uploads\/2024\/04\/20230629_185104-1024x453.jpg\" alt=\"Ich stehe (nicht) auf der Berliner Mauer\" title=\"\" srcset=\"https:\/\/loeben.net\/blog\/wp-content\/uploads\/2024\/04\/20230629_185104-1024x453.jpg 1024w, https:\/\/loeben.net\/blog\/wp-content\/uploads\/2024\/04\/20230629_185104-300x133.jpg 300w, https:\/\/loeben.net\/blog\/wp-content\/uploads\/2024\/04\/20230629_185104-768x340.jpg 768w, https:\/\/loeben.net\/blog\/wp-content\/uploads\/2024\/04\/20230629_185104-1536x680.jpg 1536w, https:\/\/loeben.net\/blog\/wp-content\/uploads\/2024\/04\/20230629_185104-2048x907.jpg 2048w\" sizes=\"auto, (max-width: 1024px) 100vw, 1024px\" \/><\/a>\r\n<figcaption class=\"wp-element-caption\">Deutsche Geschichte<\/figcaption>\r\n<\/figure>\r\n\r\n\r\n\r\n<figure class=\"wp-block-image alignright size-large is-resized is-style-default\"><a href=\"https:\/\/loeben.net\/blog\/wp-content\/uploads\/2024\/04\/20230629_1159-scaled.jpg\"><img loading=\"lazy\" decoding=\"async\" width=\"576\" height=\"1024\" class=\"wp-image-2937\" style=\"width: 300px; height: auto;\" src=\"https:\/\/loeben.net\/blog\/wp-content\/uploads\/2024\/04\/20230629_1159-576x1024.jpg\" alt=\"Alex\" title=\"\" srcset=\"https:\/\/loeben.net\/blog\/wp-content\/uploads\/2024\/04\/20230629_1159-576x1024.jpg 576w, https:\/\/loeben.net\/blog\/wp-content\/uploads\/2024\/04\/20230629_1159-169x300.jpg 169w, https:\/\/loeben.net\/blog\/wp-content\/uploads\/2024\/04\/20230629_1159-768x1365.jpg 768w, https:\/\/loeben.net\/blog\/wp-content\/uploads\/2024\/04\/20230629_1159-864x1536.jpg 864w, https:\/\/loeben.net\/blog\/wp-content\/uploads\/2024\/04\/20230629_1159-1152x2048.jpg 1152w, https:\/\/loeben.net\/blog\/wp-content\/uploads\/2024\/04\/20230629_1159-scaled.jpg 1440w\" sizes=\"auto, (max-width: 576px) 100vw, 576px\" \/><\/a><\/figure>\r\n\r\n\r\n\r\n<figure class=\"wp-block-image alignright size-large is-resized has-custom-border is-style-rounded\" style=\"margin: 0 var(--wp--preset--spacing--20) 0 var(--wp--preset--spacing--20);\"><a href=\"https:\/\/loeben.net\/blog\/wp-content\/uploads\/2024\/04\/20230624_140423.jpg\"><img loading=\"lazy\" decoding=\"async\" width=\"1024\" height=\"708\" class=\"wp-image-2899\" style=\"border-width: 6px; width: 200px;\" src=\"https:\/\/loeben.net\/blog\/wp-content\/uploads\/2024\/04\/20230624_140423-1024x708.jpg\" alt=\"Avus\" title=\"\" srcset=\"https:\/\/loeben.net\/blog\/wp-content\/uploads\/2024\/04\/20230624_140423-1024x708.jpg 1024w, https:\/\/loeben.net\/blog\/wp-content\/uploads\/2024\/04\/20230624_140423-300x207.jpg 300w, https:\/\/loeben.net\/blog\/wp-content\/uploads\/2024\/04\/20230624_140423-768x531.jpg 768w, https:\/\/loeben.net\/blog\/wp-content\/uploads\/2024\/04\/20230624_140423-1536x1061.jpg 1536w, https:\/\/loeben.net\/blog\/wp-content\/uploads\/2024\/04\/20230624_140423-2048x1415.jpg 2048w\" sizes=\"auto, (max-width: 1024px) 100vw, 1024px\" \/><\/a>\r\n<figcaption class=\"wp-element-caption\">Berlin wir kommen<br \/>auf der Avus noch ohne Verkehrsstau<\/figcaption>\r\n<\/figure>\r\n\r\n\r\n\r\n<p>&nbsp;<\/p>\r\n\r\n\r\n\r\n<p>Berlin ist immer eine Reise wert. Unsere Werte waren die oben beschriebenen Konzerte und weniger die weit ausgedehnten 30er Zonen mit teilweise recht r\u00fccksichtslosen Zweiradfahrern. Die Landespolitik hat da offensichtlich viele Dinge eingestielt, die ich als Tourist nicht immer begr\u00fc\u00dfte habe.<\/p>\r\n\r\n\r\n\r\n<p>In Berlin haben wir uns auf wenige Sehensw\u00fcrdigkeiten beschr\u00e4nkt, weil wir es bei unserer letzten Reise in den Osten (Dresden, Weimar, Leipzig, Eisenach usw.) \u00fcbertrieben hatten. W\u00e4hrend der Nachbearbeitung merkte ich schnell, dass in relativ kurzer Zeit sich die vielen Eindr\u00fccke nicht nachhaltig verarbeiten lassen. Da bleiben weniger Sehensw\u00fcrdigkeiten in so kurzer Zeit oft besser im Ged\u00e4chtnis. Au\u00dferdem hat man noch Ziele&#8230;<\/p>\r\n\r\n\r\n\r\n<p>&nbsp;<\/p>\r\n\r\n\r\n\r\n<p>~~~<\/p>\r\n\r\n\r\n\r\n<figure class=\"wp-block-image alignwide size-large\"><a href=\"https:\/\/loeben.net\/blog\/wp-content\/uploads\/2024\/04\/20230626_132718-scaled.jpg\"><img loading=\"lazy\" decoding=\"async\" width=\"1024\" height=\"247\" class=\"wp-image-2892\" src=\"https:\/\/loeben.net\/blog\/wp-content\/uploads\/2024\/04\/20230626_132718-1024x247.jpg\" alt=\"Rundblick vom Dach des Parlaments\" title=\"\" srcset=\"https:\/\/loeben.net\/blog\/wp-content\/uploads\/2024\/04\/20230626_132718-1024x247.jpg 1024w, https:\/\/loeben.net\/blog\/wp-content\/uploads\/2024\/04\/20230626_132718-300x72.jpg 300w, https:\/\/loeben.net\/blog\/wp-content\/uploads\/2024\/04\/20230626_132718-768x185.jpg 768w, https:\/\/loeben.net\/blog\/wp-content\/uploads\/2024\/04\/20230626_132718-1536x371.jpg 1536w, https:\/\/loeben.net\/blog\/wp-content\/uploads\/2024\/04\/20230626_132718-2048x494.jpg 2048w\" sizes=\"auto, (max-width: 1024px) 100vw, 1024px\" \/><\/a><\/figure>\r\n\r\n\r\n\r\n<p><br \/>Am n\u00e4chsten Tag wollten wir nach Potsdam. Dass nicht alle Sehensw\u00fcrdigkeiten in Potsdam an einem Tag erobert werden konnten und die Tour inkl. Sanssouci anstrengend werden w\u00fcrde, wusste ich. Von daher haben wir unser Berlin-Programm bewusst schlank gestaltet. So beschr\u00e4nkten wir uns in Berlin auf das Regierungsviertel mit einer kompetenten F\u00fchrung und der Besichtigung des Bundestages, Checkpoint Charlie, dem Alex und das rote Rathaus und eine Schiffs-Rundfahrt auf der Spree rund um die <a href=\"https:\/\/www.berlin.de\/landesdenkmalamt\/welterbe\/welterbestaetten\/museumsinsel-berlin\/\" target=\"_blank\" rel=\"noreferrer noopener\">Museumsinsel<\/a>. Die Waldb\u00fchne und das Olympiastadion konnten wir dann im Rahmen der oben beschriebenen Konzerte besichtigen.<\/p>\r\n\r\n\r\n\r\n<div aria-live=\"polite\" id=\"soliloquy-container-2926_4\" class=\"soliloquy-container soliloquy-transition-fade  soliloquy-theme-base\" style=\"max-width:960px;max-height:800px;\"><ul id=\"soliloquy-2926_4\" class=\"soliloquy-slider soliloquy-slides soliloquy-wrap soliloquy-clear\"><li aria-hidden=\"true\" class=\"soliloquy-item soliloquy-item-1 soliloquy-image-slide\" draggable=\"false\" style=\"list-style:none\"><img decoding=\"async\" id=\"soliloquy-image-2929\" class=\"soliloquy-image soliloquy-image-1\" src=\"https:\/\/loeben.net\/blog\/wp-content\/uploads\/2024\/04\/20230624_waldbuehne.ticket-1-960x800_c.png\" alt=\"20230624_waldbuehne.ticket\" title=\"\"><\/li><li aria-hidden=\"true\" class=\"soliloquy-item soliloquy-item-2 soliloquy-image-slide\" draggable=\"false\" style=\"list-style:none\"><img decoding=\"async\" id=\"soliloquy-image-2930\" class=\"soliloquy-image soliloquy-image-2\" src=\"https:\/\/loeben.net\/blog\/wp-content\/uploads\/2024\/04\/20230626_1122-scaled-960x800_c.jpg\" alt=\"20230626_1122\" title=\"\"><\/li><li aria-hidden=\"true\" class=\"soliloquy-item soliloquy-item-3 soliloquy-image-slide\" draggable=\"false\" style=\"list-style:none\"><img decoding=\"async\" id=\"soliloquy-image-2932\" class=\"soliloquy-image soliloquy-image-3\" src=\"https:\/\/loeben.net\/blog\/wp-content\/uploads\/2024\/04\/20230626_1332-1-scaled-960x800_c.jpg\" alt=\"20230626_1332\" title=\"\"><\/li><li aria-hidden=\"true\" class=\"soliloquy-item soliloquy-item-4 soliloquy-image-slide\" draggable=\"false\" style=\"list-style:none\"><img decoding=\"async\" id=\"soliloquy-image-2935\" class=\"soliloquy-image soliloquy-image-4\" src=\"https:\/\/loeben.net\/blog\/wp-content\/uploads\/2024\/04\/20230627_230112-1-scaled-960x800_c.jpg\" alt=\"20230627_230112\" title=\"\"><\/li><li aria-hidden=\"true\" class=\"soliloquy-item soliloquy-item-5 soliloquy-image-slide\" draggable=\"false\" style=\"list-style:none\"><img decoding=\"async\" id=\"soliloquy-image-2936\" class=\"soliloquy-image soliloquy-image-5\" src=\"https:\/\/loeben.net\/blog\/wp-content\/uploads\/2024\/04\/20230627_230150-1-scaled-960x800_c.jpg\" alt=\"20230627_230150\" title=\"\"><\/li><li aria-hidden=\"true\" class=\"soliloquy-item soliloquy-item-6 soliloquy-image-slide\" draggable=\"false\" style=\"list-style:none\"><img decoding=\"async\" id=\"soliloquy-image-2939\" class=\"soliloquy-image soliloquy-image-6\" src=\"https:\/\/loeben.net\/blog\/wp-content\/uploads\/2024\/04\/20230629_1235-scaled-960x800_c.jpg\" alt=\"20230629_1235\" title=\"\"><\/li><li aria-hidden=\"true\" class=\"soliloquy-item soliloquy-item-7 soliloquy-image-slide\" draggable=\"false\" style=\"list-style:none\"><img decoding=\"async\" id=\"soliloquy-image-2940\" class=\"soliloquy-image soliloquy-image-7\" src=\"https:\/\/loeben.net\/blog\/wp-content\/uploads\/2024\/04\/20230629_1237-scaled-960x800_c.jpg\" alt=\"20230629_1237\" title=\"\"><\/li><li aria-hidden=\"true\" class=\"soliloquy-item soliloquy-item-8 soliloquy-image-slide\" draggable=\"false\" style=\"list-style:none\"><img decoding=\"async\" id=\"soliloquy-image-2941\" class=\"soliloquy-image soliloquy-image-8\" src=\"https:\/\/loeben.net\/blog\/wp-content\/uploads\/2024\/04\/20230629_114100-1-scaled-960x800_c.jpg\" alt=\"20230629_114100\" title=\"\"><\/li><li aria-hidden=\"true\" class=\"soliloquy-item soliloquy-item-9 soliloquy-image-slide\" draggable=\"false\" style=\"list-style:none\"><img decoding=\"async\" id=\"soliloquy-image-2942\" class=\"soliloquy-image soliloquy-image-9\" src=\"https:\/\/loeben.net\/blog\/wp-content\/uploads\/2024\/04\/20230629_145550-1-scaled-960x800_c.jpg\" alt=\"20230629_145550\" title=\"\"><\/li><\/ul><\/div><noscript><style type=\"text\/css\">#soliloquy-container-2926_4{opacity:1}<\/style><\/noscript>\r\n\r\n\r\n\r\n<p>&nbsp;<\/p>\r\n\r\n\r\n\r\n<h4 class=\"wp-block-heading\"><span class=\"ez-toc-section\" id=\"Potsdam\"><\/span>Potsdam<span class=\"ez-toc-section-end\"><\/span><\/h4>\r\n\r\n\r\n\r\n<div aria-live=\"polite\" id=\"soliloquy-container-2761_5\" class=\"soliloquy-container soliloquy-transition-fade  soliloquy-theme-base\" style=\"max-width:960px;max-height:700px;\"><ul id=\"soliloquy-2761_5\" class=\"soliloquy-slider soliloquy-slides soliloquy-wrap soliloquy-clear\"><li aria-hidden=\"true\" class=\"soliloquy-item soliloquy-item-1 soliloquy-image-slide\" draggable=\"false\" style=\"list-style:none\"><img decoding=\"async\" id=\"soliloquy-image-2762\" class=\"soliloquy-image soliloquy-image-1\" src=\"https:\/\/loeben.net\/blog\/wp-content\/uploads\/2024\/04\/20230625_144202-scaled-960x700_c.jpg\" alt=\"20230625_144202\" title=\"\"><\/li><li aria-hidden=\"true\" class=\"soliloquy-item soliloquy-item-2 soliloquy-image-slide\" draggable=\"false\" style=\"list-style:none\"><img decoding=\"async\" id=\"soliloquy-image-2763\" class=\"soliloquy-image soliloquy-image-2\" src=\"https:\/\/loeben.net\/blog\/wp-content\/uploads\/2024\/04\/20230625_1054.IMG_1892-scaled-960x700_c.jpg\" alt=\"20230625_1054.IMG_1892\" title=\"\"><\/li><li aria-hidden=\"true\" class=\"soliloquy-item soliloquy-item-3 soliloquy-image-slide\" draggable=\"false\" style=\"list-style:none\"><img decoding=\"async\" id=\"soliloquy-image-2764\" class=\"soliloquy-image soliloquy-image-3\" src=\"https:\/\/loeben.net\/blog\/wp-content\/uploads\/2024\/04\/20230625_1055.IMG_1895-scaled-960x700_c.jpg\" alt=\"20230625_1055.IMG_1895\" title=\"\"><\/li><li aria-hidden=\"true\" class=\"soliloquy-item soliloquy-item-4 soliloquy-image-slide\" draggable=\"false\" style=\"list-style:none\"><img decoding=\"async\" id=\"soliloquy-image-2765\" class=\"soliloquy-image soliloquy-image-4\" src=\"https:\/\/loeben.net\/blog\/wp-content\/uploads\/2024\/04\/20230625_142838-960x700_c.jpg\" alt=\"20230625_142838\" title=\"\"><\/li><\/ul><\/div><noscript><style type=\"text\/css\">#soliloquy-container-2761_5{opacity:1}<\/style><\/noscript>\r\n\r\n\r\n\r\n<figure class=\"wp-block-image alignright size-full is-resized\"><a href=\"https:\/\/loeben.net\/blog\/wp-content\/uploads\/2024\/04\/20230625_sanssouci.ticket.png\"><img loading=\"lazy\" decoding=\"async\" width=\"929\" height=\"474\" class=\"wp-image-2766\" style=\"width: 270px; height: auto;\" src=\"https:\/\/loeben.net\/blog\/wp-content\/uploads\/2024\/04\/20230625_sanssouci.ticket.png\" alt=\"\" title=\"\" srcset=\"https:\/\/loeben.net\/blog\/wp-content\/uploads\/2024\/04\/20230625_sanssouci.ticket.png 929w, https:\/\/loeben.net\/blog\/wp-content\/uploads\/2024\/04\/20230625_sanssouci.ticket-300x153.png 300w, https:\/\/loeben.net\/blog\/wp-content\/uploads\/2024\/04\/20230625_sanssouci.ticket-768x392.png 768w\" sizes=\"auto, (max-width: 929px) 100vw, 929px\" \/><\/a><\/figure>\r\n\r\n\r\n\r\n<p>&nbsp;<\/p>\r\n\r\n\r\n\r\n<p>F\u00fcr mich war es bereits die zweite Besichtigung von <a href=\"https:\/\/de.wikipedia.org\/wiki\/Schloss_Sanssouci\" target=\"_blank\" rel=\"noreferrer noopener\">Schloss Sanssouci<\/a>. Beim ersten Besuch, der w\u00e4hrend meines KPMG-Engagements statt gefunden hatte, nahm ich mir vor, erneut nach <a href=\"https:\/\/de.wikipedia.org\/wiki\/Potsdam\" target=\"_blank\" rel=\"noreferrer noopener\">Potsdam<\/a> zu reisen und das Schloss zu besichtigen.<\/p>\r\n\r\n\r\n\r\n<p>Das in das j\u00e4hrliche KPMG Teamevent integrierte Sanssouci Zeitfenster war definitiv zu knapp bemessen.<\/p>\r\n\r\n\r\n\r\n<p>&nbsp;<\/p>\r\n\r\n\r\n\r\n<h4 class=\"wp-block-heading\"><span class=\"ez-toc-section\" id=\"2023er-A3Q-Pfalztour\"><\/span>2023er A3Q Pfalztour<span class=\"ez-toc-section-end\"><\/span><\/h4>\r\n\r\n\r\n\r\n<figure class=\"wp-block-image alignleft size-large is-resized\" style=\"margin: var(--wp--preset--spacing--40);\"><a href=\"https:\/\/loeben.net\/blog\/wp-content\/uploads\/2024\/04\/20230909_080222-scaled.jpg\"><img loading=\"lazy\" decoding=\"async\" width=\"1024\" height=\"682\" class=\"wp-image-2788\" style=\"width: auto; height: 150px;\" src=\"https:\/\/loeben.net\/blog\/wp-content\/uploads\/2024\/04\/20230909_080222-1024x682.jpg\" alt=\"\" title=\"\" srcset=\"https:\/\/loeben.net\/blog\/wp-content\/uploads\/2024\/04\/20230909_080222-1024x682.jpg 1024w, https:\/\/loeben.net\/blog\/wp-content\/uploads\/2024\/04\/20230909_080222-300x200.jpg 300w, https:\/\/loeben.net\/blog\/wp-content\/uploads\/2024\/04\/20230909_080222-768x512.jpg 768w, https:\/\/loeben.net\/blog\/wp-content\/uploads\/2024\/04\/20230909_080222-1536x1023.jpg 1536w, https:\/\/loeben.net\/blog\/wp-content\/uploads\/2024\/04\/20230909_080222-2048x1365.jpg 2048w\" sizes=\"auto, (max-width: 1024px) 100vw, 1024px\" \/><\/a>\r\n<figcaption class=\"wp-element-caption\">Unser Eulenbis Terrassenblick auf die Apfelbaum-Wiese<\/figcaption>\r\n<\/figure>\r\n\r\n\r\n\r\n<figure class=\"wp-block-image alignright size-large is-resized is-style-default\" style=\"margin: var(--wp--preset--spacing--40);\"><a href=\"https:\/\/loeben.net\/blog\/wp-content\/uploads\/2024\/04\/20230909_134835.jpg\"><img loading=\"lazy\" decoding=\"async\" width=\"150\" height=\"138\" class=\"wp-image-2817\" style=\"width: 150px;\" src=\"https:\/\/loeben.net\/blog\/wp-content\/uploads\/2024\/04\/20230909_134835-1024x939.jpg\" alt=\"B\u00fcrstenbinder Museum Ramberg\" title=\"\" srcset=\"https:\/\/loeben.net\/blog\/wp-content\/uploads\/2024\/04\/20230909_134835-1024x939.jpg 1024w, https:\/\/loeben.net\/blog\/wp-content\/uploads\/2024\/04\/20230909_134835-300x275.jpg 300w, https:\/\/loeben.net\/blog\/wp-content\/uploads\/2024\/04\/20230909_134835-768x704.jpg 768w, https:\/\/loeben.net\/blog\/wp-content\/uploads\/2024\/04\/20230909_134835-1536x1408.jpg 1536w, https:\/\/loeben.net\/blog\/wp-content\/uploads\/2024\/04\/20230909_134835.jpg 2043w\" sizes=\"auto, (max-width: 150px) 100vw, 150px\" \/><\/a><\/figure>\r\n\r\n\r\n\r\n<figure class=\"wp-block-image alignright size-large is-resized\" style=\"margin: var(--wp--preset--spacing--50) var(--wp--preset--spacing--20) var(--wp--preset--spacing--50) var(--wp--preset--spacing--20);\"><a href=\"https:\/\/loeben.net\/blog\/wp-content\/uploads\/2024\/04\/20230909_134023.jpg\"><img loading=\"lazy\" decoding=\"async\" width=\"150\" height=\"194\" class=\"wp-image-2818\" style=\"width: 150px;\" src=\"https:\/\/loeben.net\/blog\/wp-content\/uploads\/2024\/04\/20230909_134023-791x1024.jpg\" alt=\"\" title=\"\" srcset=\"https:\/\/loeben.net\/blog\/wp-content\/uploads\/2024\/04\/20230909_134023-791x1024.jpg 791w, https:\/\/loeben.net\/blog\/wp-content\/uploads\/2024\/04\/20230909_134023-232x300.jpg 232w, https:\/\/loeben.net\/blog\/wp-content\/uploads\/2024\/04\/20230909_134023-768x994.jpg 768w, https:\/\/loeben.net\/blog\/wp-content\/uploads\/2024\/04\/20230909_134023.jpg 913w\" sizes=\"auto, (max-width: 150px) 100vw, 150px\" \/><\/a>\r\n<figcaption class=\"wp-element-caption\">Ramberg Restaurant<\/figcaption>\r\n<\/figure>\r\n\r\n\r\n\r\n<p><br \/>Eulenbis und das <a href=\"https:\/\/hotel-pfeifertal.de\/\" target=\"_blank\" rel=\"noreferrer noopener\">Hotel &amp; Landgasthaus Pfeifertal <\/a>von Herrn Fischer war wieder unser Treffpunkt f\u00fcr eine lange Audi-Ausfahrt am Wochenende. Die meisten &#8222;Audis&#8220;Ringe&#8220; sind am Freitagnachmittag angereist.<\/p>\r\n\r\n\r\n\r\n<p>Zur Ausfahrt \u00fcber pf\u00e4lzische Landstra\u00dfen und durch die pf\u00e4lzischen W\u00e4lder starteten wir am Samstag nach einem ausgiebigen reichhaltigem Fr\u00fchst\u00fcck. Ein Ziel war die Besen- und B\u00fcrstenfabrik in Ramberg.<\/p>\r\n\r\n\r\n\r\n<p>Dort waren wir mit dem Firmeninhaber <a href=\"http:\/\/www.klein-besen-buersten-shop.de\/\" target=\"_blank\" rel=\"noreferrer noopener\">Harald Klein<\/a> zu einer F\u00fchrung durch seine Werkst\u00e4tten und dem Heimatmuseum verabredet.<\/p>\r\n\r\n\r\n\r\n<h5 class=\"wp-block-heading\"><span class=\"ez-toc-section\" id=\"Heisse-Feger\"><\/span>Hei\u00dfe Feger<span class=\"ez-toc-section-end\"><\/span><\/h5>\r\n\r\n\r\n\r\n<p>Einen audiovisuellen Eindruck von dieser Handarbeit und Handwerkskunst liefert auch die Sendung (30 Minuten) vom SWR vom Februar 2021<\/p>\r\n<p><iframe loading=\"lazy\" title=\"Hei\u00dfe Feger aus der Besen- und B\u00fcrstenfabrik Josef Klein in Ramberg\" width=\"500\" height=\"281\" src=\"https:\/\/www.youtube.com\/embed\/5ZeOOnuc5KI?feature=oembed\" frameborder=\"0\" allow=\"accelerometer; autoplay; clipboard-write; encrypted-media; gyroscope; picture-in-picture; web-share\" referrerpolicy=\"strict-origin-when-cross-origin\" allowfullscreen><\/iframe><\/p>\r\n\r\n\r\n\r\n<figure class=\"wp-block-image alignleft size-large is-resized\" style=\"margin: var(--wp--preset--spacing--20);\"><a href=\"https:\/\/loeben.net\/blog\/wp-content\/uploads\/2024\/04\/20230909_145207-scaled.jpg\"><img loading=\"lazy\" decoding=\"async\" width=\"408\" height=\"1024\" class=\"wp-image-2778\" style=\"width: auto; height: 300px;\" src=\"https:\/\/loeben.net\/blog\/wp-content\/uploads\/2024\/04\/20230909_145207-408x1024.jpg\" alt=\"\" title=\"\" srcset=\"https:\/\/loeben.net\/blog\/wp-content\/uploads\/2024\/04\/20230909_145207-408x1024.jpg 408w, https:\/\/loeben.net\/blog\/wp-content\/uploads\/2024\/04\/20230909_145207-120x300.jpg 120w, https:\/\/loeben.net\/blog\/wp-content\/uploads\/2024\/04\/20230909_145207-768x1928.jpg 768w, https:\/\/loeben.net\/blog\/wp-content\/uploads\/2024\/04\/20230909_145207-612x1536.jpg 612w, https:\/\/loeben.net\/blog\/wp-content\/uploads\/2024\/04\/20230909_145207-816x2048.jpg 816w, https:\/\/loeben.net\/blog\/wp-content\/uploads\/2024\/04\/20230909_145207-scaled.jpg 1020w\" sizes=\"auto, (max-width: 408px) 100vw, 408px\" \/><\/a><\/figure>\r\n\r\n\r\n\r\n<figure class=\"wp-block-image alignright size-large is-resized\" style=\"margin: var(--wp--preset--spacing--20);\"><a href=\"https:\/\/loeben.net\/blog\/wp-content\/uploads\/2024\/04\/20230909_223043-scaled.jpg\"><img loading=\"lazy\" decoding=\"async\" width=\"392\" height=\"1024\" class=\"wp-image-2779\" style=\"width: auto; height: 300px;\" src=\"https:\/\/loeben.net\/blog\/wp-content\/uploads\/2024\/04\/20230909_223043-392x1024.jpg\" alt=\"\" title=\"\" srcset=\"https:\/\/loeben.net\/blog\/wp-content\/uploads\/2024\/04\/20230909_223043-392x1024.jpg 392w, https:\/\/loeben.net\/blog\/wp-content\/uploads\/2024\/04\/20230909_223043-115x300.jpg 115w, https:\/\/loeben.net\/blog\/wp-content\/uploads\/2024\/04\/20230909_223043-768x2006.jpg 768w, https:\/\/loeben.net\/blog\/wp-content\/uploads\/2024\/04\/20230909_223043-588x1536.jpg 588w, https:\/\/loeben.net\/blog\/wp-content\/uploads\/2024\/04\/20230909_223043-784x2048.jpg 784w, https:\/\/loeben.net\/blog\/wp-content\/uploads\/2024\/04\/20230909_223043-scaled.jpg 980w\" sizes=\"auto, (max-width: 392px) 100vw, 392px\" \/><\/a><\/figure>\r\n\r\n\r\n\r\n<p>&nbsp;<\/p>\r\n\r\n\r\n\r\n<p>Der <a href=\"http:\/\/www.a3q.de\" target=\"_blank\" rel=\"noreferrer noopener\">A3Q<\/a> Communitybetreiber Michael hat wieder ein tolles Wochenende inklusive einer Ausfahrt organisiert.<\/p>\r\n\r\n\r\n\r\n<p>Michael stellte ein interessantes Kulturprogramm zusammen. So lernten wir das <a href=\"http:\/\/www.buerstenbindermuseum.de\/\" target=\"_blank\" rel=\"noreferrer noopener\">B\u00fcrstenmacherhandwerk<\/a> in Ramberg kennen und Herr Klein hat sich f\u00fcr uns viel Zeit genommen und unsere Pfalztour bereichert.<\/p>\r\n\r\n\r\n\r\n<p>Zur gleichen Zeit kurvten in und um Ramberg eine gr\u00f6\u00dfere Anzahl Oldtimer und Youngtimer herum. Leider habe ich keine Bilder geschossen und in der A3Q Bildersammlung konnte ich auch nix finden. \ud83d\ude41<\/p>\r\n\r\n\r\n\r\n<p>Zumindest hatten Michael und Eike die Oldtimer eingefangen. Wo kann ich die Fotos finden? Meldet euch mal!<\/p>\r\n\r\n\r\n\r\n<p>&nbsp;<\/p>\r\n\r\n\r\n\r\n<div aria-live=\"polite\" id=\"soliloquy-container-2814_6\" class=\"soliloquy-container soliloquy-transition-fade  soliloquy-theme-base\" style=\"max-width:960px;max-height:800px;\"><ul id=\"soliloquy-2814_6\" class=\"soliloquy-slider soliloquy-slides soliloquy-wrap soliloquy-clear\"><li aria-hidden=\"true\" class=\"soliloquy-item soliloquy-item-1 soliloquy-image-slide\" draggable=\"false\" style=\"list-style:none\"><img decoding=\"async\" id=\"soliloquy-image-2820\" class=\"soliloquy-image soliloquy-image-1\" src=\"https:\/\/loeben.net\/blog\/wp-content\/uploads\/2024\/04\/20230909_100557-1-scaled-960x800_c.jpg\" alt=\"20230909_100557\" title=\"\"><\/li><li aria-hidden=\"true\" class=\"soliloquy-item soliloquy-item-2 soliloquy-image-slide\" draggable=\"false\" style=\"list-style:none\"><img decoding=\"async\" id=\"soliloquy-image-2819\" class=\"soliloquy-image soliloquy-image-2\" src=\"https:\/\/loeben.net\/blog\/wp-content\/uploads\/2024\/04\/20230909_100651-960x800_c.jpg\" alt=\"20230909_100651\" title=\"\"><\/li><li aria-hidden=\"true\" class=\"soliloquy-item soliloquy-item-3 soliloquy-image-slide\" draggable=\"false\" style=\"list-style:none\"><img decoding=\"async\" id=\"soliloquy-image-2821\" class=\"soliloquy-image soliloquy-image-3\" src=\"https:\/\/loeben.net\/blog\/wp-content\/uploads\/2024\/04\/20230909_1034.IMG_5945-1-scaled-960x800_c.jpg\" alt=\"20230909_1034.IMG_5945\" title=\"\"><\/li><\/ul><\/div><noscript><style type=\"text\/css\">#soliloquy-container-2814_6{opacity:1}<\/style><\/noscript>\r\n\r\n\r\n\r\n<p>Wir sind sogar auf dem Jakobsweg in der <a href=\"https:\/\/www.google.com\/maps\/place\/Karlstalschlucht\/@49.3462795,7.7599708,19.21z\/data=!4m6!3m5!1s0x47966dd7e4ec60a9:0x9c6ff3248d63bb0!8m2!3d49.3462628!4d7.7596677!16s%2Fg%2F1ym82wwx0\" target=\"_blank\" rel=\"noreferrer noopener\">Karstalschlucht<\/a> gewandert.<\/p>\r\n\r\n\r\n\r\n<p>By the way: Wir w\u00fcrden uns \u00fcber \u00e4hnlich gut organisierte Spargeltouren freuen, die seit der Covidpandemie ausgefallen sind. \ud83d\ude09<\/p>\r\n\r\n\r\n\r\n<figure class=\"wp-block-image alignleft size-large is-resized\" style=\"margin: var(--wp--preset--spacing--20);\"><a href=\"https:\/\/loeben.net\/blog\/wp-content\/uploads\/2024\/04\/20230909_1255.P1090805-scaled.jpg\"><img loading=\"lazy\" decoding=\"async\" width=\"150\" height=\"113\" class=\"wp-image-2808\" style=\"width: 150px;\" src=\"https:\/\/loeben.net\/blog\/wp-content\/uploads\/2024\/04\/20230909_1255.P1090805-1024x768.jpg\" alt=\"\" title=\"\" srcset=\"https:\/\/loeben.net\/blog\/wp-content\/uploads\/2024\/04\/20230909_1255.P1090805-1024x768.jpg 1024w, https:\/\/loeben.net\/blog\/wp-content\/uploads\/2024\/04\/20230909_1255.P1090805-300x225.jpg 300w, https:\/\/loeben.net\/blog\/wp-content\/uploads\/2024\/04\/20230909_1255.P1090805-768x576.jpg 768w, https:\/\/loeben.net\/blog\/wp-content\/uploads\/2024\/04\/20230909_1255.P1090805-1536x1152.jpg 1536w, https:\/\/loeben.net\/blog\/wp-content\/uploads\/2024\/04\/20230909_1255.P1090805-2048x1536.jpg 2048w\" sizes=\"auto, (max-width: 150px) 100vw, 150px\" \/><\/a>\r\n<figcaption class=\"wp-element-caption\">Vogesen<\/figcaption>\r\n<\/figure>\r\n\r\n\r\n\r\n<figure class=\"wp-block-image alignright size-large is-resized\" style=\"margin: var(--wp--preset--spacing--20);\"><a href=\"https:\/\/loeben.net\/blog\/wp-content\/uploads\/2024\/04\/20230909_112738-scaled.jpg\"><img loading=\"lazy\" decoding=\"async\" width=\"400\" height=\"89\" class=\"wp-image-2811\" style=\"width: 400px;\" src=\"https:\/\/loeben.net\/blog\/wp-content\/uploads\/2024\/04\/20230909_112738-1024x229.jpg\" alt=\"\" title=\"\" srcset=\"https:\/\/loeben.net\/blog\/wp-content\/uploads\/2024\/04\/20230909_112738-1024x229.jpg 1024w, https:\/\/loeben.net\/blog\/wp-content\/uploads\/2024\/04\/20230909_112738-300x67.jpg 300w, https:\/\/loeben.net\/blog\/wp-content\/uploads\/2024\/04\/20230909_112738-768x172.jpg 768w, https:\/\/loeben.net\/blog\/wp-content\/uploads\/2024\/04\/20230909_112738-1536x344.jpg 1536w, https:\/\/loeben.net\/blog\/wp-content\/uploads\/2024\/04\/20230909_112738-2048x458.jpg 2048w\" sizes=\"auto, (max-width: 400px) 100vw, 400px\" \/><\/a>\r\n<figcaption class=\"wp-element-caption\">Pf\u00e4lzer Wald<\/figcaption>\r\n<\/figure>\r\n\r\n\r\n\r\n<p class=\"has-text-align-center\">Schlie\u00dflich erwartete uns noch ein atemberaubender Blick \u00fcber den Pf\u00e4lzer Wald und die Nordvogesen mit einer top Fernsicht!<\/p>\r\n\r\n\r\n\r\n<h4 class=\"wp-block-heading\"><span class=\"ez-toc-section\" id=\"Vollbrand-in-der-vierten-Etage\"><\/span>Vollbrand in der vierten Etage<span class=\"ez-toc-section-end\"><\/span><\/h4>\r\n\r\n\r\n\r\n<figure class=\"wp-block-image alignright size-full is-resized is-style-default\"><a href=\"https:\/\/loeben.net\/blog\/wp-content\/uploads\/2024\/04\/0.brennpunkt.platanen.png\"><img loading=\"lazy\" decoding=\"async\" width=\"705\" height=\"585\" class=\"wp-image-2630\" style=\"width: 286px; height: auto;\" src=\"https:\/\/loeben.net\/blog\/wp-content\/uploads\/2024\/04\/0.brennpunkt.platanen.png\" alt=\"Gro\u00dfbrand in Kaarst\" title=\"\" srcset=\"https:\/\/loeben.net\/blog\/wp-content\/uploads\/2024\/04\/0.brennpunkt.platanen.png 705w, https:\/\/loeben.net\/blog\/wp-content\/uploads\/2024\/04\/0.brennpunkt.platanen-300x249.png 300w\" sizes=\"auto, (max-width: 705px) 100vw, 705px\" \/><\/a>\r\n<figcaption class=\"wp-element-caption\">Gro\u00dfbrand in Kaarst<\/figcaption>\r\n<\/figure>\r\n\r\n\r\n\r\n<p>Eingangs der Highlights 2023 hatte ich ja schon zum Brandereignis geschrieben.<\/p>\r\n\r\n\r\n\r\n<p>&#8222;Es wurde ein hei\u00dfer Herbst mit einem Vollbrandereignis in der vierten Etage der Platanenstra\u00dfe mit erheblichen Sachsch\u00e4den und ohne Personenschaden&#8220;<\/p>\r\n\r\n\r\n\r\n<p>Den Verursacher wollen alle Mieter und Eigent\u00fcmer nicht mehr im Haus haben und die Sachsch\u00e4den werden uns in 2024 noch lange besch\u00e4ftigen, weil bei der Evakuierung und den umfangreichen L\u00f6scharbeiten viele Sch\u00e4den entstanden sind. Im Nachhinein sehe ich die <strong>pyromanischen Silvester Feuerwerks-Eskapaden<\/strong> des Mitbewohners und Mieters aus einer ganz anderen Augen und aus einer ganz neuen Perspektive \ud83d\ude2e<\/p>\r\n\r\n\r\n\r\n<p>Es gibt aber noch ein paar weitere Aspekte zu dem Ereignis, die ich hier ansprechen m\u00f6chte. Einmal hat Renate in ihrer Eigenschaft als Beiratsvorsitzende gemeinsam mit unserer Hausmeisterin eine Zusatzlast gemeistert, die wir im Oktober 2023 nicht wirklich gebraucht haben. Ganz im Gegenteil: Meine am 11. Oktober diagnostizierte Zukunft besch\u00e4ftigte uns genug. Aber in Notsituationen funktioniert man erst einmal einfach. Der Rest kommt dann hinterher und wird dann verarbeitet, wenn sich der Adrenalinspiegel normalisiert und der Kopf frei wird.<\/p>\r\n\r\n\r\n\r\n<p>Beginnen will ich mit dem Samstagnachmittag am 21. Oktober gegen 14 Uhr. Unser Haus war zu der Zeit f\u00fcr eine umfangreiche Fassadensanierung einger\u00fcstet. Ich hatte es mir auf unserer Couch im Wohnzimmer f\u00fcr ein Mittagsschl\u00e4fchen gem\u00fctlich gemacht, als die T\u00fcrklingel l\u00e4utete. Eine Paketlieferung habe ich nicht erwartet und Renate war in Kaarst auf Einkaufstour unterwegs. Also habe ich das Schl\u00e4fchen unterbrochen und bin mit Schlaf in den Augen zur T\u00fcre. Durch den T\u00fcrspion sah ich niemand vor der Wohnungseingangst\u00fcre und \u00fcber die Gegensprechanlage meldete sich niemand. Also bin ich zum Schlafzimmerfenster, um einen Blick auf den Hauseingang zu werfen. Auch nix&#8230;<\/p>\r\n\r\n\r\n\r\n<p>Ich bemerkte Brandgeruch und blickte dann Richtung S\u00fcden und sah erheblichen Mengen schwarzgraue Rauchgase in den Himmel steigen. Eine Ursache konnte ich nicht erkennen. Vom Umfang der Wolken musste das aber sehr nah sein. Auch hat mich dann die Intensit\u00e4t und Schw\u00e4rze irritiert. Also schnell alle Fenster und T\u00fcren in der Wohnung geschlossen. Nerv\u00f6s wurde ich, als ich dann \u00fcber das Treppenhaus fl\u00fcchten wollte. Als ich unsere Wohnungseingangst\u00fcre \u00f6ffnete und einen verrauchten Flur bemerkte, der ohne zwei drei Atemz\u00fcge Rauchgase nicht mehr zu nutzen war, entschied ich mich f\u00fcr einen alternativen Fluchtweg. Ich kannte ja noch nicht den genauen Brandort und wie w\u00fcrde der Fluchtweg bzw. die Rauchabzugsanlage im Treppenhaus funktionieren.<\/p>\r\n\r\n\r\n\r\n<p class=\"has-text-align-center\"><code><div aria-live=\"polite\" id=\"soliloquy-container-2636_7\" class=\"soliloquy-container soliloquy-transition-fade  soliloquy-theme-base\" style=\"max-width:960px;max-height:700px;\"><ul id=\"soliloquy-2636_7\" class=\"soliloquy-slider soliloquy-slides soliloquy-wrap soliloquy-clear\"><li aria-hidden=\"true\" class=\"soliloquy-item soliloquy-item-1 soliloquy-image-slide\" draggable=\"false\" style=\"list-style:none\"><img decoding=\"async\" id=\"soliloquy-image-2637\" class=\"soliloquy-image soliloquy-image-1\" src=\"https:\/\/loeben.net\/blog\/wp-content\/uploads\/2024\/04\/20231021_1415.jpg\" alt=\"20231021_1415\" title=\"\"><\/li><li aria-hidden=\"true\" class=\"soliloquy-item soliloquy-item-2 soliloquy-image-slide\" draggable=\"false\" style=\"list-style:none\"><img decoding=\"async\" id=\"soliloquy-image-2638\" class=\"soliloquy-image soliloquy-image-2\" src=\"https:\/\/loeben.net\/blog\/wp-content\/uploads\/2024\/04\/20231021_1428.jpg\" alt=\"20231021_1428\" title=\"\"><\/li><li aria-hidden=\"true\" class=\"soliloquy-item soliloquy-item-3 soliloquy-image-slide\" draggable=\"false\" style=\"list-style:none\"><img decoding=\"async\" id=\"soliloquy-image-2639\" class=\"soliloquy-image soliloquy-image-3\" src=\"https:\/\/loeben.net\/blog\/wp-content\/uploads\/2024\/04\/20231021_1437.jpg\" alt=\"20231021_1437\" title=\"\"><\/li><li aria-hidden=\"true\" class=\"soliloquy-item soliloquy-item-4 soliloquy-image-slide\" draggable=\"false\" style=\"list-style:none\"><img decoding=\"async\" id=\"soliloquy-image-2641\" class=\"soliloquy-image soliloquy-image-4\" src=\"https:\/\/loeben.net\/blog\/wp-content\/uploads\/2024\/04\/20231021_1537.jpg\" alt=\"20231021_1537\" title=\"\"><\/li><li aria-hidden=\"true\" class=\"soliloquy-item soliloquy-item-5 soliloquy-image-slide\" draggable=\"false\" style=\"list-style:none\"><img decoding=\"async\" id=\"soliloquy-image-2643\" class=\"soliloquy-image soliloquy-image-5\" src=\"https:\/\/loeben.net\/blog\/wp-content\/uploads\/2024\/04\/20231022_1641.jpg\" alt=\"20231022_1641\" title=\"\"><\/li><li aria-hidden=\"true\" class=\"soliloquy-item soliloquy-item-6 soliloquy-image-slide\" draggable=\"false\" style=\"list-style:none\"><img decoding=\"async\" id=\"soliloquy-image-2642\" class=\"soliloquy-image soliloquy-image-6\" src=\"https:\/\/loeben.net\/blog\/wp-content\/uploads\/2024\/04\/20231021_1658.jpg\" alt=\"20231021_1658\" title=\"\"><\/li><li aria-hidden=\"true\" class=\"soliloquy-item soliloquy-item-7 soliloquy-image-slide\" draggable=\"false\" style=\"list-style:none\"><img decoding=\"async\" id=\"soliloquy-image-2640\" class=\"soliloquy-image soliloquy-image-7\" src=\"https:\/\/loeben.net\/blog\/wp-content\/uploads\/2024\/04\/20231021_1439.jpg\" alt=\"20231021_1439\" title=\"\"><\/li><li aria-hidden=\"true\" class=\"soliloquy-item soliloquy-item-8 soliloquy-image-slide\" draggable=\"false\" style=\"list-style:none\"><img decoding=\"async\" id=\"soliloquy-image-2644\" class=\"soliloquy-image soliloquy-image-8\" src=\"https:\/\/loeben.net\/blog\/wp-content\/uploads\/2024\/04\/20231022_1648.jpg\" alt=\"20231022_1648\" title=\"\"><\/li><\/ul><\/div><noscript><style type=\"text\/css\">#soliloquy-container-2636_7{opacity:1}<\/style><\/noscript><\/code><\/p>\r\n\r\n\r\n\r\n<p>Schlie\u00dflich war unser Haus ja fast komplett einger\u00fcstet. Zu dem Zeitpunkt waren die ersten Kr\u00e4fte der Feuerwehr anger\u00fcckt und haben die Evakuierung \u00fcber das Bauger\u00fcst organisiert. Am Samstagnachmittag waren von den 36 Parteien viele Familien daheim. Die Evakuierung verlief trotzdem koordiniert, konzentriert und ohne Hektik.<\/p>\r\n\r\n\r\n\r\n<p>So habe ich noch unsere Wohnungst\u00fcr abgedichtet und nicht abgeschlossen. Mit Smartphone und einer kleinen Leiter ab auf den Balkon, die Balkont\u00fcre zugezogen und ab auf das Ger\u00fcst geklettert. Wenige Minuten sp\u00e4ter, so gegen etwas 14:25 Uhr konnte ich dann das Brandereignis auf der Ostseite selbst in Augenschein nehmen. Gleichzeitig habe ich meine lokale Regierung und die Hausmeisterin telefonisch erreicht. Renate machte sich mit ihrem Einkauf direkt auf den Weg in die Platanenstra\u00dfe, die schon mit Feuerwehrkr\u00e4ften nicht nur aus Kaarst gepflastert war.<\/p>\r\n\r\n\r\n\r\n<p>Daran erkannte ich schnell, dass die Einsatzleitung den Brand als Gro\u00dfschaden eingestuft hatte und entsprechende Kr\u00e4fte zugef\u00fchrt hatte. Es dauerte auch nicht lange als eine gr\u00f6\u00dfere Anzahl an RTWs vor Ort verf\u00fcgbar waren. Nachdem Renate eingetroffen war und ich unsere Hausmeisterin vor dem Haus ausfindig gemacht hatte, haben beide den Einsatzleiter unterst\u00fctzt. Dieser konzentrierte sich anfangs darauf alle Bewohner aus dem Haus zu evakuieren und den Status der Evakuierung zu verifizieren. Das hatte zur Folge, das einige Wohnungst\u00fcren aufgebrochen wurden und dadurch ein erheblicher und vermeidbarer Kollateralschaden entstanden ist. Im Nachhinein erfuhr ich in einem Gespr\u00e4ch, dass &#8222;nur&#8220; der Tot einer Hauskatze zu beklagen war.<\/p>\r\n\r\n\r\n\r\n<p class=\"has-text-align-center\"><code><div aria-live=\"polite\" id=\"soliloquy-container-2650_8\" class=\"soliloquy-container soliloquy-transition-fade  soliloquy-theme-base\" style=\"max-width:960px;max-height:800px;\"><ul id=\"soliloquy-2650_8\" class=\"soliloquy-slider soliloquy-slides soliloquy-wrap soliloquy-clear\"><li aria-hidden=\"true\" class=\"soliloquy-item soliloquy-item-1 soliloquy-image-slide\" draggable=\"false\" style=\"list-style:none\"><img decoding=\"async\" id=\"soliloquy-image-2651\" class=\"soliloquy-image soliloquy-image-1\" src=\"https:\/\/loeben.net\/blog\/wp-content\/uploads\/2024\/04\/20231023_1216-960x800_c.jpg\" alt=\"20231023_1216\" title=\"\"><\/li><li aria-hidden=\"true\" class=\"soliloquy-item soliloquy-item-2 soliloquy-image-slide\" draggable=\"false\" style=\"list-style:none\"><img decoding=\"async\" id=\"soliloquy-image-2653\" class=\"soliloquy-image soliloquy-image-2\" src=\"https:\/\/loeben.net\/blog\/wp-content\/uploads\/2024\/04\/20231023_1218-960x800_c.jpg\" alt=\"20231023_1218\" title=\"\"><\/li><li aria-hidden=\"true\" class=\"soliloquy-item soliloquy-item-3 soliloquy-image-slide\" draggable=\"false\" style=\"list-style:none\"><img decoding=\"async\" id=\"soliloquy-image-2654\" class=\"soliloquy-image soliloquy-image-3\" src=\"https:\/\/loeben.net\/blog\/wp-content\/uploads\/2024\/04\/20231023_1219-960x800_c.jpg\" alt=\"20231023_1219\" title=\"\"><\/li><li aria-hidden=\"true\" class=\"soliloquy-item soliloquy-item-4 soliloquy-image-slide\" draggable=\"false\" style=\"list-style:none\"><img decoding=\"async\" id=\"soliloquy-image-2652\" class=\"soliloquy-image soliloquy-image-4\" src=\"https:\/\/loeben.net\/blog\/wp-content\/uploads\/2024\/04\/20231023_1217-960x800_c.jpg\" alt=\"20231023_1217\" title=\"\"><\/li><li aria-hidden=\"true\" class=\"soliloquy-item soliloquy-item-5 soliloquy-image-slide\" draggable=\"false\" style=\"list-style:none\"><img decoding=\"async\" id=\"soliloquy-image-2655\" class=\"soliloquy-image soliloquy-image-5\" src=\"https:\/\/loeben.net\/blog\/wp-content\/uploads\/2024\/04\/20231024_brand_flur_4.etage_-960x800_c.jpg\" alt=\"20231024_brand_flur_4.etage\" title=\"\"><\/li><li aria-hidden=\"true\" class=\"soliloquy-item soliloquy-item-6 soliloquy-image-slide\" draggable=\"false\" style=\"list-style:none\"><img decoding=\"async\" id=\"soliloquy-image-2656\" class=\"soliloquy-image soliloquy-image-6\" src=\"https:\/\/loeben.net\/blog\/wp-content\/uploads\/2024\/04\/20231024_brandwohnung_1-960x800_c.jpg\" alt=\"20231024_brandwohnung_1\" title=\"\"><\/li><li aria-hidden=\"true\" class=\"soliloquy-item soliloquy-item-7 soliloquy-image-slide\" draggable=\"false\" style=\"list-style:none\"><img decoding=\"async\" id=\"soliloquy-image-2657\" class=\"soliloquy-image soliloquy-image-7\" src=\"https:\/\/loeben.net\/blog\/wp-content\/uploads\/2024\/04\/20231024_brandwohnung_2-960x800_c.jpg\" alt=\"20231024_brandwohnung_2\" title=\"\"><\/li><\/ul><\/div><noscript><style type=\"text\/css\">#soliloquy-container-2650_8{opacity:1}<\/style><\/noscript><\/code><\/p>\r\n\r\n\r\n\r\n<p>Es zeichnete sich mit den andauernden L\u00f6scharbeiten schnell ein \u00dcbergreifen des Brandes auf die f\u00fcnfte Etage und auf die Dachhaut unseres Flachdaches ab. Zu dieser Zeit wurden alle Evakuierten vor dem Haus klassifiziert und den Rettungskr\u00e4ften zugef\u00fchrt. Es musste dann doch den einen anderen mit Rauchgasverletzungen gegeben haben. Das Gewusel vor dem Haus wurde zeitweise un\u00fcbersichtlich und die Ger\u00fcchtek\u00fcche brodelte. Es war nicht ganz so einfach den \u00dcberblick zu behalten und der Gespr\u00e4chsbedarf bei allen Betroffenen war recht gro\u00df.<\/p>\r\n\r\n\r\n\r\n<figure class=\"wp-block-gallery has-nested-images columns-default is-cropped wp-block-gallery-11 is-layout-flex wp-block-gallery-is-layout-flex\">\r\n<figure class=\"wp-block-image size-large\"><a href=\"https:\/\/loeben.net\/blog\/wp-content\/uploads\/2024\/04\/20231022_0942.jpg\"><img loading=\"lazy\" decoding=\"async\" width=\"768\" height=\"1024\" data-id=\"2669\" class=\"wp-image-2669\" src=\"https:\/\/loeben.net\/blog\/wp-content\/uploads\/2024\/04\/20231022_0942-768x1024.jpg\" alt=\"\" title=\"\" srcset=\"https:\/\/loeben.net\/blog\/wp-content\/uploads\/2024\/04\/20231022_0942-768x1024.jpg 768w, https:\/\/loeben.net\/blog\/wp-content\/uploads\/2024\/04\/20231022_0942-225x300.jpg 225w, https:\/\/loeben.net\/blog\/wp-content\/uploads\/2024\/04\/20231022_0942-1152x1536.jpg 1152w, https:\/\/loeben.net\/blog\/wp-content\/uploads\/2024\/04\/20231022_0942.jpg 1200w\" sizes=\"auto, (max-width: 768px) 100vw, 768px\" \/><\/a>\r\n<figcaption class=\"wp-element-caption\">Brennpunkt Platanen gel\u00f6scht<\/figcaption>\r\n<\/figure>\r\n\r\n\r\n\r\n<figure class=\"wp-block-image size-large\"><a href=\"https:\/\/loeben.net\/blog\/wp-content\/uploads\/2024\/04\/20231022_1717.jpg\"><img loading=\"lazy\" decoding=\"async\" width=\"768\" height=\"1024\" data-id=\"2670\" class=\"wp-image-2670\" src=\"https:\/\/loeben.net\/blog\/wp-content\/uploads\/2024\/04\/20231022_1717-768x1024.jpg\" alt=\"\" title=\"\" srcset=\"https:\/\/loeben.net\/blog\/wp-content\/uploads\/2024\/04\/20231022_1717-768x1024.jpg 768w, https:\/\/loeben.net\/blog\/wp-content\/uploads\/2024\/04\/20231022_1717-225x300.jpg 225w, https:\/\/loeben.net\/blog\/wp-content\/uploads\/2024\/04\/20231022_1717-1152x1536.jpg 1152w, https:\/\/loeben.net\/blog\/wp-content\/uploads\/2024\/04\/20231022_1717.jpg 1200w\" sizes=\"auto, (max-width: 768px) 100vw, 768px\" \/><\/a>\r\n<figcaption class=\"wp-element-caption\">Mit Brandwache<\/figcaption>\r\n<\/figure>\r\n<\/figure>\r\n\r\n\r\n\r\n<p>So gegen 16:30 Uhr wurde in einer nahe liegenden Gastst\u00e4tte eine Notaufnahmelager organisiert, weil schon absehbar war, dass die Platanenstra\u00dfe f\u00fcr l\u00e4ngere Zeit nicht ohne Gef\u00e4hrdung betreten werden konnte. Dort wurden von den ganzen Katastrophentouristen abgeschottet alle klassifizierten und \u00fcberpr\u00fcften Bewohner und Begleitpersonen schnell mit Getr\u00e4nken versorgt. Gegen 19:45 gab es dann auch bescheidene Verpflegung.<\/p>\r\n\r\n\r\n\r\n<p>Vorbildlich war die seelsorgerische Betreuung, die in einem Falle auch unbedingt deeskalierend eingreifen musste. In diesen Stunden wurde mir eigentlich erst klar, wie knapp alle Betroffenen einer gr\u00f6\u00dferen Katastrophe entgangen sind. Auch lernte ich alle Hausbewohner bei vielen Gespr\u00e4chen kennen und mir war bis dahin nicht bewusst gewesen, das in unserem &#8222;ehrenwerten&#8220; Haus so viele Familien mit (Klein-)Kindern leben.<\/p>\r\n\r\n\r\n\r\n<p>Was mich besonders irritiert hat, ist die Tatsache, dass Renates Samstagseinkauf (Aldi\/Lidl) in dem provisorischen Notaufnahmelager &#8222;Beine bekommen&#8220; hat. Da muss doch einer aus dieser Notgemeinschaft die Dreistigkeit gehabt haben, unsere prall gef\u00fcllte Einkaufstasche mitgehen zu lassen. Erst habe ich den Diebstahl dem anwesenden leitenden Polizisten anzeigen wollen. Renate und ich haben dann aber von einer vollendeten Anzeige abgesehen. Wir haben den Polizisten dennoch deutlich darauf hingewiesen, das es offensichtlich in der Notgemeinschaft kriminelle Elemente geben muss, die diese un\u00fcbersichtlichen Umst\u00e4nde noch an anderer Stelle ausn\u00fctzen k\u00f6nnten.<\/p>\r\n\r\n\r\n\r\n<p>Das Brandereignis endete f\u00fcr uns noch recht glimpflich. Wir konnten gegen Mitternacht geschafft, genervt und sehr m\u00fcde wieder in unsere Wohnung. Allen Bewohner der vierten und f\u00fcnften Etage wurde der Zugang verwehrt, indem die Wohnungs-Schl\u00fcssel dieser Wohnungen von der Polizei beschlagnahmt wurden. Wie und wo die Bewohner der Wohnungen, die schwer durch Rauchgase und L\u00f6schwasser besch\u00e4digt waren, untergekommen sind, wusste ich zu diesem Zeitpunkt mit einer Ausnahme nicht. Unsere Hausmeisterin wohnte in der vierten Etage und ihr haben wir f\u00fcr die erste Nacht unser G\u00e4stebett hergerichtet. An Schlafen war nach diesem turbulenten Tage sowieso nicht zu denken. So gegen zwei Uhr am Sonntagmorgen bin ich dann aber doch in einen erholsamen Schlaf versunken.<\/p>\r\n\r\n\r\n\r\n<div data-wp-interactive=\"core\/file\" class=\"wp-block-file\"><object data-wp-bind--hidden=\"!state.hasPdfPreview\" hidden class=\"wp-block-file__embed\" style=\"width: 100%; height: 680px;\" data=\"https:\/\/loeben.net\/blog\/wp-content\/uploads\/2024\/04\/20231022_NGZ.Grossbrand.pdf\" type=\"application\/pdf\" width=\"300\" height=\"150\" aria-label=\"Einbettung von Neuss Grevenbroicher Zeitung  am 21.10.2023  um 18:23.\"><\/object><a id=\"wp-block-file--media-96ec6842-02d7-4ab2-8287-3157df72cc66\" href=\"https:\/\/loeben.net\/blog\/wp-content\/uploads\/2024\/04\/20231022_NGZ.Grossbrand.pdf\">Neuss Grevenbroicher Zeitung am 21.10.2023 um 18:23<\/a><a class=\"wp-block-file__button wp-element-button\" href=\"https:\/\/loeben.net\/blog\/wp-content\/uploads\/2024\/04\/20231022_NGZ.Grossbrand.pdf\" download=\"\" aria-describedby=\"wp-block-file--media-96ec6842-02d7-4ab2-8287-3157df72cc66\">Herunterladen<\/a><\/div>\r\n\r\n\r\n\r\n<p>Noch ein paar Worte zur Hausverwaltung, die recht zeitnah mit drei Kr\u00e4ften inklusive Gesch\u00e4ftsf\u00fchrer gegen 15:20 Uhr in der Platanenstra\u00dfe eingetroffen sind. Sie haben die Einsatzkr\u00e4fte tatkr\u00e4ftig unterst\u00fctzt und sie waren im Notaufnahmelager stets pr\u00e4sent und ansprechbar. Besonders betroffen machte mich noch die Tatsache, dass der auf die f\u00fcnfte Etage \u00fcbergreifende Brand die Mieter einer Wohnung getroffen hatte, die sich keinen passenden Versicherungsschutz leisten konnten oder wollten. Betroffen ist eine junge Familie, die finanziell sicher nicht &#8222;auf Rosen&#8220; gebettet war. \ud83d\ude41<\/p>\r\n\r\n\r\n\r\n<p>In den darauf folgenden Tagen wuchs der Stress weiter an. Alle Betroffenen suchten den Kontakt mit meiner lokale Regierung und der Hausmeisterin, die vorerst in Dorians Zimmer wohnte. Es gab zahlreiche R\u00fcckfragen und Anliegen aller Art auf allen Kan\u00e4len. Es dauerte mehr als eine Woche bis dieser Stress abgeflaut ist und sich wieder normaler Alltag entwickeln konnte. Abgesehen von meiner am 11. Oktober vom Orthop\u00e4den diagnostizierten zuk\u00fcnftigen Herausforderung, die bis heute andauert.<\/p>\r\n\r\n\r\n\r\n<p>Es entwickelte sich in mehrfacher Sicht ein hei\u00dfer Herbst mit ungew\u00f6hnlichen Perspektiven. Ich suchte meinen Orthop\u00e4den auf, weil sich mein Knackalter bzw. das Morbus Alter meldete. Was uns erwartete, werde ich noch in einer dreiteiligen Serie beschreiben. Der Trilogie ist schon konzeptioniert und wird unser (Er)Leben bis ins Fr\u00fchjahr 2024 beschreiben. Ein dar\u00fcber hinaus gehender Ausblick auf 2024 ist gerade kaum m\u00f6glich, weil noch viel Unkalkulierbares relevant ist. Daher kann und werde ich diesmal keinen Ausblick wagen.<\/p>\r\n\r\n\r\n\r\n<h4 class=\"wp-block-heading\"><span class=\"ez-toc-section\" id=\"Zum-Ring-mit-Markus-und-Leon\"><\/span>Zum Ring mit Markus und Leon<span class=\"ez-toc-section-end\"><\/span><\/h4>\r\n\r\n\r\n\r\n<figure class=\"wp-block-image aligncenter size-large\"><a href=\"https:\/\/loeben.net\/blog\/wp-content\/uploads\/2024\/04\/20231008_1401.P1260751-scaled.jpg\"><img loading=\"lazy\" decoding=\"async\" width=\"1024\" height=\"194\" class=\"wp-image-2685\" src=\"https:\/\/loeben.net\/blog\/wp-content\/uploads\/2024\/04\/20231008_1401.P1260751-1024x194.jpg\" alt=\"\" title=\"\" srcset=\"https:\/\/loeben.net\/blog\/wp-content\/uploads\/2024\/04\/20231008_1401.P1260751-1024x194.jpg 1024w, https:\/\/loeben.net\/blog\/wp-content\/uploads\/2024\/04\/20231008_1401.P1260751-300x57.jpg 300w, https:\/\/loeben.net\/blog\/wp-content\/uploads\/2024\/04\/20231008_1401.P1260751-768x146.jpg 768w, https:\/\/loeben.net\/blog\/wp-content\/uploads\/2024\/04\/20231008_1401.P1260751-1536x292.jpg 1536w, https:\/\/loeben.net\/blog\/wp-content\/uploads\/2024\/04\/20231008_1401.P1260751-2048x389.jpg 2048w\" sizes=\"auto, (max-width: 1024px) 100vw, 1024px\" \/><\/a><\/figure>\r\n\r\n\r\n\r\n<p>&nbsp;<\/p>\r\n\r\n\r\n\r\n<p>Der letzte H\u00f6hepunkt im Oktober war der Driftcup in der Eifel. Mein Exkollege Markus ist auch ein Motorsportfan und ist in seinen wilden Jahren auf zwei R\u00e4dern eine 8er Nordschleifen-Zeit gefahren. Da liegt es nahe, dass sein Stammhalter Leon Drift-Veranstaltungen liebt. Wir hatten in 2023 schon mehrere Driftcuptermine auf dem Radar. Am 8. Oktober passte das Wetter und ein wenig Ablenkung konnte ich auch gebrauchen. So fuhr ich nach Hilden, pickte Markus und Leon am fr\u00fchen morgen auf und wir fuhren zur M\u00fchlenbachschleife.<\/p>\r\n\r\n\r\n\r\n<div aria-live=\"polite\" id=\"soliloquy-container-2680_9\" class=\"soliloquy-container soliloquy-transition-fade  soliloquy-theme-base\" style=\"max-width:960px;max-height:700px;\"><ul id=\"soliloquy-2680_9\" class=\"soliloquy-slider soliloquy-slides soliloquy-wrap soliloquy-clear\"><li aria-hidden=\"true\" class=\"soliloquy-item soliloquy-item-1 soliloquy-image-slide\" draggable=\"false\" style=\"list-style:none\"><img decoding=\"async\" id=\"soliloquy-image-2681\" class=\"soliloquy-image soliloquy-image-1\" src=\"https:\/\/loeben.net\/blog\/wp-content\/uploads\/2024\/04\/20231008.driftkurs.jpg\" alt=\"20231008.driftkurs\" title=\"\"><\/li><li aria-hidden=\"true\" class=\"soliloquy-item soliloquy-item-2 soliloquy-image-slide\" draggable=\"false\" style=\"list-style:none\"><img decoding=\"async\" id=\"soliloquy-image-2682\" class=\"soliloquy-image soliloquy-image-2\" src=\"https:\/\/loeben.net\/blog\/wp-content\/uploads\/2024\/04\/20231008_1223-scaled.jpg\" alt=\"20231008_1223.\" title=\"\"><\/li><li aria-hidden=\"true\" class=\"soliloquy-item soliloquy-item-3 soliloquy-image-slide\" draggable=\"false\" style=\"list-style:none\"><img decoding=\"async\" id=\"soliloquy-image-2687\" class=\"soliloquy-image soliloquy-image-3\" src=\"https:\/\/loeben.net\/blog\/wp-content\/uploads\/2024\/04\/20231008_1541.P1270079-scaled.jpg\" alt=\"20231008_1541.P1270079\" title=\"\"><\/li><li aria-hidden=\"true\" class=\"soliloquy-item soliloquy-item-4 soliloquy-image-slide\" draggable=\"false\" style=\"list-style:none\"><img decoding=\"async\" id=\"soliloquy-image-2683\" class=\"soliloquy-image soliloquy-image-4\" src=\"https:\/\/loeben.net\/blog\/wp-content\/uploads\/2024\/04\/20231008_1249.P1260725-scaled.jpg\" alt=\"20231008_1249.P1260725\" title=\"\"><\/li><li aria-hidden=\"true\" class=\"soliloquy-item soliloquy-item-5 soliloquy-image-slide\" draggable=\"false\" style=\"list-style:none\"><img decoding=\"async\" id=\"soliloquy-image-2684\" class=\"soliloquy-image soliloquy-image-5\" src=\"https:\/\/loeben.net\/blog\/wp-content\/uploads\/2024\/04\/20231008_1249.P1260727-scaled.jpg\" alt=\"20231008_1249.P1260727\" title=\"\"><\/li><\/ul><\/div><noscript><style type=\"text\/css\">#soliloquy-container-2680_9{opacity:1}<\/style><\/noscript>\r\n\r\n\r\n\r\n<p>&nbsp;<\/p>\r\n\r\n\r\n\r\n<p>Wir haben mein blaues Spielmobil in Hilden noch vollgetankt und mein &#8222;Morbus Alter&#8220; meldete sich leider morgens schon mit dem ersten Sargnagel und Kaffee.<\/p>\r\n\r\n\r\n\r\n<figure class=\"wp-block-video\"><video style=\"aspect-ratio: 1920 \/ 1080;\" src=\"https:\/\/loeben.net\/blog\/wp-content\/uploads\/2024\/04\/P1260802.mp4\" controls=\"controls\" width=\"1920\" height=\"1080\"><\/video>\r\n<figcaption class=\"wp-element-caption\"><br \/>Der N\u00fcrburgring Drift Cup zeigt hei\u00dfe T\u00fcr-an-T\u00fcr-Duelle in der M\u00fcllenbachschleife. Hier stellen sich Europas beste Drifter dem Wettbewerb.<\/figcaption>\r\n<\/figure>\r\n\r\n\r\n\r\n<p>Mein Angebot an der Tankstelle auf dem Beifahrersitz Platz zu nehmen, erfreute Markus und er hat dankend angenommen. Ich auch! Eigentlich hatte ich dann einen Durchschnittsverbrauch jenseits der 20 Liter erwartet. Markus hat dann von den 400 Pferdchen vielleicht nur 300 galoppieren lassen.<\/p>\r\n\r\n\r\n\r\n<p>Weder auf dem Weg zur Nordschleife noch auf dem Weg zur\u00fcck \u00fcber Blankenheim nach Hilden hat Markus den RS3 ausgereizt und hat den F\u00fcnfzylinder verantwortungsvoll und artgerecht bewegt. Ich f\u00fchlte mich auf dem Beifahrersitz so wohl, dass ich auf der Fahrt vom Ring nach Hilden sogar kurz eingeschlafen bin. Spa\u00df hat Markus sicher gehabt und Leon hinter ihm auch.<\/p>\r\n\r\n\r\n\n<p>In diesem Sinne auf einem guten Weg mit einer erfolgreichen Genesungs-Strategie herzlichst <br><img decoding=\"async\" class=\"wp-image-84\" style=\"width: NaNpx;\" src=\"https:\/\/loeben.net\/blog\/wp-content\/uploads\/2011\/10\/hanjo.schriftzug.gif\" alt=\"hanjo.schriftzug\" title=\"\"><br>Loeben<\/p>\n\r\n\r\n\r\n<p>In diesem Sinne auf einem guten Weg mit einer erfolgreichen Genesungs-Strategie herzlichst<br \/><img loading=\"lazy\" decoding=\"async\" class=\"size-thumbnail wp-image-3871 alignnone\" src=\"https:\/\/loeben.net\/blog\/wp-content\/uploads\/2025\/06\/hanjo-150x150.png\" alt=\"\" width=\"150\" height=\"150\" title=\"\" srcset=\"https:\/\/loeben.net\/blog\/wp-content\/uploads\/2025\/06\/hanjo-150x150.png 150w, https:\/\/loeben.net\/blog\/wp-content\/uploads\/2025\/06\/hanjo.png 161w\" sizes=\"auto, (max-width: 150px) 100vw, 150px\" \/><br \/>Loeben<\/p>\r\n","protected":false},"excerpt":{"rendered":"<p>Kulturelle und touristische H\u00f6hepunkte in 2023<\/p>\n","protected":false},"author":6,"featured_media":2999,"comment_status":"open","ping_status":"open","sticky":true,"template":"","format":"standard","meta":{"site-sidebar-layout":"default","site-content-layout":"","ast-site-content-layout":"default","site-content-style":"default","site-sidebar-style":"default","ast-global-header-display":"","ast-banner-title-visibility":"","ast-main-header-display":"","ast-hfb-above-header-display":"","ast-hfb-below-header-display":"","ast-hfb-mobile-header-display":"","site-post-title":"","ast-breadcrumbs-content":"","ast-featured-img":"disabled","footer-sml-layout":"","ast-disable-related-posts":"","theme-transparent-header-meta":"default","adv-header-id-meta":"","stick-header-meta":"","header-above-stick-meta":"","header-main-stick-meta":"","header-below-stick-meta":"","astra-migrate-meta-layouts":"set","ast-page-background-enabled":"default","ast-page-background-meta":{"desktop":{"background-color":"var(--ast-global-color-4)","background-image":"","background-repeat":"repeat","background-position":"center center","background-size":"auto","background-attachment":"scroll","background-type":"","background-media":"","overlay-type":"","overlay-color":"","overlay-opacity":"","overlay-gradient":""},"tablet":{"background-color":"","background-image":"","background-repeat":"repeat","background-position":"center center","background-size":"auto","background-attachment":"scroll","background-type":"","background-media":"","overlay-type":"","overlay-color":"","overlay-opacity":"","overlay-gradient":""},"mobile":{"background-color":"","background-image":"","background-repeat":"repeat","background-position":"center center","background-size":"auto","background-attachment":"scroll","background-type":"","background-media":"","overlay-type":"","overlay-color":"","overlay-opacity":"","overlay-gradient":""}},"ast-content-background-meta":{"desktop":{"background-color":"var(--ast-global-color-5)","background-image":"","background-repeat":"repeat","background-position":"center center","background-size":"auto","background-attachment":"scroll","background-type":"","background-media":"","overlay-type":"","overlay-color":"","overlay-opacity":"","overlay-gradient":""},"tablet":{"background-color":"var(--ast-global-color-5)","background-image":"","background-repeat":"repeat","background-position":"center center","background-size":"auto","background-attachment":"scroll","background-type":"","background-media":"","overlay-type":"","overlay-color":"","overlay-opacity":"","overlay-gradient":""},"mobile":{"background-color":"var(--ast-global-color-5)","background-image":"","background-repeat":"repeat","background-position":"center center","background-size":"auto","background-attachment":"scroll","background-type":"","background-media":"","overlay-type":"","overlay-color":"","overlay-opacity":"","overlay-gradient":""}},"footnotes":""},"categories":[7,4],"tags":[1103,915,918,899,907,1105,895,898,881,1070,1077,924,900,131,1069,1080,1076,1078,1079,909,1088,46,914,896,901,912,1101,894,917,1097,1086,42,1083,1074,1082,1081,1073,1099,1104,1098,47,925,1093,920,43,916,908,919,1089,1090,921,904,903,922,905,1071,869,923,1100,882,911,906,910,45,1095,1094,1096,1084,1085,893,1091,892,891,1102,1075,913,927,897,1092,1087,926],"class_list":["post-1581","post","type-post","status-publish","format-standard","has-post-thumbnail","hentry","category-familie","category-wirueberuns","tag-67685-eulenbis","tag-a3q","tag-alecia-moore","tag-alpentour","tag-bad-harzburg","tag-beiratsvorsitzende","tag-berlin","tag-berliner-olympiastadion","tag-berliner-philharmoniker","tag-besen","tag-besenmacher","tag-bregenz","tag-bruneck","tag-buchholz-loeben","tag-buersten","tag-buerstenbindermuseum","tag-buerstenfabrik","tag-buerstenmacher","tag-buerstenmacherhandwerk","tag-buerstenmuseum","tag-computerbuerste","tag-dorian","tag-driftcup","tag-end-of-season-concert","tag-eulenbis","tag-feuerwehr","tag-frank-fischer","tag-friedrichstadtpalast","tag-gruene-zitadelle","tag-handarbeit","tag-handfeger","tag-hanjo","tag-harald-hans-dieter-klein-gbr","tag-harald-klein","tag-heimatmuseum","tag-heimatmuseum-ramberg","tag-heisse-feger","tag-hotel-landgasthaus-pfeifertal","tag-hotel-pfeifertal-gmbh","tag-hotel-pfeifertal-de","tag-kaarst","tag-kaprun","tag-kuchenpinsel","tag-leon","tag-loeben","tag-lokale-regierung","tag-magdeburg","tag-markus","tag-moebelbuerste","tag-moebelpinsel","tag-muehlenbachschleife","tag-nrw-audistammtisch","tag-nuerburgring","tag-olympiastadion-berlin","tag-pnk","tag-pfalz","tag-pfalztour","tag-pfaenderbahn","tag-pfeifertal","tag-pink","tag-platanenstrasse","tag-potsdam","tag-ramberg","tag-renate","tag-spinnenkopf","tag-spinnwedel","tag-stammholzschneiden","tag-strassenbesen","tag-stubenbesen","tag-tcgw-buettgen","tag-tischhandfeger","tag-ukd","tag-uniklinik-duesseldorf","tag-untere-pfeifermuehle","tag-vogesen","tag-vollbrand","tag-voetters","tag-waldbuehne","tag-wannenschrubber","tag-wienerwandbesen","tag-zell-am-see"],"_links":{"self":[{"href":"https:\/\/loeben.net\/blog\/wp-json\/wp\/v2\/posts\/1581","targetHints":{"allow":["GET"]}}],"collection":[{"href":"https:\/\/loeben.net\/blog\/wp-json\/wp\/v2\/posts"}],"about":[{"href":"https:\/\/loeben.net\/blog\/wp-json\/wp\/v2\/types\/post"}],"author":[{"embeddable":true,"href":"https:\/\/loeben.net\/blog\/wp-json\/wp\/v2\/users\/6"}],"replies":[{"embeddable":true,"href":"https:\/\/loeben.net\/blog\/wp-json\/wp\/v2\/comments?post=1581"}],"version-history":[{"count":574,"href":"https:\/\/loeben.net\/blog\/wp-json\/wp\/v2\/posts\/1581\/revisions"}],"predecessor-version":[{"id":3513,"href":"https:\/\/loeben.net\/blog\/wp-json\/wp\/v2\/posts\/1581\/revisions\/3513"}],"wp:featuredmedia":[{"embeddable":true,"href":"https:\/\/loeben.net\/blog\/wp-json\/wp\/v2\/media\/2999"}],"wp:attachment":[{"href":"https:\/\/loeben.net\/blog\/wp-json\/wp\/v2\/media?parent=1581"}],"wp:term":[{"taxonomy":"category","embeddable":true,"href":"https:\/\/loeben.net\/blog\/wp-json\/wp\/v2\/categories?post=1581"},{"taxonomy":"post_tag","embeddable":true,"href":"https:\/\/loeben.net\/blog\/wp-json\/wp\/v2\/tags?post=1581"}],"curies":[{"name":"wp","href":"https:\/\/api.w.org\/{rel}","templated":true}]}}