{"id":1570,"date":"2023-03-19T21:05:00","date_gmt":"2023-03-19T20:05:00","guid":{"rendered":"https:\/\/loeben.net\/blog\/?p=1570"},"modified":"2024-05-03T10:25:09","modified_gmt":"2024-05-03T08:25:09","slug":"2021er-und-2022er-highlights","status":"publish","type":"post","link":"https:\/\/loeben.net\/blog\/2021er-und-2022er-highlights\/","title":{"rendered":"2021er und 2022er Highlights"},"content":{"rendered":"\n<p>Was hat die Loebens aus Kaarst in 2021 und 2022 besch\u00e4ftigt und was sind die Folgen?<\/p>\n\n\n\n<p> Die Highlights in 2021 und 2022 waren gepr\u00e4gt von der COVID-19 Pandemie, einem Krieg in Europa, der Vorbereitung neuer Ziele, dem IT.NRW Abschied, neuen Freiheiten, diversen Konzerten und Tagesausfl\u00fcgen und Reisen und unserer schrumpfenden Kaufkraft. <\/p>\n\n\n\n<p>Nach dem Wasserschaden <\/p>\n\n\n\n<ul class=\"wp-block-list\">\n<li>und dem mehrmonatigen Leben in einer Baustelle ohne K\u00fcche<\/li>\n\n\n\n<li>und ohne wohnlichem Wohnzimmer, <\/li>\n\n\n\n<li>der 2019er Spargel- und  Pfalztour, <\/li>\n\n\n\n<li>Renates Operationen in 2020<\/li>\n<\/ul>\n\n\n\n<p> hat die Pandemie in 2021 und 2022 einen gro\u00dfen Fu\u00dfabdruck auch in unserem Leben hinterlassen.<\/p>\n\n\n\n<div id=\"ez-toc-container\" class=\"ez-toc-v2_0_82_2 ez-toc-wrap-left counter-hierarchy ez-toc-counter ez-toc-grey ez-toc-container-direction\">\n<div class=\"ez-toc-title-container\">\n<p class=\"ez-toc-title\" style=\"cursor:inherit\">Inhalt<\/p>\n<span class=\"ez-toc-title-toggle\"><a href=\"#\" class=\"ez-toc-pull-right ez-toc-btn ez-toc-btn-xs ez-toc-btn-default ez-toc-toggle\" aria-label=\"Toggle Table of Content\"><span class=\"ez-toc-js-icon-con\"><span class=\"\"><span class=\"eztoc-hide\" style=\"display:none;\">Toggle<\/span><span class=\"ez-toc-icon-toggle-span\"><svg style=\"fill: #999;color:#999\" xmlns=\"http:\/\/www.w3.org\/2000\/svg\" class=\"list-377408\" width=\"20px\" height=\"20px\" viewBox=\"0 0 24 24\" fill=\"none\"><path d=\"M6 6H4v2h2V6zm14 0H8v2h12V6zM4 11h2v2H4v-2zm16 0H8v2h12v-2zM4 16h2v2H4v-2zm16 0H8v2h12v-2z\" fill=\"currentColor\"><\/path><\/svg><svg style=\"fill: #999;color:#999\" class=\"arrow-unsorted-368013\" xmlns=\"http:\/\/www.w3.org\/2000\/svg\" width=\"10px\" height=\"10px\" viewBox=\"0 0 24 24\" version=\"1.2\" baseProfile=\"tiny\"><path d=\"M18.2 9.3l-6.2-6.3-6.2 6.3c-.2.2-.3.4-.3.7s.1.5.3.7c.2.2.4.3.7.3h11c.3 0 .5-.1.7-.3.2-.2.3-.5.3-.7s-.1-.5-.3-.7zM5.8 14.7l6.2 6.3 6.2-6.3c.2-.2.3-.5.3-.7s-.1-.5-.3-.7c-.2-.2-.4-.3-.7-.3h-11c-.3 0-.5.1-.7.3-.2.2-.3.5-.3.7s.1.5.3.7z\"\/><\/svg><\/span><\/span><\/span><\/a><\/span><\/div>\n<nav><ul class='ez-toc-list ez-toc-list-level-1 eztoc-toggle-hide-by-default' ><li class='ez-toc-page-1 ez-toc-heading-level-2'><a class=\"ez-toc-link ez-toc-heading-1\" href=\"https:\/\/loeben.net\/blog\/2021er-und-2022er-highlights\/#COVID-19-Pandemie\" >COVID-19-Pandemie<\/a><\/li><li class='ez-toc-page-1 ez-toc-heading-level-2'><a class=\"ez-toc-link ez-toc-heading-2\" href=\"https:\/\/loeben.net\/blog\/2021er-und-2022er-highlights\/#Krieg-in-Europa\" >Krieg in Europa<\/a><ul class='ez-toc-list-level-3' ><li class='ez-toc-heading-level-3'><a class=\"ez-toc-link ez-toc-heading-3\" href=\"https:\/\/loeben.net\/blog\/2021er-und-2022er-highlights\/#Krieg-in-unseren-Koepfen-und-die-Auswirkungen-im-sozialen-Umfeld\" >Krieg in unseren K\u00f6pfen und die Auswirkungen im sozialen Umfeld<\/a><\/li><li class='ez-toc-page-1 ez-toc-heading-level-3'><a class=\"ez-toc-link ez-toc-heading-4\" href=\"https:\/\/loeben.net\/blog\/2021er-und-2022er-highlights\/#Inflation-und-Kaufkraft\" >Inflation und Kaufkraft<\/a><\/li><\/ul><\/li><li class='ez-toc-page-1 ez-toc-heading-level-2'><a class=\"ez-toc-link ez-toc-heading-5\" href=\"https:\/\/loeben.net\/blog\/2021er-und-2022er-highlights\/#Vorbereitung-Abschied-von-ITNRW\" >Vorbereitung &amp; Abschied von IT.NRW<\/a><ul class='ez-toc-list-level-3' ><li class='ez-toc-heading-level-3'><a class=\"ez-toc-link ez-toc-heading-6\" href=\"https:\/\/loeben.net\/blog\/2021er-und-2022er-highlights\/#Istaufnahme-Timeline\" >Istaufnahme &amp; Timeline<\/a><\/li><li class='ez-toc-page-1 ez-toc-heading-level-3'><a class=\"ez-toc-link ez-toc-heading-7\" href=\"https:\/\/loeben.net\/blog\/2021er-und-2022er-highlights\/#Erste-Fakten-fuer-die-Staffel-Uebergabe\" >Erste Fakten f\u00fcr die Staffel-\u00dcbergabe<\/a><\/li><li class='ez-toc-page-1 ez-toc-heading-level-3'><a class=\"ez-toc-link ez-toc-heading-8\" href=\"https:\/\/loeben.net\/blog\/2021er-und-2022er-highlights\/#Das-Loslassen-und-die-Uebergabe-beginnt\" >Das Loslassen und die \u00dcbergabe beginnt<\/a><\/li><\/ul><\/li><li class='ez-toc-page-1 ez-toc-heading-level-2'><a class=\"ez-toc-link ez-toc-heading-9\" href=\"https:\/\/loeben.net\/blog\/2021er-und-2022er-highlights\/#Neue-Freiheiten-und-neue-Ziele\" >Neue Freiheiten und neue Ziele<\/a><ul class='ez-toc-list-level-3' ><li class='ez-toc-heading-level-3'><a class=\"ez-toc-link ez-toc-heading-10\" href=\"https:\/\/loeben.net\/blog\/2021er-und-2022er-highlights\/#247-in-der-Platanenstrasse\" >24\/7 in der Platanenstra\u00dfe<\/a><\/li><li class='ez-toc-page-1 ez-toc-heading-level-3'><a class=\"ez-toc-link ez-toc-heading-11\" href=\"https:\/\/loeben.net\/blog\/2021er-und-2022er-highlights\/#Plaene-schmieden\" >Pl\u00e4ne schmieden<\/a><\/li><li class='ez-toc-page-1 ez-toc-heading-level-3'><a class=\"ez-toc-link ez-toc-heading-12\" href=\"https:\/\/loeben.net\/blog\/2021er-und-2022er-highlights\/#Den-Abschied-feiern\" >Den Abschied feiern<\/a><\/li><\/ul><\/li><li class='ez-toc-page-1 ez-toc-heading-level-2'><a class=\"ez-toc-link ez-toc-heading-13\" href=\"https:\/\/loeben.net\/blog\/2021er-und-2022er-highlights\/#Plaene-fuer-2023-vorbereiten\" >Pl\u00e4ne f\u00fcr 2023 vorbereiten<\/a><ul class='ez-toc-list-level-3' ><li class='ez-toc-heading-level-3'><a class=\"ez-toc-link ez-toc-heading-14\" href=\"https:\/\/loeben.net\/blog\/2021er-und-2022er-highlights\/#Konzerte\" >Konzerte<\/a><\/li><li class='ez-toc-page-1 ez-toc-heading-level-3'><a class=\"ez-toc-link ez-toc-heading-15\" href=\"https:\/\/loeben.net\/blog\/2021er-und-2022er-highlights\/#Ausfluege-und-Reisen-%E2%80%93-Berlin-wir-kommen\" >Ausfl\u00fcge und Reisen &#8211; Berlin wir kommen<\/a><\/li><\/ul><\/li><li class='ez-toc-page-1 ez-toc-heading-level-2'><a class=\"ez-toc-link ez-toc-heading-16\" href=\"https:\/\/loeben.net\/blog\/2021er-und-2022er-highlights\/#Ausblick-auf-2023-2024\" >Ausblick auf 2023 &amp; 2024<\/a><\/li><\/ul><\/nav><\/div>\n<h2 class=\"wp-block-heading\"><span class=\"ez-toc-section\" id=\"COVID-19-Pandemie\"><\/span>COVID-19-Pandemie<span class=\"ez-toc-section-end\"><\/span><\/h2>\n\n\n\n<p>Die pandemischen Entwicklungen und die damit verbundenen Unsicherheiten haben sich normalisiert als wirksame Impfstoffe in ausreichenden Dosen verf\u00fcgbar wurden. Viele Impfzentren und COVID-Teststationen wurden geschlossen. Ein Leben mit dem Coronavirus hat auch das Leben in der Platanenstra\u00dfe  ver\u00e4ndert. Inzwischen sind wir vierfach geimpft und eine COVID-Infizierung ist nicht mehr Besorgnis erregend. So hat unser soziales (Er)Leben wieder Pre-Pandemie  Charakter und wir m\u00fcssen f\u00fcr Kulturgenuss nicht mehr ins Autokino fahren, so wie zu den Events im April 2020 mit <a href=\"https:\/\/de.wikipedia.org\/wiki\/Torsten_Str%C3%A4ter\" target=\"_blank\" rel=\"noopener\">Thorsten Str\u00e4ter<\/a> oder im Mai 2020 zu <a href=\"https:\/\/de.wikipedia.org\/wiki\/J%C3%BCrgen_Becker_(Kabarettist)\" target=\"_blank\" rel=\"noreferrer noopener\">J\u00fcrgen Becker<\/a>. Aber die n\u00e4chste Krise sollte sehr schnell an unsere T\u00fcren klopfen.<\/p>\n\n\n\n<h2 class=\"wp-block-heading\"><span class=\"ez-toc-section\" id=\"Krieg-in-Europa\"><\/span>Krieg in Europa<span class=\"ez-toc-section-end\"><\/span><\/h2>\n\n\n\n<p>So sind die Sorgen um die Gesundheit in den Hintergrund getreten, die Pflegekr\u00e4fte-Diskussionen sind aus der Tagespresse verschwunden und das Horten von Toilettenpapier, Nudeln, Mehl etc. ist in weiten Teilen der Bev\u00f6lkerung auch kein Thema mehr. Die Pandemie-Krise scheint bew\u00e4ltigt und unsere medizinische Infrastruktur spricht nicht mehr \u00fcber Triage Szenarien und die Politik nicht mehr \u00fcber Corona-Ma\u00dfnahmen, die Besuchs-Regelungen und Masken-Regeln. Wir haben sogar im Rheinland mal wieder die f\u00fcnfte Jahreszeit und das Kommunikationsdesign vom <a href=\"https:\/\/de.wikipedia.org\/wiki\/Jacques_Tilly\" target=\"_blank\" rel=\"noreferrer noopener\">Jacques Tilly<\/a> feiern k\u00f6nnen.<\/p>\n\n\n\n<figure class=\"wp-block-image alignright size-full is-resized\"><a href=\"https:\/\/loeben.net\/blog\/wp-content\/uploads\/2023\/03\/Ukraine-Airspace-1024x693-1.jpg\"><img loading=\"lazy\" decoding=\"async\" width=\"1024\" height=\"693\" src=\"https:\/\/loeben.net\/blog\/wp-content\/uploads\/2023\/03\/Ukraine-Airspace-1024x693-1.jpg\" alt=\"\" class=\"wp-image-1698\" style=\"width:256px;height:173px\" title=\"\" srcset=\"https:\/\/loeben.net\/blog\/wp-content\/uploads\/2023\/03\/Ukraine-Airspace-1024x693-1.jpg 1024w, https:\/\/loeben.net\/blog\/wp-content\/uploads\/2023\/03\/Ukraine-Airspace-1024x693-1-300x203.jpg 300w, https:\/\/loeben.net\/blog\/wp-content\/uploads\/2023\/03\/Ukraine-Airspace-1024x693-1-768x520.jpg 768w\" sizes=\"auto, (max-width: 1024px) 100vw, 1024px\" \/><\/a><figcaption class=\"wp-element-caption\">Flugverkehr in und um die Ukraine<\/figcaption><\/figure>\n\n\n\n<p>Andererseits entwickelte sich zum Jahreswechsel 2021\/2022 eine Besorgnis erregende Lage in Osteuropa. Begonnen hat diese brisante Lage eigentlich vor 20 Jahren. Wer die politischen Entwicklungen nach der Rede des russischen Pr\u00e4sidenten 2001 im deutschen Bundestag richtig interpretiert h\u00e4tte, der h\u00e4tte sicher nie eine &#8222;explodierende&#8220; Nordstream Versorgung angestrebt. Sp\u00e4testens mit der Besetzung und Annexion der Halbinsel Krim im Schwarzen Meer in 2014 zeigte, wohin die Reise gehen k\u00f6nnte.<\/p>\n\n\n\n<p>Sp\u00e4testens mit den massiven russischen Truppenkonzentrationen an der Grenze zur Ukraine sollten Putins geopolitischen Ziele klar erkennbar sein. Die &#8222;Ausschaltung&#8220; aller oppositioneller Stimmen im eigenen Reich sorgte daf\u00fcr, dass die russische Bev\u00f6lkerung nur die Argumentation zur Operation &#8222;Z&#8220; kennt und internationale Medien nicht nutzen kann. Zudem gab es im Januar und Februar auff\u00e4llige umfangreiche Milit\u00e4r-\u00dcbungen im S\u00fcden von Belarus und die Diplomaten-Dr\u00e4hte gl\u00fchten. <\/p>\n\n\n\n<figure class=\"wp-block-image alignright size-large is-resized\"><a href=\"https:\/\/loeben.net\/blog\/wp-content\/uploads\/2023\/03\/rc-135-1.romania.png\"><img loading=\"lazy\" decoding=\"async\" width=\"1024\" height=\"634\" src=\"https:\/\/loeben.net\/blog\/wp-content\/uploads\/2023\/03\/rc-135-1.romania-1024x634.png\" alt=\"\" class=\"wp-image-1697\" style=\"width:256px;height:159px\" title=\"\" srcset=\"https:\/\/loeben.net\/blog\/wp-content\/uploads\/2023\/03\/rc-135-1.romania-1024x634.png 1024w, https:\/\/loeben.net\/blog\/wp-content\/uploads\/2023\/03\/rc-135-1.romania-300x186.png 300w, https:\/\/loeben.net\/blog\/wp-content\/uploads\/2023\/03\/rc-135-1.romania-768x475.png 768w, https:\/\/loeben.net\/blog\/wp-content\/uploads\/2023\/03\/rc-135-1.romania.png 1107w\" sizes=\"auto, (max-width: 1024px) 100vw, 1024px\" \/><\/a><figcaption class=\"wp-element-caption\">Boing-Tankflugzeug RC-135W Tansponder (JAKE11)<\/figcaption><\/figure>\n\n\n\n<p>Die Regierungen von Finnland, Schweden und den baltischen Staaten sind in Alarmstimmung und die Man\u00f6ver mit HIMAR-Systemen im Baltikum sind deutliche un\u00fcbersehbare Signale. Aber erst wenn ich im <a href=\"https:\/\/www.flightradar24.com\" target=\"_blank\" rel=\"noreferrer noopener\">Flightradar24<\/a> keine oder nur noch Invalide transponder codes von <a href=\"https:\/\/www.flightradar24.com\/blog\/a-look-at-some-military-activity-in-airspace-around-ukraine\/\" target=\"_blank\" rel=\"noreferrer noopener\">Nato-Tankflugzeugen<\/a> oder von den <a href=\"https:\/\/de.wikipedia.org\/wiki\/Airborne_Warning_and_Control_System\" target=\"_blank\" rel=\"noreferrer noopener\">AWACS<\/a> entlang einer m\u00f6glichen neuen Front des kalten Krieges sehe, mache ich mir ernsthaft Gedanken und hole unsere Notfallpl\u00e4ne aus der Schublade.<\/p>\n\n\n\n<p>Die Zeitenwende in Europa wurde endg\u00fcltig am 24. Februar 2022 eingel\u00e4utet. Russland beginnt den Krieg mit dem Angriff auf die Ukraine unter Verletzung des Gewaltverbotes der <a href=\"https:\/\/de.wikipedia.org\/wiki\/Charta_der_Vereinten_Nationen\" target=\"_blank\" rel=\"noreferrer noopener\">UN-Charta<\/a><sup><a href=\"https:\/\/de.wikipedia.org\/wiki\/Ukraine#cite_note-86\" target=\"_blank\" rel=\"noopener\"> <\/a><\/sup>von mehreren Seiten. Ich frage mich, wie weit der russische Pr\u00e4sident gehen wird und wie Europa in zehn Jahren aussehen wird. \ud83d\ude41<\/p>\n\n\n\n<h3 class=\"wp-block-heading\"><span class=\"ez-toc-section\" id=\"Krieg-in-unseren-Koepfen-und-die-Auswirkungen-im-sozialen-Umfeld\"><\/span>Krieg in unseren K\u00f6pfen und die Auswirkungen im sozialen Umfeld<span class=\"ez-toc-section-end\"><\/span><\/h3>\n\n\n\n<p>Ich kann mich noch gut an den Februar 2022 erinnern, weil \u00fcber Nacht die Erz\u00e4hlungen meiner Mutter und der Eltern meiner Mutter pr\u00e4sent wurden. Als ich  noch ein Teenager war, berichteten sie mir \u00fcber die Flucht aus Polen und das &#8222;Ausbomben&#8220; in Berlin und Schlesien. Sp\u00e4ter in der 80igern diente ich als Soldat (SaZ) und wurde zum &#8222;Kommandant Kampfpanzer Leopard&#8220; ausgebildet. In der Zeit habe ich im Familienkreis das Gespr\u00e4ch gesucht und mich interessierten unmittelbare Erfahrungen und Erinnerungen aus dem zweiten Weltkrieg. Mit den Bildern und Berichten \u00fcber die Kriegsverbrechen in den Medien konnte ich nachvollziehen, warum die Angst vor der roten Armee und die Fluchterfahrungen so tiefe Spuren im Ged\u00e4chtnis und Leben meiner Mutter und meiner Gro\u00dfeltern hinterlassen hatten.<\/p>\n\n\n\n<p>Auch sollten mich im Fr\u00fchjahr die Folgen dieses Krieges gewisserma\u00dfen hautnah ber\u00fchren. Die einsetzende Fl\u00fcchtlingsbewegung aus der Ukraine  besch\u00e4ftigte mich mehr, als die Fl\u00fcchtlingsstr\u00f6me aus Afrika und Syrien, die Schutz in Europa suchen. Afrika und Syrien war ja nicht vor der eigenen T\u00fcr \ud83d\ude2e und die Frontex-Operationen will ich hier jetzt nicht n\u00e4her beleuchten. Das w\u00fcrde den Artikel hier sprengen.<\/p>\n\n\n\n<p>Vom einem Kollegen wusste ich, dass er ukrainische Wurzeln hat. Mit Alexander hatte ich im Fr\u00fchjahr 2022 h\u00e4ufiger \u00fcber private Dinge gesprochen. Auch habe ich mit ihm \u00fcber die Krisen-Eskalation und die Entwicklungen gesprochen. Es war nicht zu \u00fcbersehen, dass er manchmal nicht ganz so gut drauf war. Das Konzentrieren auf die Webhosting-Systemadministration war zeitweise nicht ganz so einfach. In dieser Zeit waren Fac2face-Kontakte immer noch selten. Wir fuhren bei IT.NRW ja immer noch die beinahe 100%ige Home-Office-Strategie. Alexander sorgte sich um Verwandte und Freunde in der Ukraine. Von Olaf h\u00f6rte ich, dass er Fl\u00fcchtlinge &#8222;an den Steinen&#8220; aufgenommen hatte. Alexander hat schlie\u00dflich alle Hebel in Bewegung gesetzt und alles M\u00f6gliche unternommen, um Fluchtpl\u00e4ne zu organisieren und zu unterst\u00fctzen. So erreicht der Krieg unsere K\u00f6pfe und besch\u00e4ftigt uns ein Jahr nach der Zeitenwende im sozialen Umfeld auch heute noch (Stand 15. M\u00e4rz 2023).<\/p>\n\n\n\n<h3 class=\"wp-block-heading\"><span class=\"ez-toc-section\" id=\"Inflation-und-Kaufkraft\"><\/span>Inflation und Kaufkraft<span class=\"ez-toc-section-end\"><\/span><\/h3>\n\n\n\n<figure class=\"wp-block-image alignright size-full is-resized\"><a href=\"https:\/\/loeben.net\/blog\/wp-content\/uploads\/2023\/03\/Infalationsrate.1979.bis_.2023.png\"><img loading=\"lazy\" decoding=\"async\" width=\"976\" height=\"615\" src=\"https:\/\/loeben.net\/blog\/wp-content\/uploads\/2023\/03\/Infalationsrate.1979.bis_.2023.png\" alt=\"Chart Inflationsrate 1979-2023\" class=\"wp-image-1693\" style=\"width:244px;height:154px\" title=\"\" srcset=\"https:\/\/loeben.net\/blog\/wp-content\/uploads\/2023\/03\/Infalationsrate.1979.bis_.2023.png 976w, https:\/\/loeben.net\/blog\/wp-content\/uploads\/2023\/03\/Infalationsrate.1979.bis_.2023-300x189.png 300w, https:\/\/loeben.net\/blog\/wp-content\/uploads\/2023\/03\/Infalationsrate.1979.bis_.2023-768x484.png 768w\" sizes=\"auto, (max-width: 976px) 100vw, 976px\" \/><\/a><figcaption class=\"wp-element-caption\">Inflationsrate 1979-2023 &#8211; Q1 2023 bei 6%<\/figcaption><\/figure>\n\n\n\n<p>Der Krieg war in unserem direkten sozialen Umfeld angekommen und sollte auch in anderer Weise unser Leben beeintr\u00e4chtigen. Es gab auf einmal neue Engp\u00e4sse und St\u00f6rungen in der Versorgung. Speise\u00f6l, Getreide und die Abh\u00e4ngigkeit von Energielieferungen standen auf der politischen Agenda. Die Finanz- und Rohstoffm\u00e4rkte haben sich auf die neue Situation in Europa eingestellt. Die Geldwertstabilit\u00e4t und die Zinsentwicklungen lassen unsere Kaufkraft im Euro-Raum wie die Butter in der Sonne schrumpfen. Die Loebens in Kaarst haben sich auch auf diese Entwicklungen eingestellt und unser Verhalten an der Tankstelle und im Supermarkt angepasst. Ja ich gebe es zu, ich habe auch die Investitionen unserer Lebensleistung auf die aktuelle neue geopolitische Lage ausgerichtet. In unseren Wertpapierbest\u00e4nden habe ich trotz ethischer Bedenken seit ein paar Monaten auch Rheinmetall, die Thales Group, BAE Systems und die Lockheed Martin Corp. aufgenommen. Im Scherz habe ich schon einmal gesagt, wenn es ganz dicke kommt, wandern wir aus und lassen uns unsere Rentenzahlungen in USD, CHF oder GBP auszahlen. \ud83d\ude2e<\/p>\n\n\n\n<h2 class=\"wp-block-heading\"><span class=\"ez-toc-section\" id=\"Vorbereitung-Abschied-von-ITNRW\"><\/span>Vorbereitung &amp; Abschied von IT.NRW<span class=\"ez-toc-section-end\"><\/span><\/h2>\n\n\n\n<p>Nachdem sich Ende 2019 meine lokale Regierung in den Vorruhestand verabschiedete hatte und das Kapitel aktives Berufsleben im &#8222;Conferences &amp; Events  Team&#8220; der Bank abgeschlossen und Geschichte ist, habe ich genau verfolgt, wie ein Leben ohne berufliche Verpflichtungen aussehen kann. Zudem ver\u00e4nderte das Pandemie-Erleben in kurzer Zeit das h\u00e4usliche und gemeinschaftliche Leben und Erleben auch bei den Loebens aus Kaarst.<\/p>\n\n\n\n<p>Das Arbeiten im Home Office war erfolgreich und funktionierte dank eines eingespielten IT.NRW Teams und zuverl\u00e4ssig arbeitender Infrastruktur. Die Pr\u00e4senzpflicht in der Niederlassung konnte durch Onlinemeetings, Messenger, VoIP-Kommunikation ersetzt werden. Ok, der Flurfunk und der Smalltalk in der Kaffeek\u00fcche fehlt dann doch irgendwie ein wenig. Aber wenn ein Team vor der Pandemie schon super funktioniert hat und ein toller Chef die F\u00e4den in den H\u00e4nden h\u00e4lt, ist die neue Betriebsumgebung und das F\u00fchren auf Distanz keine wirklich Herausforderung. So konnte ich mir, abgesehen von den IT.NRW  Haus-Regeln, durchaus vorstellen, meine Aufgaben am Strand einer kanarischen Insel oder im von <a href=\"https:\/\/www.linkedin.com\/in\/jan-weisheit-653592210\" target=\"_blank\" rel=\"noreferrer noopener\">Jan<\/a> geleiteten Resort in Hua Hin zu erledigen.<\/p>\n\n\n\n<p>Auch konnte ich mir gut vorstellen, wie das Leben nach dem Berufsleben aussehen k\u00f6nnte. Private Projekte auch mit Bit &amp; Byte-Rock gab es bei mir immer und wird es immer geben. Das zeichnete sich bereits im Oktober 2022 ab. Ideen hatte ich schon immer, die ich in meinen 40 IT-Jahren stets in meiner ToDo- und Ideen-Liste notiert  hatte. Aber dazu sp\u00e4ter mehr.<\/p>\n\n\n\n<h3 class=\"wp-block-heading\"><span class=\"ez-toc-section\" id=\"Istaufnahme-Timeline\"><\/span>Istaufnahme &amp; Timeline<span class=\"ez-toc-section-end\"><\/span><\/h3>\n\n\n\n<p>Mein Abschied vom Berufsleben sollte aus zwei Perspektiven gut vorbereitet sein. Zuvor musste ich aber nach klassischer Projektplanungs-Timeline-Methode festlegen, welcher Termin im Aufl\u00f6sungsvertrag  vereinbart werden sollte und wie und wann der Antrag zur Rentenversicherung gestellt werden muss. Damit haben Renate und ich die eine oder andere Stunde in der hei\u00dfen Phase des Sommers 2022 verbraten.<br><strong>Ergebnis<\/strong>: Aufl\u00f6sungsvertrag und Austritt zum 31.12.2022<\/p>\n\n\n\n<p>Dann folgte die Phase mit operativen Vorarbeiten bei IT.NRW, dich ich schon mit ersten \u00dcberlegungen in 2018 begonnen hatte. Das war der Zeitpunkt als ich Ingo,  meinen damaligen Chef, erstmalig in meine Abschieds-Pl\u00e4ne eingeweiht hatte. Er war nicht begeistert, konnte aber meiner Argumentation folgen. Im Rahmen seiner F\u00fchrungst\u00e4tigkeit war er immer informiert und kannte das Pers\u00f6nliche seiner Teamplayer. So war ihm bekannt, das Renate sich mit dem goldenen Handschlag Ende 2019 von der Bank verabschieden will und dass unser Stammhalter sein Studium in Aachen 2023 abschlie\u00dfen will. Sp\u00e4ter erfuhr ich noch, dass er insgeheim damit gerechnet hat, dass ich noch vor Ende 2022 neue Wege gehen k\u00f6nnte. Besonders gefreut hat mich, dass ich Ingo jederzeit ansprechen kann, wenn er bei Dorian beim &#8222;T\u00fcren zu \u00f6ffnen&#8220; helfen kann oder wenn in projektorientierten IT.NRW Baustellen meine Expertise gefragt ist.<br>Meine Antwort: Auf freiberuflicher Basis kann ich mir das durchaus vorstellen.<\/p>\n\n\n\n<p>Ende 2019 folgte das Ausloten wie, wann und wer meine Aufgaben \u00fcbernehmen k\u00f6nnte. Im Laufe des Jahres 2020 entwickelte ich meine Ausstiegsstrategien. Bei der Bestandsaufnahme war mir anfangs nicht klar, in welche Aufgaben und Prozesse ich seit 2010 eingebunden wurde und was f\u00fcr eine Staffel-\u00dcbergabe organisiert werden musste. Nach der Ist-Analyse aller Verfahren und Prozesse entwickelte und dokumentierte ich f\u00fcr mich in 2021 das Konzept Staffel-\u00dcbergabe.<\/p>\n\n\n\n<h3 class=\"wp-block-heading\"><span class=\"ez-toc-section\" id=\"Erste-Fakten-fuer-die-Staffel-Uebergabe\"><\/span>Erste Fakten f\u00fcr die Staffel-\u00dcbergabe<span class=\"ez-toc-section-end\"><\/span><\/h3>\n\n\n\n<p>Nach dem Konzept habe ich die Kollegen angesprochen und auf die neue Verantwortung vorbereitet, so dass Ingo daran eigentlich schon erkennen konnte, dass mein Abschied nicht mehr so weit weg sein w\u00fcrde. Ende Dezember 2021 habe ich meine Vorschl\u00e4ge zur Nachfolge offiziell in einer Mail adressiert. 2022 habe ich dann ein Verfahren noch an ein anderes Referat \u00fcbergeben k\u00f6nnen. Im Fr\u00fchjahr 2022 haben Ingo und ich dann N\u00e4gel mit K\u00f6pfen gemacht. Es hat mich sehr gefreut, dass meine Ideen und Vorschl\u00e4ge bei Ingo auf fruchtbaren Boden gefallen sind.<\/p>\n\n\n\n<p>Bei der Staffel-\u00dcbergabe wollte ich auch unsere Lieferanten und wichtigsten Kunden einbeziehen und meinen Nachfolger vorstellen. F\u00fcr die Formularserver Verfahren konnte ich Herrn <a href=\"https:\/\/www.linkedin.com\/in\/johannes-goerdeler-25b37534\" target=\"_blank\" rel=\"noreferrer noopener\">Johannes Goerdeler<\/a> aus dem Hause <a href=\"https:\/\/de.wikipedia.org\/wiki\/Materna_(Unternehmen)\" target=\"_blank\" rel=\"noreferrer noopener\">Materna<\/a> und Herrn Andreas E.  aus dem Hause <a href=\"https:\/\/www.northdata.de\/Proximity+Technology+GmbH,+Hamburg\/HRB+131623\" target=\"_blank\" rel=\"noreferrer noopener\">Proximity<\/a> genauso einbeziehen, wie Frau Monika P\u00f6ppel vom Kompetenzzentrum <a href=\"https:\/\/www.justiz.nrw.de\/BS\/formulare\" target=\"_blank\" rel=\"noreferrer noopener\">NRW Justizformulare<\/a>. An der Stelle nochmals vielen Dank f\u00fcr die herzliche, kompetente  jahrelange konstruktive Zusammenarbeit und die vielen bereichernden Anregungen und Unterst\u00fctzungen.<\/p>\n\n\n\n<p>Im Fr\u00fchsommer 2022 folgte die Pr\u00fcfung der Salden \u00dcberstundenkonten und des Urlaubskontos. So war dann recht schnell ausgerechnet und klar, das  meine letzten operativen Stunden im IT.NRW Webhosting irgendwo Ende September 2022 sein w\u00fcrden. Erst war noch die Option der \u00dcberstundenauszahlung angedacht. Die Option war aus steuerlicher Sicht unattraktiv und auch der finanzielle Aspekt konnte mich nicht \u00fcberzeugen, um ein zwei Monate l\u00e4nger operativ am Ball zu bleiben. Der 30. September 2022 war nun in Stein gemei\u00dfelt. Der letzte offizielle Arbeitstag war am 5. Dezember 2022 mit der Abgabe der technischen Ausr\u00fcstung und einer Abschiedstournee in der Niederlassung Mauerstra\u00dfe ausgef\u00fcllt.<\/p>\n\n\n\n<h3 class=\"wp-block-heading\"><span class=\"ez-toc-section\" id=\"Das-Loslassen-und-die-Uebergabe-beginnt\"><\/span>Das Loslassen und die \u00dcbergabe beginnt<span class=\"ez-toc-section-end\"><\/span><\/h3>\n\n\n\n<p>Im Sommer wurde ich in einigen Meetings immer wieder auf den September Termin angesprochen und gefragt warum ich vorzeitig aussteigen will. Die meisten konnten meiner Argumentation folgen und dabei bemerkte ich, dass das Loslassen und L\u00f6sen nicht einfach werden w\u00fcrde. Aber Renate und ich haben uns entschieden. Offen war noch der Austritts-Termin zum 31. Dezember 2022. Es h\u00e4tte auch noch der 31. Januar 2023 werden k\u00f6nnen. Die endg\u00fcltige Entscheidung fiel dann mit dem offiziellen Rentenantrag am 10. Oktober 2022. Das Thema Loslassen besch\u00e4ftigte mich dann immer h\u00e4ufiger, weil ich im Verlaufe des Sommers 2022 Besprechungen, Prozessabl\u00e4ufe etc. zunehmend nur noch als Beisitzer begleitet habe. Die  neuen  Verantwortlichen sind Alex,  J\u00f6rg, Manuel und Andi und \u00fcbernahmen das leitende Operative. Die eine oder andere <a href=\"https:\/\/de.wikipedia.org\/wiki\/Jitsi\" target=\"_blank\" rel=\"noreferrer noopener\">Jitsi<\/a> Online-Session mit viel Desktopsharing folgte dann im August und September, um letzte Fragen zu kl\u00e4ren und Unsicherheiten zu beseitigen.<\/p>\n\n\n\n<p>Mein Ziel war die optimale und reibungslose Staffel-\u00dcbergabe, um die in 12 Jahren gewachsenen Aufgaben in kompetente H\u00e4nde \u00fcbergeben zu k\u00f6nnen. Es sollten leistungsf\u00e4hige und gewachsene Hosting-L\u00f6sungen, an denen ich mitgeschraubt habe, weiterhin 24\/7 st\u00f6rungsfrei laufen und von mir entwickelte L\u00f6sungen sollten weiter wachsen und gedeihen. Schlie\u00dflich erfuhr ich Anfang 2023 beim legend\u00e4ren traditionellen Mettbr\u00f6tchen-Fr\u00fchst\u00fcck und der anschlie\u00dfenden legend\u00e4ren Altweiberparty in der Mauerstra\u00dfe und noch vor dem f\u00fcnften Altbier von den Kollegen, dass die kompetenten H\u00e4nde die professionelle Verfahrensbetreuung fortgesetzt haben und meine angestrebte Staffel-\u00dcbergabe an J\u00f6rg und Alexander funktioniert hat. Besonders hat mich gefreut, als mir Andi auf der Altweiberparty erz\u00e4hlte, dass ein einen Schritt auf der Kariereleiter weiter gekommen ist. \ud83d\ude42<\/p>\n\n\n\n<figure class=\"wp-block-image alignright size-full is-resized has-custom-border\"><a href=\"https:\/\/loeben.net\/blog\/wp-content\/uploads\/2023\/03\/image-1.png\"><img loading=\"lazy\" decoding=\"async\" width=\"505\" height=\"546\" src=\"https:\/\/loeben.net\/blog\/wp-content\/uploads\/2023\/03\/image-1.png\" alt=\"\" class=\"wp-image-1815\" style=\"border-width:3px;border-radius:10px;width:152px;height:165px\" title=\"\" srcset=\"https:\/\/loeben.net\/blog\/wp-content\/uploads\/2023\/03\/image-1.png 505w, https:\/\/loeben.net\/blog\/wp-content\/uploads\/2023\/03\/image-1-277x300.png 277w\" sizes=\"auto, (max-width: 505px) 100vw, 505px\" \/><\/a><figcaption class=\"wp-element-caption\">membox.nrw.de<\/figcaption><\/figure>\n\n\n\n<p>Eines meiner digitalen Babies m\u00f6chte ich an der Stelle hervorheben und es ist <strong>nicht<\/strong> die Formularserver-Steuerung. \ud83d\ude09 Schlie\u00dflich haben sich im R\u00fcckblick die stets von meinen Chefs gef\u00f6rderten und genehmigten Freiheiten und die damit verbundenen Labor-Arbeiten auf meiner Adminb\u00fcchse (Linux Mint) in der IT.NRW Bilanz Spuren hinterlassen. Begonnen als Spielerei entwickelte ich \u00fcber eine einj\u00e4hrigen Pilot-Phase die erfolgreiche IT.NRW Cloudl\u00f6sung <a href=\"https:\/\/membox.nrw.de\" target=\"_blank\" rel=\"noreferrer noopener\">membox.nrw.de<\/a>. W\u00e4hrend meiner Abschiedsfeier hatte Christoph berichtet, dass im Oktober 2022 ca. 1500 membox-Anwender mehrere TB Daten nutzen und Andi die Administration und Fakturierungs-Prozesse im &#8222;Griff hat&#8220;. Betrieben wird dieses Produkt nat\u00fcrlich auch vom IT.NRW Webhosting. Anwender(innen) aus ganz NRW und dar\u00fcber hinaus sch\u00e4tzen den Cloud-Service. Mal schauen ob dieser Service k\u00fcnftig \u00fcber die NRW Landesgrenzen und \u00fcberregional genutzt wird. Ich werde weiter verfolgen, wie sich dieses digitale Baby entwickelt. Es ist halt einer meiner digitalen IT.NRW Fu\u00dfabdr\u00fccke, die  das digitale Arbeiten erleichtern.<\/p>\n\n\n\n<p><strong>Lessons learned<\/strong>:<br>Freiheiten zu Laborarbeiten gab es in meinem IT-Leben eher selten und sie wurden auf Management-Ebene oft untersch\u00e4tzt. Aber wenn man sich durchbei\u00dft, zielstrebig bleibt und durchsetzungsf\u00e4hig ist, kann sich eine Spielerei zu einem erfolgreichen (\u00fcberregionalen) Produkt entwickeln.<\/p>\n\n\n\n<p>Meinen neuen Lebensabschnitt wollte ich gut vorbereiten. Wer will schon nach einem sehr aktiven, erfolgreichen und befriedigenden zw\u00f6lfj\u00e4hrigen IT.NRW-Engagement in ein &#8222;gro\u00dfes Loch&#8220; fallen und dann <a href=\"https:\/\/de.wiktionary.org\/wiki\/den_L%C3%B6ffel_abgeben\" target=\"_blank\" rel=\"noreferrer noopener\">den L\u00f6ffel abgeben<\/a>. Hat&#8217;s alles schon gegeben! Au\u00dferdem sind auf meiner ToDo- und Ideen-Liste noch viele Dinge bisher nur dokumentiert und nicht umgesetzt. \ud83d\ude09 Ein Schuster hat oft auch nicht die besten Schuhe an und interessante digitale T\u00e4tigkeitsfelder sind mir viele begegnet, f\u00fcr die ich jetzt Zeit habe.<\/p>\n\n\n\n<h2 class=\"wp-block-heading\"><span class=\"ez-toc-section\" id=\"Neue-Freiheiten-und-neue-Ziele\"><\/span>Neue Freiheiten und neue Ziele<span class=\"ez-toc-section-end\"><\/span><\/h2>\n\n\n\n<p>Der Weg zum neuen Leben ohne fremdbestimmten Kalender, neuen Freiheiten und einer \u00fcberschaubaren finanziellen Unabh\u00e4ngigkeit bedarf auch einer Planung. Renate und ich k\u00f6nnen und wollen nicht einfach so in den Tag hineinleben.<\/p>\n\n\n\n<h3 class=\"wp-block-heading\"><span class=\"ez-toc-section\" id=\"247-in-der-Platanenstrasse\"><\/span>24\/7 in der Platanenstra\u00dfe<span class=\"ez-toc-section-end\"><\/span><\/h3>\n\n\n\n<p>Ich hatte seit Juli 2010  i.d.R. die 40 Stunden im D\u00fcsseldorfer Norden gewerkelt und mit Maus und Tastatur manchmal Bits &amp; Bytes gequ\u00e4lt. Davor hatte ich aus der Sicht von Renate oft die Wochenstunden bis an die Schmerzgrenze ausgeweitet. Insbesondere wenn ich an meine C-DATA Zeiten zur\u00fcck denke, wo mir nach diversen CEBIT Ausfl\u00fcgen nach Hannover Renate schon mal die &#8222;gelbe Karte&#8220; gezeigt hatte und meinte &#8222;komm mal wieder runter&#8220; und nimm den Fu\u00df vom Gaspedal. Trotzdem waren im R\u00fcckblick diese Stunden immer gut investierte Zeit. Mit dem Blick nach vorne auf die Umstellung auf ein h\u00e4usliches 24\/7 Leben war ich mir nicht sicher, wie der kommende neue Lebensabschnitt funktionieren w\u00fcrde. Diese und \u00e4hnliche Gedanken besch\u00e4ftigten mich eigentlich schon seit dem Renate 2019 den goldenen Handschlag von der Bank angenommen hatte und wir Pl\u00e4ne f\u00fcr den Vorruhestand schmiedeten.<\/p>\n\n\n\n<figure class=\"wp-block-image alignright size-full is-resized is-style-default\"><img loading=\"lazy\" decoding=\"async\" width=\"80\" height=\"140\" src=\"https:\/\/loeben.net\/blog\/wp-content\/uploads\/2022\/01\/2020-04-05_12_31_27.png\" alt=\"NRW Corona-Soforthilfe\" class=\"wp-image-432\" style=\"width:80px;height:140px\" title=\"\"><figcaption class=\"wp-element-caption\">NRW Corona-Soforthilfe<\/figcaption><\/figure>\n\n\n\n<p>Ich stellte aber recht schnell fest, wie unproblematisch sich das gemeinsame h\u00e4usliche 24\/7 Leben mit der lokalen Regierung angenehm und interessant gestalten l\u00e4sst. Renate kannte in der Bank ja auch die Phasen, in denen extra Engagements und vor\u00fcbergehende h\u00f6here Drehzahlen angesagt waren, denen weniger stressige  Arbeitszeiten folgten. So hat Renate das Auf und Ab in meinem Home Office mitgetragen und ist mitgezogen.<\/p>\n\n\n\n<p>Bestes Beispiel f\u00fcr diese Strategie hatte ich im Artikel <a href=\"https:\/\/loeben.net\/blog\/2019er-und-2020er-highlights\/#NRW-Corona-Soforthilfe-2020-aus-der-Sicht-eines-SysAdmins\" target=\"_blank\" data-type=\"post\" data-id=\"431\" rel=\"noreferrer noopener\">2019er und 2020er Highlights<\/a> im Kapitel &#8222;<strong>NRW Corona Soforthilfe<\/strong> 2020 aus der Sicht eines SysAdmins&#8220; beschrieben.  <br><br>Mit anderen Worten: Hinter einem beruflich erfolgreichem Ehemann steht fast immer ein starker Partner bzw. eine starke Ehefrau. \ud83d\ude09<\/p>\n\n\n\n<h3 class=\"wp-block-heading\"><span class=\"ez-toc-section\" id=\"Plaene-schmieden\"><\/span>Pl\u00e4ne schmieden<span class=\"ez-toc-section-end\"><\/span><\/h3>\n\n\n\n<figure class=\"wp-block-image alignright size-full is-resized\"><a href=\"https:\/\/loeben.net\/blog\/wp-content\/uploads\/2023\/03\/Commodore-64.png\"><img loading=\"lazy\" decoding=\"async\" width=\"300\" height=\"170\" src=\"https:\/\/loeben.net\/blog\/wp-content\/uploads\/2023\/03\/Commodore-64.png\" alt=\"\" class=\"wp-image-1864\" style=\"width:150px;height:85px\" title=\"\"><\/a><figcaption class=\"wp-element-caption\">C64 \/ Brotkiste<\/figcaption><\/figure>\n\n\n\n<p>Genau dieses eingespielte Team ist dann das Projekt &#8222;Ruhestandsgestaltung&#8220; angegangen. Viele Dinge sind in unserem Berufsleben h\u00e4ufiger zu kurz gekommen, weil wir beide zu gro\u00dfen Teilen nicht nur einen &#8222;Job&#8220; gemacht haben. Ich f\u00fcr meinen Teil gehe sogar soweit zu sagen, dass ich mein Hobby und meinen Bit und Byte-Rock im beruflichen Umfeld ausleben konnte. Wenn mir wirklich interessante Projekte begegnen werden, werde ich irgendwie freiberuflich diesen Weg im begrenzten und \u00fcberschaubaren Rahmen fortsetzen. Wenn Du seit den 80igern mit der <a href=\"https:\/\/de.wikipedia.org\/wiki\/Commodore_64\" target=\"_blank\" rel=\"noreferrer noopener\">Brotkiste<\/a>, PC DOS 1.0, MS-DOS 1.x und anderen Bits &amp; Bytes Technologie aufgewachsen und mitgewachsen bist, ist und bleibt man infiziert. Au\u00dferdem bleiben die grauen Zellen immer gut trainiert.<\/p>\n\n\n\n<p>Zu einem ausgef\u00fcllten und befriedigenden Leben geh\u00f6rt im Knackalter, also jenseits der sechziger Marke, ganz sicher eine robuste physische und psychische Gesundheit. Renate und ich sind fit und gesund und das soll auch m\u00f6glichst lange so bleiben. Renate hat ihre Halux Valgus Fixes und die Entfernung der Gallenblase gut verdaut. Ich habe bei den Investitionen unserer Lebensleistungen ein erfolgreiches und gl\u00fcckliches H\u00e4ndchen gehabt. Also k\u00f6nnen wir mit einer \u00fcberschaubaren finanziellen Unabh\u00e4ngigkeit weiterhin unseren Stammhalter Dorian in Aachen unterst\u00fctzen, der gerade sein Praxis-Semester vorbereitet und die Vorarbeiten f\u00fcr seine Abschlussarbeit angeht. Auch Die Unterst\u00fctzung zu einem Master wird uns nicht \u00fcberfordern.<\/p>\n\n\n\n<p>Also rundherum ideale Voraussetzungen f\u00fcr 2023er Pl\u00e4ne. So haben Renate und Hanjo erst einmal festgehalten, was bisher zu kurz gekommen ist und gemeinsam unsere Priorit\u00e4ten gesetzt.<\/p>\n\n\n\n<h3 class=\"wp-block-heading\"><span class=\"ez-toc-section\" id=\"Den-Abschied-feiern\"><\/span>Den Abschied feiern<span class=\"ez-toc-section-end\"><\/span><\/h3>\n\n\n\n<p>Als erstes wollte ich mich in einer stilvollen und angemessenen Form verabschieden. Dazu wollte ich mich von den Kollegen &#8211; Kolleginnen gab es im IT.NRW Hosting leider nicht &#8211; verabschieden, die mich die letzten gut 12 Jahre gef\u00f6rdert, unterst\u00fctzt und begleitet haben. Das fing an mit der Erstellung und Gewichtung unterschiedlicher BCC Adressierungsverteiler an und setzte sich fort mit den Formulierungen von Abschiedsmails. In den 2022er September Wochen wurde auch Archiviertes gesichtet und die Meilensteine der letzten 12 Jahre zusammengetragen, um bei der Abschiedsfeier den einen oder anderen Meilenstein zu w\u00fcrdigen und unter den beteiligten Kollegen virtuelle Ehrennadeln und auch &#8222;Hiebe&#8220; zu verteilen.<\/p>\n\n\n\n<p>Dazu wurde fr\u00fchzeitig ein geeigneter Veranstaltungsort gesucht und der Termin f\u00fcr die Feierlichkeiten festgelegt. Mit den wichtigsten G\u00e4sten von der Einladungsliste hatte ich Monate vor dem Termin bereits gesprochen. Somit war ich recht sicher, dass auch G\u00e4ste mit weiter Anreise den Termin blocken w\u00fcrden.<\/p>\n\n\n\n<p>Begonnen haben die Abschiedsfeiern mit zwei Ausfl\u00fcgen in die Eifel (Adenau und Umgebung) \ud83d\ude09 Am 08. und  22. Oktober 2022 konnte ich mit Kollegen einen &#8222;advanced&#8220; Abschied feiern (siehe unten). Wir haben es genossen. \ud83d\ude2e<\/p>\n\n\n\n<figure class=\"wp-block-gallery aligncenter has-nested-images columns-3 is-cropped wp-block-gallery-2 is-layout-flex wp-block-gallery-is-layout-flex\">\n<figure class=\"wp-block-image size-thumbnail has-custom-border is-style-default\"><a href=\"https:\/\/loeben.net\/blog\/wp-content\/uploads\/2023\/03\/it.nrw_00_2022_0823_162233.Teamevent.mit_.Treibstoff.jpg\"><img loading=\"lazy\" decoding=\"async\" width=\"150\" height=\"150\" data-id=\"1726\" src=\"https:\/\/loeben.net\/blog\/wp-content\/uploads\/2023\/03\/it.nrw_00_2022_0823_162233.Teamevent.mit_.Treibstoff-150x150.jpg\" alt=\"test\" class=\"wp-image-1726\" style=\"border-width:5px;border-radius:5px\" title=\"\"><\/a><figcaption class=\"wp-element-caption\">IT.NRW Team-Event am 23.08.2022<\/figcaption><\/figure>\n\n\n\n<figure class=\"wp-block-image size-thumbnail has-custom-border\"><a href=\"https:\/\/loeben.net\/blog\/wp-content\/uploads\/2023\/03\/it.nrw_2022_1022_2127_IMG_5416.jpg\"><img loading=\"lazy\" decoding=\"async\" width=\"150\" height=\"150\" data-id=\"1734\" src=\"https:\/\/loeben.net\/blog\/wp-content\/uploads\/2023\/03\/it.nrw_2022_1022_2127_IMG_5416-150x150.jpg\" alt=\"\" class=\"wp-image-1734\" style=\"border-width:5px;border-radius:5px\" title=\"\"><\/a><figcaption class=\"wp-element-caption\">Feierndes Webhosting und G\u00e4ste am 22.10.2022<\/figcaption><\/figure>\n\n\n\n<figure class=\"wp-block-image size-thumbnail has-custom-border is-style-rounded\"><a href=\"https:\/\/loeben.net\/blog\/wp-content\/uploads\/2023\/03\/it.nrw_2013_0614_140909_drei.vom_.Personalfest.jpg\"><img loading=\"lazy\" decoding=\"async\" width=\"150\" height=\"150\" data-id=\"1727\" src=\"https:\/\/loeben.net\/blog\/wp-content\/uploads\/2023\/03\/it.nrw_2013_0614_140909_drei.vom_.Personalfest-150x150.jpg\" alt=\"\" class=\"wp-image-1727\" style=\"border-width:5px;border-radius:5px\" title=\"\"><\/a><figcaption class=\"wp-element-caption\">Drei vom Personalfest 2013<\/figcaption><\/figure>\n\n\n\n<figure class=\"wp-block-image size-thumbnail has-custom-border\"><a href=\"https:\/\/loeben.net\/blog\/wp-content\/uploads\/2023\/03\/it.nrw_2014_08_drei.vom_.Grillfest_auf.dem_.Spielmobil.vom_.Stefan.jpg\"><img loading=\"lazy\" decoding=\"async\" width=\"150\" height=\"150\" data-id=\"1728\" src=\"https:\/\/loeben.net\/blog\/wp-content\/uploads\/2023\/03\/it.nrw_2014_08_drei.vom_.Grillfest_auf.dem_.Spielmobil.vom_.Stefan-150x150.jpg\" alt=\"\" class=\"wp-image-1728\" style=\"border-width:5px;border-radius:5px\" title=\"\"><\/a><figcaption class=\"wp-element-caption\">Drei vom Grillfest auf dem Spielmobil vom Stefan 2014<\/figcaption><\/figure>\n\n\n\n<figure class=\"wp-block-image size-thumbnail has-custom-border\"><a href=\"https:\/\/loeben.net\/blog\/wp-content\/uploads\/2023\/03\/it.nrw_2022_0511_1242_zwei.Personalfest_Fruehstadium_Hanjo_Christoph.jpg\"><img loading=\"lazy\" decoding=\"async\" width=\"150\" height=\"150\" data-id=\"1729\" src=\"https:\/\/loeben.net\/blog\/wp-content\/uploads\/2023\/03\/it.nrw_2022_0511_1242_zwei.Personalfest_Fruehstadium_Hanjo_Christoph-150x150.jpg\" alt=\"\" class=\"wp-image-1729\" style=\"border-width:5px;border-radius:5px\" title=\"\"><\/a><figcaption class=\"wp-element-caption\">Beim Personalfest 2022 vor dem f\u00fcnften Bier<\/figcaption><\/figure>\n\n\n\n<figure class=\"wp-block-image size-thumbnail has-custom-border\"><a href=\"https:\/\/loeben.net\/blog\/wp-content\/uploads\/2023\/03\/it.nrw_2022_1008_150558_002.jpg\"><img loading=\"lazy\" decoding=\"async\" width=\"150\" height=\"150\" data-id=\"1731\" src=\"https:\/\/loeben.net\/blog\/wp-content\/uploads\/2023\/03\/it.nrw_2022_1008_150558_002-150x150.jpg\" alt=\"\" class=\"wp-image-1731\" style=\"border-width:5px;border-radius:5px\" title=\"\"><\/a><figcaption class=\"wp-element-caption\">Das Ausflugsteam vom 08.10.2022 <br>(Markus, Tobi und Peter)<\/figcaption><\/figure>\n\n\n\n<figure class=\"wp-block-image size-thumbnail has-custom-border\"><a href=\"https:\/\/loeben.net\/blog\/wp-content\/uploads\/2023\/03\/it.nrw_2022_1022_0942_IMG_5286.jpg\"><img loading=\"lazy\" decoding=\"async\" width=\"150\" height=\"150\" data-id=\"1732\" src=\"https:\/\/loeben.net\/blog\/wp-content\/uploads\/2023\/03\/it.nrw_2022_1022_0942_IMG_5286-150x150.jpg\" alt=\"\" class=\"wp-image-1732\" style=\"border-width:5px;border-radius:5px\" title=\"\"><\/a><figcaption class=\"wp-element-caption\">Das Ausflugsteam vom 22.10.2022 <br>(Ingo, Alex, Christoph eingefangen von Adam)<\/figcaption><\/figure>\n\n\n\n<figure class=\"wp-block-image size-thumbnail has-custom-border\"><a href=\"https:\/\/loeben.net\/blog\/wp-content\/uploads\/2023\/03\/it.nrw_2022_0923_130832.jpg\"><img loading=\"lazy\" decoding=\"async\" width=\"150\" height=\"150\" data-id=\"1730\" src=\"https:\/\/loeben.net\/blog\/wp-content\/uploads\/2023\/03\/it.nrw_2022_0923_130832-150x150.jpg\" alt=\"\" class=\"wp-image-1730\" style=\"border-width:5px;border-radius:5px\" title=\"\"><\/a><figcaption class=\"wp-element-caption\">Die Ausflugstickets vom 08.10.2022<\/figcaption><\/figure>\n\n\n\n<figure class=\"wp-block-image size-thumbnail has-custom-border\"><a href=\"https:\/\/loeben.net\/blog\/wp-content\/uploads\/2023\/03\/it.nrw_2022_1022_1147_IMG_5323.jpg\"><img loading=\"lazy\" decoding=\"async\" width=\"150\" height=\"150\" data-id=\"1733\" src=\"https:\/\/loeben.net\/blog\/wp-content\/uploads\/2023\/03\/it.nrw_2022_1022_1147_IMG_5323-150x150.jpg\" alt=\"\" class=\"wp-image-1733\" style=\"border-width:5px;border-radius:4px\" title=\"\"><\/a><figcaption class=\"wp-element-caption\">Audi Doppelsieg <br>4 Ringe auf der Nr.5 gesteuert vom Frank Stippler <br>und einer 8:03.671 Runde<\/figcaption><\/figure>\n\n\n\n<figure class=\"wp-block-image size-thumbnail has-custom-border\"><a href=\"https:\/\/loeben.net\/blog\/wp-content\/uploads\/2023\/03\/it.nrw_2022_1022_1148_IMG_5323.png\"><img loading=\"lazy\" decoding=\"async\" width=\"150\" height=\"150\" data-id=\"1749\" src=\"https:\/\/loeben.net\/blog\/wp-content\/uploads\/2023\/03\/it.nrw_2022_1022_1148_IMG_5323-150x150.png\" alt=\"\" class=\"wp-image-1749\" style=\"border-width:5px;border-radius:5px\" title=\"\"><\/a><figcaption class=\"wp-element-caption\">Audi Doppelsieg vom Scherer Sport Team Phoenix<\/figcaption><\/figure>\n\n\n\n<figure class=\"wp-block-image size-thumbnail has-custom-border\"><a href=\"https:\/\/loeben.net\/blog\/wp-content\/uploads\/2023\/03\/it.nrw_2022_1022_183707-vor.der_.Schlacht.am_.kalten.Buffet.jpg\"><img loading=\"lazy\" decoding=\"async\" width=\"150\" height=\"150\" data-id=\"1735\" src=\"https:\/\/loeben.net\/blog\/wp-content\/uploads\/2023\/03\/it.nrw_2022_1022_183707-vor.der_.Schlacht.am_.kalten.Buffet-150x150.jpg\" alt=\"\" class=\"wp-image-1735\" style=\"border-width:5px;border-radius:5px\" title=\"\"><\/a><figcaption class=\"wp-element-caption\">Ohne Mampf kein Kampf<\/figcaption><\/figure>\n\n\n\n<figure class=\"wp-block-image size-thumbnail has-custom-border\"><a href=\"https:\/\/loeben.net\/blog\/wp-content\/uploads\/2023\/03\/it.nrw_2022_1022_183707-vor.der_.Schlacht.am_.kalten.Buffet_Landesfarben.kulinarisch.jpg\"><img loading=\"lazy\" decoding=\"async\" width=\"150\" height=\"150\" data-id=\"1736\" src=\"https:\/\/loeben.net\/blog\/wp-content\/uploads\/2023\/03\/it.nrw_2022_1022_183707-vor.der_.Schlacht.am_.kalten.Buffet_Landesfarben.kulinarisch-150x150.jpg\" alt=\"\" class=\"wp-image-1736\" style=\"border-width:5px;border-radius:5px\" title=\"\"><\/a><figcaption class=\"wp-element-caption\">Kulinarisches in NRW Landesfarben<\/figcaption><\/figure>\n\n\n\n<figure class=\"wp-block-image size-thumbnail has-custom-border\"><a href=\"https:\/\/loeben.net\/blog\/wp-content\/uploads\/2023\/03\/it.nrw_2022_1022_232501_die.2.von_.der_.Tankstelle-scaled.jpg\"><img loading=\"lazy\" decoding=\"async\" width=\"150\" height=\"150\" data-id=\"1737\" src=\"https:\/\/loeben.net\/blog\/wp-content\/uploads\/2023\/03\/it.nrw_2022_1022_232501_die.2.von_.der_.Tankstelle-150x150.jpg\" alt=\"\" class=\"wp-image-1737\" style=\"border-width:5px;border-radius:5px\" title=\"\"><\/a><figcaption class=\"wp-element-caption\">Die 2 von der Tankstelle<\/figcaption><\/figure>\n\n\n\n<figure class=\"wp-block-image size-thumbnail has-custom-border\"><a href=\"https:\/\/loeben.net\/blog\/wp-content\/uploads\/2023\/03\/it.nrw_2022_1022_232602_15Min.EFUE_.Meeting.jpg\"><img loading=\"lazy\" decoding=\"async\" width=\"150\" height=\"150\" data-id=\"1738\" src=\"https:\/\/loeben.net\/blog\/wp-content\/uploads\/2023\/03\/it.nrw_2022_1022_232602_15Min.EFUE_.Meeting-150x150.jpg\" alt=\"\" class=\"wp-image-1738\" style=\"border-width:5px;border-radius:5px\" title=\"\"><\/a><figcaption class=\"wp-element-caption\">Auch mit <br>15 Min. EFUE Meeting<\/figcaption><\/figure>\n\n\n\n<figure class=\"wp-block-image size-thumbnail has-custom-border\"><a href=\"https:\/\/loeben.net\/blog\/wp-content\/uploads\/2023\/03\/it.nrw_2022_1023_143046a_Kulinarisches.vom_.PGL_ohne.Kommentar.jpg\"><img loading=\"lazy\" decoding=\"async\" width=\"150\" height=\"150\" data-id=\"1739\" src=\"https:\/\/loeben.net\/blog\/wp-content\/uploads\/2023\/03\/it.nrw_2022_1023_143046a_Kulinarisches.vom_.PGL_ohne.Kommentar-150x150.jpg\" alt=\"\" class=\"wp-image-1739\" style=\"border-width:5px;border-radius:5px\" title=\"\"><\/a><figcaption class=\"wp-element-caption\">Ein PGL mit vielen Hobbies <\/figcaption><\/figure>\n\n\n\n<figure class=\"wp-block-image size-thumbnail has-custom-border\"><a href=\"https:\/\/loeben.net\/blog\/wp-content\/uploads\/2023\/03\/it.nrw_2022_1023_143046b_Kulinarisches.vom_.PGL_.jpg\"><img loading=\"lazy\" decoding=\"async\" width=\"150\" height=\"150\" data-id=\"1740\" src=\"https:\/\/loeben.net\/blog\/wp-content\/uploads\/2023\/03\/it.nrw_2022_1023_143046b_Kulinarisches.vom_.PGL_-150x150.jpg\" alt=\"\" class=\"wp-image-1740\" style=\"border-width:5px;border-radius:5px\" title=\"\"><\/a><figcaption class=\"wp-element-caption\">Olaf begleitet uns stets <br>beim Fr\u00fchst\u00fccken<\/figcaption><\/figure>\n\n\n\n<figure class=\"wp-block-image size-thumbnail has-custom-border\"><a href=\"https:\/\/loeben.net\/blog\/wp-content\/uploads\/2023\/03\/it.nrw_2022_1023_143057.jpg\"><img loading=\"lazy\" decoding=\"async\" width=\"150\" height=\"150\" data-id=\"1741\" src=\"https:\/\/loeben.net\/blog\/wp-content\/uploads\/2023\/03\/it.nrw_2022_1023_143057-150x150.jpg\" alt=\"\" class=\"wp-image-1741\" style=\"border-width:5px;border-radius:5px\" title=\"\"><\/a><figcaption class=\"wp-element-caption\">Haltbarkeit mal anders<\/figcaption><\/figure>\n\n\n\n<figure class=\"wp-block-image size-thumbnail has-custom-border\"><a href=\"https:\/\/loeben.net\/blog\/wp-content\/uploads\/2023\/03\/it.nrw_2022_1023_153531a_Michael_Rentner_Fuersorge_ohne.Kommentar.png.jpg\"><img loading=\"lazy\" decoding=\"async\" width=\"150\" height=\"150\" data-id=\"1742\" src=\"https:\/\/loeben.net\/blog\/wp-content\/uploads\/2023\/03\/it.nrw_2022_1023_153531a_Michael_Rentner_Fuersorge_ohne.Kommentar.png-150x150.jpg\" alt=\"\" class=\"wp-image-1742\" style=\"border-width:5px;border-radius:5px\" title=\"\"><\/a><figcaption class=\"wp-element-caption\">F\u00fcrsorge vom <br>ehemaligen Chef Michael<\/figcaption><\/figure>\n\n\n\n<figure class=\"wp-block-image size-thumbnail has-custom-border\"><a href=\"https:\/\/loeben.net\/blog\/wp-content\/uploads\/2023\/03\/it.nrw_2022_1023_153531b_Michael_Rentner_Fuersorge.png\"><img loading=\"lazy\" decoding=\"async\" width=\"150\" height=\"150\" data-id=\"1743\" src=\"https:\/\/loeben.net\/blog\/wp-content\/uploads\/2023\/03\/it.nrw_2022_1023_153531b_Michael_Rentner_Fuersorge-150x150.png\" alt=\"\" class=\"wp-image-1743\" style=\"border-width:5px;border-radius:5px\" title=\"\"><\/a><figcaption class=\"wp-element-caption\">F\u00fcrsorge kommentiert<\/figcaption><\/figure>\n\n\n\n<figure class=\"wp-block-image size-thumbnail has-custom-border\"><a href=\"https:\/\/loeben.net\/blog\/wp-content\/uploads\/2023\/03\/it.nrw_2022_1023_153612.jpg\"><img loading=\"lazy\" decoding=\"async\" width=\"150\" height=\"150\" data-id=\"1744\" src=\"https:\/\/loeben.net\/blog\/wp-content\/uploads\/2023\/03\/it.nrw_2022_1023_153612-150x150.jpg\" alt=\"\" class=\"wp-image-1744\" style=\"border-width:5px;border-radius:5px\" title=\"\"><\/a><figcaption class=\"wp-element-caption\">Neue Herausforderungen \ud83d\ude09<\/figcaption><\/figure>\n\n\n\n<figure class=\"wp-block-image size-thumbnail has-custom-border\"><a href=\"https:\/\/loeben.net\/blog\/wp-content\/uploads\/2023\/03\/it.nrw_2022_1023_lokale.regierung_beim_einpacken.jpg\"><img loading=\"lazy\" decoding=\"async\" width=\"150\" height=\"150\" data-id=\"1745\" src=\"https:\/\/loeben.net\/blog\/wp-content\/uploads\/2023\/03\/it.nrw_2022_1023_lokale.regierung_beim_einpacken-150x150.jpg\" alt=\"\" class=\"wp-image-1745\" style=\"border-width:5px;border-radius:5px\" title=\"\"><\/a><figcaption class=\"wp-element-caption\">Die lokale Regierung beim Einpacken&#8230;<\/figcaption><\/figure>\n<\/figure>\n\n\n\n<p>Auch zeichnete sich im September nach dem Versand der Einladungen und der Sichtung der R\u00fcckmeldungen an, dass die mir wichtig sind und waren, zur Abschiedsfeier kommen w\u00fcrden. Ehemalige Chefs, Kollegen und fast das komplette Webhostingteam haben mit mir gefeiert. <a href=\"https:\/\/www.xing.com\/profile\/PeterChristian_Leggewie\" target=\"_blank\" rel=\"noreferrer noopener\">Peter Leggewie<\/a>, der die Feier mit seiner professionellen Foto-Technik begleiten wollte, hat am sehr kurzfristig absagen m\u00fcssen. So mussten wir bei der Foto-Dokumention improvisieren. Wenn einer der Beteiligten dies hier liest und noch keine Bilder in die Platanencloud hochladen konnte, den bitte ich um einen Ping. Wer die Fotos und die Videos von den Ausfl\u00fcgen zum Ring und von der Abschiedsfeier noch nicht aus der Platanencloud gesaugt hat, der m\u00f6ge auch ein Ping senden. \ud83d\ude2e<\/p>\n\n\n\n<p>Am Partytag waren selbst l\u00e4ngere Strecken (<a href=\"https:\/\/www.linkedin.com\/in\/-oliver-lenz\" target=\"_blank\" rel=\"noreferrer noopener\">Oliver Lenz<\/a> aus Berlin, <a href=\"https:\/\/linkedin.com\/in\/andre-wissmann-09866745\" target=\"_blank\" rel=\"noreferrer noopener\">Andr\u00e9 Wissmann<\/a> aus Horn Bad Mainberg, <a href=\"https:\/\/www.linkedin.com\/in\/stefan-osterlitz\" target=\"_blank\" rel=\"noreferrer noopener\">Stefan Osterlitz<\/a> aus Halle in Westfalen bzw. New York) auf zwei oder vier R\u00e4dern nach B\u00fcttgen unproblematisch, obwohl eine Messeveranstaltung in D\u00fcsseldorf die Auswahl der \u00dcbernachtungs-Optionen erheblich verteuert hatte. Wenn wir die Messe fr\u00fcher auf dem Schirm gehabt h\u00e4tten, h\u00e4tten wir f\u00fcr den Termin (22. Oktober 2022) f\u00fcr die Abschiedsfeier um eine Woche verlegt. Aber als wir diesen Engpass auf dem Schirm hatten, war die Location-Buchung, die Caterer-Bestellung etc. schon in trockenen T\u00fcchern. Schlie\u00dflich folgte noch die Abschiedstournee in der Niederlassung Mauerstr. am 05. Dezember 2022 mit ein paar Autogrammen auf dem Austritts-Laufzettel und ein paar Gespr\u00e4chen. Wie ich erwartet hatte, konnte ich &#8222;Pipi in den Augen&#8220; gerade noch unterdr\u00fccken.<\/p>\n\n\n\n<p>Ein Wiedersehen feierten wir dann bereits bei der legend\u00e4ren Altweiberparty 2023 in der Mauerstra\u00dfe. Das Wiedersehen werde ich in einer den kommenden  Highlights w\u00fcrdigen.<\/p>\n\n\n\n<h2 class=\"wp-block-heading\"><span class=\"ez-toc-section\" id=\"Plaene-fuer-2023-vorbereiten\"><\/span>Pl\u00e4ne f\u00fcr 2023 vorbereiten<span class=\"ez-toc-section-end\"><\/span><\/h2>\n\n\n\n<p>Nachdem ich am 30. September 2022 die letzten Stunden an der IT.NRW Maus und Tastatur gewerkelt hatte, f\u00fchlten sich die ersten Wochen wie Urlaub an. Immer noch war der gewohnte Rhythmus angesagt und ich wachte morgens gegen 5:30 Uhr auf. Im Laufe des Dezember hat sich das ge\u00e4ndert und wenn mich abends um 22 Uhr noch ein Krimi oder ein Buch fesselt, dann schaue ich oder lese weiter. Ich habe ich mich mit B\u00fcchern besch\u00e4ftigt, die ich vor mehr als 20 Jahren schon einmal gelesen hatte. Dazu geh\u00f6rten u.a. eine <a href=\"https:\/\/www.amazon.de\/Idea-Man-Die-Autobiografie-Microsoft-Mitgr%C3%BCnders\/dp\/3593395398\" target=\"_blank\" rel=\"noreferrer noopener\">Autobiographie von Paul Allen<\/a> und die <a href=\"https:\/\/amzn.eu\/d\/644yhLp\" target=\"_blank\" rel=\"noreferrer noopener\">Bill Gates Story<\/a>. Beim Lesen habe ich mich h\u00e4ufiger an meinen eigenen Bits &amp; Bytes Rock erinnert.<\/p>\n\n\n\n<p>Am Sonntag bei den Nachbereitungen der Abschiedsfeier sollte sich auch gleich ein erstes kleineres IT-Projekt anbahnen. Ein \u00f6rtlicher Tennisclub lieb\u00e4ugelte schon l\u00e4nger mit einer <a href=\"https:\/\/tennis-kaarst-webcam.bytewerk.net\/\" target=\"_blank\" rel=\"noreferrer noopener\">Tennisplatz-\u00dcberwachung<\/a>. Beim Smalltalk mit dem <a href=\"https:\/\/www.tennis-kaarst.de\/start\/vorstand\/\" target=\"_blank\" rel=\"noreferrer noopener\">Sportwart und Vorstandsmitglied<\/a> entwickelte sich eine interessante Idee und ich besch\u00e4ftigte mich einem passenden Konzept. Inzwischen ist die Hardware- und Softwarel\u00f6sung hier in meinem Labor im Testbetrieb gelaufen und ich warte auf den Montage-Termin, der vermutlich Ende M\u00e4rz sein wird. Also von Langeweile oder &#8222;in das Loch fallen&#8220;, ist nix in Sicht und am 22. M\u00e4rz 2023 ist schon ein n\u00e4chstes Projekt-Gespr\u00e4ch terminiert.<\/p>\n\n\n\n<p>Und dann sind da noch die schlechten Schuhe eines Schuhmachers. Ja es gibt noch einiges an Aufr\u00e4um- und Optimierungspotential im heimischen Netzwerk. Aber die laufen mir nicht weg. \ud83d\ude2e Kommen wir mal zu anderen angenehmen Freizeitgestaltungen und die haben weniger Bezug zu Bits &amp; Bytes.<\/p>\n\n\n\n<h3 class=\"wp-block-heading\"><span class=\"ez-toc-section\" id=\"Konzerte\"><\/span>Konzerte<span class=\"ez-toc-section-end\"><\/span><\/h3>\n\n\n\n<p>In unserem  Team ist Renate die kompetente Bucht-Nutzerin und gr\u00e4bt Kleinanzeigen aus, die in den COVID-19-Pandemie-Zeiten oft lukrativ waren. So haben wir f\u00fcr kleines Geld schon ein paar Konzerte genossen und weitere Events sind f\u00fcr 2023 geplant.<\/p>\n\n\n\n<ul class=\"wp-block-list\">\n<li>20. November 2022: Simply Red in K\u00f6ln<\/li>\n\n\n\n<li>11. Dezember 2022: Brian Adams in K\u00f6ln<\/li>\n\n\n\n<li>13. Januar 2023: GOP Variet\u00e9-Theater Essen<\/li>\n\n\n\n<li>26. Januar 2023: <a href=\"https:\/\/web.archive.org\/web\/20230127003214\/https:\/\/www.eurogress-aachen.de\/veranstaltungskalender\/dr-eckart-von-hirschhausen-2\" target=\"_blank\" rel=\"noreferrer noopener\">Dr. Eckart von Hirschhausen in Aachen<\/a> (sein letztes Programm)<\/li>\n\n\n\n<li>27. Januar 2023: Starlight Express in Bochum<\/li>\n\n\n\n<li>16. Februar 2023: Altweiberparty in D\u00fcsseldorf (Mauerstra\u00dfe)<\/li>\n\n\n\n<li>03. M\u00e4rz 2023: <a href=\"https:\/\/salutsalon.de\" target=\"_blank\" rel=\"noreferrer noopener\">Salutsalon<\/a> Programm: <a href=\"https:\/\/youtu.be\/Gt_LG5OJyjU?si=XM7YhnSQX6aw9tEr\" target=\"_blank\" rel=\"noreferrer noopener\">Tr\u00e4ume<\/a> in D\u00fcsseldorf<\/li>\n\n\n\n<li>und im Juni 2023 freuen wir uns noch auf die Berliner Philharmoniker in der Waldb\u00fchne und Pink im Olympiastadion und Olli als Kr\u00fcmelmonster \ud83d\ude09<\/li>\n<\/ul>\n\n\n\n<h3 class=\"wp-block-heading\"><span class=\"ez-toc-section\" id=\"Ausfluege-und-Reisen-%E2%80%93-Berlin-wir-kommen\"><\/span>Ausfl\u00fcge und Reisen &#8211; Berlin wir kommen<span class=\"ez-toc-section-end\"><\/span><\/h3>\n\n\n\n<figure class=\"wp-block-image alignright has-custom-border is-style-rounded\"><a href=\"https:\/\/loeben.net\/blog\/wp-content\/uploads\/2022\/03\/RS3_Hanjo_2022.3web-scaled.jpg\"><img loading=\"lazy\" decoding=\"async\" width=\"150\" height=\"150\" src=\"https:\/\/loeben.net\/blog\/wp-content\/uploads\/2022\/03\/RS3_Hanjo_2022.3web-150x150.jpg\" alt=\"RS3 unter der Haube\" class=\"wp-image-854\" style=\"border-width:3px\" title=\"\"><\/a><figcaption class=\"wp-element-caption\">S\u00fcdtirol mit <br>400 Pferdchen erkunden<\/figcaption><\/figure>\n\n\n\n<figure class=\"wp-block-image alignleft size-full is-resized is-style-rounded\"><a href=\"https:\/\/loeben.net\/blog\/wp-content\/uploads\/2023\/03\/image.png\"><img loading=\"lazy\" decoding=\"async\" width=\"477\" height=\"550\" src=\"https:\/\/loeben.net\/blog\/wp-content\/uploads\/2023\/03\/image.png\" alt=\"\" class=\"wp-image-1793\" style=\"width:155px;height:179px\" title=\"\" srcset=\"https:\/\/loeben.net\/blog\/wp-content\/uploads\/2023\/03\/image.png 477w, https:\/\/loeben.net\/blog\/wp-content\/uploads\/2023\/03\/image-260x300.png 260w\" sizes=\"auto, (max-width: 477px) 100vw, 477px\" \/><\/a><figcaption class=\"wp-element-caption\">Bruneck S\u00fcdtirol<\/figcaption><\/figure>\n\n\n\n<p>Reisen werden wir auch und in trockenen T\u00fcchern ist die Reise nach Berlin. Olli wir kommen und wir  werden das Versprechen vom 22. Oktober 2022 einl\u00f6sen. \ud83d\ude09 Auch m\u00f6chte ich einige Dinge besichtigen, die ich zuletzt in den 80igern gesehen habe. Das &#8222;<a href=\"https:\/\/www.go-in-berlin.com\/infos\" target=\"_blank\" rel=\"noreferrer noopener\">Go in<\/a>&#8220; in dem ich <a href=\"https:\/\/de.wikipedia.org\/wiki\/J%C3%BCrgen_von_der_Lippe\" target=\"_blank\" rel=\"noreferrer noopener\">Herrn Dohrenkamp<\/a> kennen lernen konnte, geh\u00f6rt leider nicht dazu, weil das &#8222;Go in&#8220; inzwischen Kultur-Geschichte ist. Daf\u00fcr gibt es aber einige Ort, in denen ich mit meiner damals in Berlin lebenden j\u00fcngsten Schwester Angela gefeiert und Spa\u00df gehabt habe, die immer eine Reise wert sind.<\/p>\n\n\n\n<p>Unsere allj\u00e4hrliches traditionelles Auditreffen in der Alpenregion mit dem Kern des <a href=\"https:\/\/www.motor-talk.de\/forum\/nrw-stammtisch-t3269943.html\" target=\"_blank\" rel=\"noreferrer noopener\">Motortalk NRW Audi-Stammtisch<\/a>es f\u00fchrt uns diesmal nach <a href=\"https:\/\/de.wikipedia.org\/wiki\/Bruneck\" target=\"_blank\" rel=\"noreferrer noopener\">Bruneck<\/a> und u.a. in das Pustertal. F\u00fcr 2024 haben wir jetzt schon die Region um den Gardasee auch ohne Auditreffen im Fokus.<\/p>\n\n\n\n<h2 class=\"wp-block-heading\"><span class=\"ez-toc-section\" id=\"Ausblick-auf-2023-2024\"><\/span>Ausblick auf 2023 &amp; 2024<span class=\"ez-toc-section-end\"><\/span><\/h2>\n\n\n\n<figure class=\"wp-block-image alignright size-full has-custom-border is-style-default\"><img decoding=\"async\" src=\"https:\/\/loeben.net\/blog\/wp-content\/uploads\/2011\/08\/sofitel.altar_.jpg\" alt=\"Sofitel Altar\" class=\"wp-image-70\" style=\"border-width:3px\" title=\"\"><figcaption class=\"wp-element-caption\">Blick vom Sofitel Resort auf den Golf von Thailand<\/figcaption><\/figure>\n\n\n\n<p>Ob wir in 2023 <a href=\"https:\/\/www.linkedin.com\/in\/jan-weisheit-653592210\" target=\"_blank\" rel=\"noreferrer noopener\">Jan Weisheit<\/a> wiedersehen werden und uns auf einen neunten Aufenthalt in unserem geliebtem &#8222;Sofitel&#8220; freuen k\u00f6nnen, steht noch in den Sternen. Bei unserem ersten Urlaub hie\u00df die Anlage &#8222;<a href=\"https:\/\/loeben.net\/blog\/hua-hin-the-place-to-be\/\" data-type=\"post\" data-id=\"74\" target=\"_blank\" rel=\"noreferrer noopener\">Centara Grand Beach Resort &amp; Villas Hua Hin<\/a>&#8220; noch &#8222;Sofitel Grand Beach Resort &amp; Villas Hua Hin&#8220; und wird f\u00fcr uns immer das &#8222;Sofitel&#8220; bleiben. Wer uns kennt, der wei\u00df, dass wir eher Asien- als Karibik-Fans sind. In Fernost haben wir schon viele Regionen besucht. Bangkok, Chiang Mai beim leider Dezember 2019 verstorbenen Exkollegen Rainald Prinzensing, Hongkong, Singapur, Denpasar, Hanoi, Ho-Chi.Minh-Stadt, Phom Penh und Kuala Lumpur, kennen wir schon. Stets haben wir nach Cha Am unser geliebtes <a href=\"https:\/\/de.wikipedia.org\/wiki\/Hua_Hin\" target=\"_blank\" rel=\"noreferrer noopener\">Hua Hin<\/a> zum Abschluss einer Asienreise angesteuert. Nach mehreren Rundreisen in Thailand, einer Rundreise in Vietnam und Kambodscha wollen wir sp\u00e4testens 2024 wieder ein neues Fernost-Rundreisenziel entdecken. Wir denken \u00fcber Taiwan nach, solange dort eher demokratische Verh\u00e4ltnisse vorherrschen. Ich k\u00f6nnte mir als Asienziel auch noch S\u00fcdkorea vorstellen. Schaun wir mal&#8230;<\/p>\n\n\n\n<p>In diesem Sinne einen guten Start in eine Fr\u00fchlingswoche, herzlichst euer<\/p>\n\n\n\n<figure class=\"wp-block-image size-full is-resized\"><img loading=\"lazy\" decoding=\"async\" width=\"512\" height=\"512\" src=\"https:\/\/loeben.net\/blog\/wp-content\/uploads\/2022\/03\/cropped-Unterschrift.Hanjo_.jpg\" alt=\"Hanjo Schriftzug\" class=\"wp-image-856\" style=\"width:128px;height:128px\" title=\"\" srcset=\"https:\/\/loeben.net\/blog\/wp-content\/uploads\/2022\/03\/cropped-Unterschrift.Hanjo_.jpg 512w, https:\/\/loeben.net\/blog\/wp-content\/uploads\/2022\/03\/cropped-Unterschrift.Hanjo_-300x300.jpg 300w, https:\/\/loeben.net\/blog\/wp-content\/uploads\/2022\/03\/cropped-Unterschrift.Hanjo_-150x150.jpg 150w, https:\/\/loeben.net\/blog\/wp-content\/uploads\/2022\/03\/cropped-Unterschrift.Hanjo_-270x270.jpg 270w, https:\/\/loeben.net\/blog\/wp-content\/uploads\/2022\/03\/cropped-Unterschrift.Hanjo_-192x192.jpg 192w, https:\/\/loeben.net\/blog\/wp-content\/uploads\/2022\/03\/cropped-Unterschrift.Hanjo_-180x180.jpg 180w, https:\/\/loeben.net\/blog\/wp-content\/uploads\/2022\/03\/cropped-Unterschrift.Hanjo_-32x32.jpg 32w\" sizes=\"auto, (max-width: 512px) 100vw, 512px\" \/><figcaption class=\"wp-element-caption\">Loeben<\/figcaption><\/figure>\n","protected":false},"excerpt":{"rendered":"<p>Was hat die Loebens aus Kaarst in 2021 und 2022 besch\u00e4ftigt und was sind die Folgen? Die Highlights in 2021 und 2022 waren gepr\u00e4gt von der COVID-19 Pandemie, einem Krieg in Europa, der Vorbereitung neuer Ziele, dem IT.NRW Abschied, neuen Freiheiten, diversen Konzerten und Tagesausfl\u00fcgen und Reisen und unserer schrumpfenden Kaufkraft. Nach dem Wasserschaden hat [&hellip;]<\/p>\n","protected":false},"author":1,"featured_media":0,"comment_status":"open","ping_status":"open","sticky":true,"template":"","format":"standard","meta":{"site-sidebar-layout":"default","site-content-layout":"","ast-site-content-layout":"default","site-content-style":"default","site-sidebar-style":"default","ast-global-header-display":"","ast-banner-title-visibility":"","ast-main-header-display":"","ast-hfb-above-header-display":"","ast-hfb-below-header-display":"","ast-hfb-mobile-header-display":"","site-post-title":"","ast-breadcrumbs-content":"","ast-featured-img":"","footer-sml-layout":"","ast-disable-related-posts":"","theme-transparent-header-meta":"","adv-header-id-meta":"","stick-header-meta":"","header-above-stick-meta":"","header-main-stick-meta":"","header-below-stick-meta":"","astra-migrate-meta-layouts":"set","ast-page-background-enabled":"default","ast-page-background-meta":{"desktop":{"background-color":"var(--ast-global-color-4)","background-image":"","background-repeat":"repeat","background-position":"center center","background-size":"auto","background-attachment":"scroll","background-type":"","background-media":"","overlay-type":"","overlay-color":"","overlay-opacity":"","overlay-gradient":""},"tablet":{"background-color":"","background-image":"","background-repeat":"repeat","background-position":"center center","background-size":"auto","background-attachment":"scroll","background-type":"","background-media":"","overlay-type":"","overlay-color":"","overlay-opacity":"","overlay-gradient":""},"mobile":{"background-color":"","background-image":"","background-repeat":"repeat","background-position":"center center","background-size":"auto","background-attachment":"scroll","background-type":"","background-media":"","overlay-type":"","overlay-color":"","overlay-opacity":"","overlay-gradient":""}},"ast-content-background-meta":{"desktop":{"background-color":"var(--ast-global-color-5)","background-image":"","background-repeat":"repeat","background-position":"center center","background-size":"auto","background-attachment":"scroll","background-type":"","background-media":"","overlay-type":"","overlay-color":"","overlay-opacity":"","overlay-gradient":""},"tablet":{"background-color":"var(--ast-global-color-5)","background-image":"","background-repeat":"repeat","background-position":"center center","background-size":"auto","background-attachment":"scroll","background-type":"","background-media":"","overlay-type":"","overlay-color":"","overlay-opacity":"","overlay-gradient":""},"mobile":{"background-color":"var(--ast-global-color-5)","background-image":"","background-repeat":"repeat","background-position":"center center","background-size":"auto","background-attachment":"scroll","background-type":"","background-media":"","overlay-type":"","overlay-color":"","overlay-opacity":"","overlay-gradient":""}},"footnotes":""},"categories":[11,7],"tags":[465,881,878,267,868,490,876,879,22,260,873,368,433,416,886,794,43,49,874,801,800,778,37,871,869,882,884,24,867,880,877,256,787,802,883,261,870,885,90,872],"class_list":["post-1570","post","type-post","status-publish","format-standard","hentry","category-hanjo-loeben","category-familie","tag-abschied","tag-berliner-philharmoniker","tag-brian-adams","tag-two-bedroom-duplex-suite-centara-grand-beach-resort-villas-hua-hin","tag-covid-19","tag-die-kaarster-loebens","tag-dr-eckart-von-hirschhausen","tag-gop-variete-essen","tag-hanjo-loeben","tag-hua-hin","tag-inflation","tag-it-nrw","tag-it-nrw-webhosting","tag-jan-weisheit","tag-kambodscha","tag-landesbetrieb-it-nrw","tag-loeben","tag-loeben-net","tag-membox","tag-nrw-audi-stammtisch","tag-nrw-audi-stammtisch-alpentour","tag-nrw-soforthilfe","tag-open-source-software","tag-operation-z","tag-pfalztour","tag-pink","tag-rainald-prinzensing","tag-renate-buchholz-loeben","tag-ruhestand","tag-salutsalon","tag-simply-red","tag-sofitel","tag-soforthilfe2020","tag-spargeltour","tag-taiwan","tag-thailand","tag-ukraine","tag-vietnam","tag-www-loeben-net","tag-zeitenwende"],"_links":{"self":[{"href":"https:\/\/loeben.net\/blog\/wp-json\/wp\/v2\/posts\/1570","targetHints":{"allow":["GET"]}}],"collection":[{"href":"https:\/\/loeben.net\/blog\/wp-json\/wp\/v2\/posts"}],"about":[{"href":"https:\/\/loeben.net\/blog\/wp-json\/wp\/v2\/types\/post"}],"author":[{"embeddable":true,"href":"https:\/\/loeben.net\/blog\/wp-json\/wp\/v2\/users\/1"}],"replies":[{"embeddable":true,"href":"https:\/\/loeben.net\/blog\/wp-json\/wp\/v2\/comments?post=1570"}],"version-history":[{"count":154,"href":"https:\/\/loeben.net\/blog\/wp-json\/wp\/v2\/posts\/1570\/revisions"}],"predecessor-version":[{"id":3472,"href":"https:\/\/loeben.net\/blog\/wp-json\/wp\/v2\/posts\/1570\/revisions\/3472"}],"wp:attachment":[{"href":"https:\/\/loeben.net\/blog\/wp-json\/wp\/v2\/media?parent=1570"}],"wp:term":[{"taxonomy":"category","embeddable":true,"href":"https:\/\/loeben.net\/blog\/wp-json\/wp\/v2\/categories?post=1570"},{"taxonomy":"post_tag","embeddable":true,"href":"https:\/\/loeben.net\/blog\/wp-json\/wp\/v2\/tags?post=1570"}],"curies":[{"name":"wp","href":"https:\/\/api.w.org\/{rel}","templated":true}]}}